{"id":1183,"date":"2024-06-30T06:48:00","date_gmt":"2024-06-30T06:48:00","guid":{"rendered":"https:\/\/revistaquiote.org\/?p=1183"},"modified":"2024-07-01T18:56:55","modified_gmt":"2024-07-01T18:56:55","slug":"el-mestizaje-mexicano-y-la-impertinencia-de-ser-lo-que-sea","status":"publish","type":"post","link":"https:\/\/revistaquiote.org\/?p=1183","title":{"rendered":"EL MESTIZAJE MEXICANO Y LA IMPERTINENCIA DE SER LO QUE SEA"},"content":{"rendered":"<p>[et_pb_section fb_built=\u00bb1&#8243; _builder_version=\u00bb4.21.0&#8243; _module_preset=\u00bbdefault\u00bb background_color=\u00bbRGBA(255,255,255,0)\u00bb custom_margin=\u00bb||-25px|||\u00bb custom_padding=\u00bb||0px|||\u00bb global_colors_info=\u00bb{}\u00bb theme_builder_area=\u00bbpost_content\u00bb][et_pb_row _builder_version=\u00bb4.21.0&#8243; _module_preset=\u00bbdefault\u00bb custom_padding=\u00bb||0px|||\u00bb global_colors_info=\u00bb{}\u00bb theme_builder_area=\u00bbpost_content\u00bb][et_pb_column type=\u00bb4_4&#8243; _builder_version=\u00bb4.21.0&#8243; _module_preset=\u00bbdefault\u00bb global_colors_info=\u00bb{}\u00bb theme_builder_area=\u00bbpost_content\u00bb][et_pb_text _builder_version=\u00bb4.21.0&#8243; _module_preset=\u00bbdefault\u00bb background_enable_color=\u00bboff\u00bb custom_padding=\u00bb||50px|||\u00bb global_colors_info=\u00bb{}\u00bb theme_builder_area=\u00bbpost_content\u00bb]<\/p>\n<p class=\"p1\"><strong>PEDRO M\u00c1RQUEZ NAVA<span class=\"s1\"><\/span><\/strong><\/p>\n<p class=\"p1\"><strong><span class=\"s1\"><\/span><\/strong><\/p>\n<p class=\"p1\"><text class=\"_textbox_1ythq_15\" direction=\"ltr\" height=\"5.81915283203125\" lengthadjust=\"spacingAndGlyphs\" textlength=\"388.869758605957\" x=\"78.0232772827148\" y=\"-624.940002441406\" data-test=\"textbox\"><span style=\"font-size: 15px;\"><strong>Una vez m\u00e1s la maldita duda que nos ha acechado durante mucho tiempo,<\/strong> \u00bfqu\u00e9 es ser mexicana y mexicano? Probablemente tu mente te lleve a las siguientes im\u00e1genes y sonidos: un estadio de f\u00fatbol con muchas playeras verdes, fotos en blanco y negro de Pedro Infante o Frida Khalo, el \u00c1ngel de la Independencia, tacos, pozole y dem\u00e1s delicias. Todo eso mientras de fondo suena el Huapango de Moncayo. Un simple y gran comercial. \u00bfEn serio eso es M\u00e9xico? No lo es, entonces \u00bfqu\u00e9 es?<br \/><\/span><\/text>\u00a0 \u00a0 \u00a0 \u00a0 \u00a0 La propuesta que hago es usar nuestra Historia como agente exorcizador del desde\u00f1amiento del inter\u00e9s nacional. Ante los problemas internos del pa\u00eds, el conocer nuestra experiencia pasada, ver el \u00e9xito y fracaso de otros que est\u00e1n en una posici\u00f3n similar a la nuestra, nos puede dar una herramienta base y rectora de nuestro comportamiento y posici\u00f3n pol\u00edtica. Asumo que ponernos de acuerdo en hechos (sic) es el pegamento que nos hace falta, que no es lo mismo que llegar a un pensamiento \u00fanico.<span class=\"Apple-converted-space\"><br \/>\u00a0 \u00a0 \u00a0 \u00a0 \u00a0 <\/span>Nuestra circunstancia crono-geogr\u00e1fica nos ha llevado por el sinuoso camino para buscar c\u00f3mo conducirnos hacia el desarrollo y a defendernos de amenazas externas que atentan en contra de nuestra soberan\u00eda. Todo esto al mismo tiempo que no sab\u00edamos qu\u00e9 era el \u201cmexicano\u201d. El concepto de naci\u00f3n, aunque haya sido europeo, nos es familiar a todos los humanos que hablamos una lengua en com\u00fan, nos alimentamos de forma similar y contamos con los mismos ritos sociales.<br \/>\u00a0 \u00a0 \u00a0 \u00a0 \u00a0 Al tratar de unificar los conceptos de naci\u00f3n y mexicano, nos encontramos ante un aparente vac\u00edo que, m\u00e1s pronto que tarde, nos evoca a ese comercial de televisi\u00f3n (\u00bfen qu\u00e9 pensar\u00edan los mexicanos ante la misma pregunta antes de los comerciales?). Ese vac\u00edo se origina en el hecho de que M\u00e9xico es un concepto que tiene menos de 200 a\u00f1os de existencia; sin embargo, nuestro acervo cultural tiene miles de a\u00f1os.<\/p>\n<blockquote>\n<p class=\"p1\">Es a prop\u00f3sito que saco la palabra <em>M\u00e9xico<\/em>: \u00bfsabemos qu\u00e9 significa? Seguramente una parte dir\u00e1 que no sabe, el resto dir\u00e1 que es \u201cel ombligo de la luna\u201d. No debatir\u00e9 el significado aqu\u00ed, para eso podemos (y propongo que debemos) leer <em>Historia del nombre y de la fundaci\u00f3n de M\u00e9xico<\/em> de Gutierre Tib\u00f3n. Lo que quiero que pensemos es sobre nuestra incapacidad de tener un consenso verdadero y \u00fanico del significado del nombre de nuestro pa\u00eds. Esa falta de conocimiento ha sido (y es) nuestra ancla que nos impide pensar y dialogar, en todos los niveles de nuestra vida, en un desarrollo sostenido para el pa\u00eds.<\/p>\n<\/blockquote>\n<p class=\"p1\"><span class=\"Apple-converted-space\">\u00a0 \u00a0 \u00a0 \u00a0 \u00a0 <\/span>Durante nuestra historia de relaciones internacionales con las potencias extranjeras, hemos tenido dos tipos de negociadores, a veces mezclados en una sola persona, ante los rudos embates del siglo <span class=\"s1\">XIX <\/span>con el prop\u00f3sito de buscar el cobijo de potencias para disuadir a otras de da\u00f1arnos mientras reun\u00edamos fuerzas para comenzar el (solitario y soberano) camino del desarrollo: de un lado estaban aquellos que ve\u00edan que no pod\u00edamos tener una naci\u00f3n soberana y ped\u00edan ayuda a cambio de entregar por completo el territorio y su gobierno; por el otro, quienes pensaban que el \u00fanico camino asequible era el de la soberan\u00eda. Ambas posiciones siguen vivas al d\u00eda de hoy.<br \/>\u00a0 \u00a0 \u00a0 \u00a0 \u00a0 Las guerras civiles dentro de M\u00e9xico en todo el siglo antepasado me hacen reflexionar sobre la falta de un proyecto nacional anclado en una identidad y que, como consecuencia, nos formar\u00eda un inter\u00e9s nacional s\u00f3lido e inmutable. Pienso que el problema no fue, ni es la pluralidad de pensamiento, etnias o lenguas de nuestro pa\u00eds; el problema radica en que carecemos de una identidad nacional en la que la mayor parte del tiempo sobrepongamos a nuestro inter\u00e9s soberano sobre el particular o el extranjero.<span class=\"Apple-converted-space\"><br \/>\u00a0 \u00a0 \u00a0 \u00a0 \u00a0 <\/span>Pongo a consideraci\u00f3n una cita de 1848 de Lord Palmerston, Secretario de Relaciones Exteriores del Reino Unido, ante los acontecimientos europeos de entonces: \u201c&#8230;s\u00f3lo nuestros intereses son eternos y perpetuos, y es nuestro deber ser fieles a esos intereses\u201d. Para m\u00ed, es claro que la educaci\u00f3n p\u00fablica, desde el triunfo de la Revoluci\u00f3n, vio el mismo problema del que hoy hablo. Su soluci\u00f3n fue usar la educaci\u00f3n (posteriormente p\u00fablica) para la formaci\u00f3n de ciudadanos mexicanos universales. La \u201craza c\u00f3smica\u201d, al no ser inmutable, que se expresa en nuestro esp\u00edritu es de visi\u00f3n corta al futuro. Basada en una idea falsa (el darwinismo social tan popular de finales del s. XIX) y pr\u00e1cticamente desaparecer el pasado milenario y plural de las naciones ind\u00edgenas.<span class=\"Apple-converted-space\"><br \/>\u00a0 \u00a0 \u00a0 \u00a0 \u00a0 <\/span>Parece que una gran mayor\u00eda de nuestras pol\u00edticas atacan el momento presente y pocas de ellas ven por un futuro donde nuestra unidad es lo vital. Es verdad que ahora somos producto de una mezcla de muchas historias, pero el que hayamos absorbido esa soledad laber\u00edntica mediante una imposici\u00f3n es lo que nos ha llevado a desentendernos de nuestro entorno y de nuestra gente. Me parece que la situaci\u00f3n en M\u00e9xico, a partir de 1982, ha ido marcadamente en contra de nuestro inter\u00e9s, nos hemos metido en esa espiral que diluye nuestro esp\u00edritu propio, de por s\u00ed ya bastante golpeado por las \u00e9lites que gobernaron el pa\u00eds.<\/p>\n<blockquote>\n<p class=\"p1\"><span class=\"Apple-converted-space\"><\/span>Otro pensamiento que es recurrente en m\u00ed es que nuestra historia aprehendida a lo largo de nuestras vidas nos ha llevado por el camino del individualismo. El falso argumento en el cual nuestro destino est\u00e1 siendo forjado por nuestro esfuerzo, no se sostiene ante la realidad de millones de personas que viven en la pobreza. Por el contrario, el que 5.7 millones de personas en todo el pa\u00eds hayan salido de la pobreza y 1.8 millones de la pobreza extrema no fue un esfuerzo individual, ni de ellos ni del gobierno actual o de las empresas. Es un logro al cual todos contribuimos: son los impuestos que casi todos pagamos, la visi\u00f3n y misi\u00f3n humanitaria de ver por aquellos menos favorecidos, y muchos otros factores que lograron esa haza\u00f1a que muchos solamente so\u00f1\u00e1bamos. \u00bfNo es ese uno de nuestros intereses nacionales?<\/p>\n<\/blockquote>\n<p class=\"p1\">\u00a0 \u00a0 \u00a0 \u00a0 \u00a0 Y, por el contrario, el olvidarnos de c\u00f3mo hemos llegado al d\u00eda de hoy, pensando que la soluci\u00f3n actual servir\u00e1 s\u00f3lo para hoy. Un ejemplo es el problema de inseguridad en el pa\u00eds. Unos est\u00e1n errados en pensar que la soluci\u00f3n iba a llegar por decreto, y los otros tambi\u00e9n al pensar que el problema no tiene ra\u00edces hist\u00f3ricas, con nombres y apellidos. En este y muchos otros casos, el conocimiento hol\u00edstico nos da las herramientas necesarias para obtener ideas innovadoras que son capaces de enfrentar la realidad, \u00bfno es esto tambi\u00e9n de nuestro inter\u00e9s?<br \/>\u00a0 \u00a0 \u00a0 \u00a0 \u00a0 Ser\u00e1 que la nueva \u201cpolarizaci\u00f3n\u201d o \u201cdespertar de las consciencias\u201d por fin nos pueda poner al pie de la escalera de una sociedad mejor informada y con mejor prospectiva<span style=\"font-size: 15px;\">.<br \/><\/span>\u00a0 \u00a0 \u00a0 \u00a0 \u00a0 Aplaudo que en los \u00faltimos a\u00f1os haya un agente desestabilizador del estancado pensar pol\u00edtico, pero ese estancamiento no est\u00e1 plenamente ligado a lo mental, sino que tambi\u00e9n est\u00e1 en nuestro actuar. Tito Fuentes explic\u00f3 este sentimiento de la siguiente manera: \u201cEmpiezas a analizar y te empiezas a emputar, es una cosa normal del ciudadano mexicano, vas creciendo y te vas emputando\u201d.<span class=\"Apple-converted-space\"><br \/>\u00a0 \u00a0 \u00a0 \u00a0 \u00a0 <\/span>Saquemos la cabeza de nuestro ombligo por un momento y veamos que, al mismo tiempo que lees esto, el Sur-global est\u00e1 haciendo un llamado claro y fuerte por los intereses nacionales, no en el sentido individualista, pero en el reconocimiento mutuo de aquellos intereses que convergen en el sentido amplio de cooperaci\u00f3n.<span class=\"Apple-converted-space\"><br \/>\u00a0 \u00a0 \u00a0 \u00a0 \u00a0 <\/span>Y esta cooperaci\u00f3n, a su vez, refleja el sentido profundamente hist\u00f3rico del llamamiento a que todos formamos parte de este mundo y compartimos el mismo destino. Una de las discusiones que Confucio dej\u00f3 al mundo dice: <span class=\"s1\">\u9053\u4e0d\u540c\uff0c\u4e0d\u76f8\u4e3a\u8c0b <\/span>que aplicado a nuestro di\u00e1logo se puede traducir a \u201csi las personas tienen diferentes caminos (intereses), no podr\u00e1n realmente planear (colaborar)\u201d.<span class=\"Apple-converted-space\"><br \/>\u00a0 \u00a0 \u00a0 \u00a0 \u00a0 <\/span>Es el neoliberalismo, en su parte cultural, la que ha querido diluir el nacionalismo de los pa\u00edses a favor de unos cuantos. La realidad es que en muchos lugares del planeta han hecho absolutamente lo contrario, la mayor\u00eda de los Estados-naci\u00f3n no han perdido su inter\u00e9s en seguir vivos, \u00bfpor qu\u00e9 en algunos de nosotros parece que s\u00ed?<br \/>\u00a0 \u00a0 \u00a0 \u00a0 \u00a0 Finalmente, \u00bfqu\u00e9 podemos hacer en nuestra vida diaria? Tomar nuestras decisiones basadas en el bien com\u00fan. No se nace con la habilidad de hacerlo, como cualquier otra, hay que practicarla. Una parte nos corresponde a cada uno y otra tanto a la comunidad: leer uno de los miles de libros que hemos producido, exigir y buscar la verdad. Si te queda tiempo intenta aprender una lengua ind\u00edgena, ve a tu museo de historia m\u00e1s cercano, aprende a cocinar un platillo t\u00edpico nuevo. Espero que finalmente hablemos entre todos. No tenemos que repetir la misma receta cada seis a\u00f1os; la memoria hist\u00f3rica est\u00e1 ah\u00ed, solo hay que saber reconocerla. Todo esto es en lo individual, el \u00e1mbito p\u00fablico es diferente. En la pr\u00f3xima entrega plantear\u00e9 lo que hizo China para consolidar en la poblaci\u00f3n lo que su gobierno considera de inter\u00e9s nacional y cu\u00e1les han sido sus resultados.<\/p>\n<p class=\"p1\">Y bien, para ti \u00bfqu\u00e9 es el ser mexicana y mexicano?<\/p>\n<p>[\/et_pb_text][\/et_pb_column][\/et_pb_row][\/et_pb_section]<\/p>\n","protected":false},"excerpt":{"rendered":"<p>PEDRO M\u00c1RQUEZ NAVA Una vez m\u00e1s la maldita duda que nos ha acechado durante mucho tiempo, \u00bfqu\u00e9 es ser mexicana y mexicano? Probablemente tu mente te lleve a las siguientes im\u00e1genes y sonidos: un estadio de f\u00fatbol con muchas playeras verdes, fotos en blanco y negro de Pedro Infante o Frida Khalo, el \u00c1ngel de [&hellip;]<\/p>\n","protected":false},"author":1,"featured_media":1184,"comment_status":"open","ping_status":"closed","sticky":false,"template":"","format":"standard","meta":{"_et_pb_use_builder":"on","_et_pb_old_content":"","_et_gb_content_width":"","_jetpack_memberships_contains_paid_content":false,"footnotes":""},"categories":[97],"tags":[],"ppma_author":[111],"class_list":["post-1183","post","type-post","status-publish","format-standard","has-post-thumbnail","hentry","category-numero-uno"],"yoast_head":"<!-- This site is optimized with the Yoast SEO plugin v27.3 - https:\/\/yoast.com\/product\/yoast-seo-wordpress\/ -->\n<title>EL MESTIZAJE MEXICANO Y LA IMPERTINENCIA DE SER LO QUE SEA - REVISTA QUIOTE<\/title>\n<meta name=\"robots\" content=\"index, follow, max-snippet:-1, max-image-preview:large, max-video-preview:-1\" \/>\n<link rel=\"canonical\" href=\"https:\/\/revistaquiote.org\/?p=1183\" \/>\n<meta property=\"og:locale\" content=\"es_ES\" \/>\n<meta property=\"og:type\" content=\"article\" \/>\n<meta property=\"og:title\" content=\"EL MESTIZAJE MEXICANO Y LA IMPERTINENCIA DE SER LO QUE SEA - REVISTA QUIOTE\" \/>\n<meta property=\"og:description\" content=\"PEDRO M\u00c1RQUEZ NAVA Una vez m\u00e1s la maldita duda que nos ha acechado durante mucho tiempo, \u00bfqu\u00e9 es ser mexicana y mexicano? Probablemente tu mente te lleve a las siguientes im\u00e1genes y sonidos: un estadio de f\u00fatbol con muchas playeras verdes, fotos en blanco y negro de Pedro Infante o Frida Khalo, el \u00c1ngel de [&hellip;]\" \/>\n<meta property=\"og:url\" content=\"https:\/\/revistaquiote.org\/?p=1183\" \/>\n<meta property=\"og:site_name\" content=\"REVISTA QUIOTE\" \/>\n<meta property=\"article:publisher\" content=\"https:\/\/www.facebook.com\/profile.php?id=61581285934903&amp;rdid=NyTBdLDXXt5DTPla&amp;share_url=httpswww.facebook.comshare16XQGGa34v#\" \/>\n<meta property=\"article:published_time\" content=\"2024-06-30T06:48:00+00:00\" \/>\n<meta property=\"article:modified_time\" content=\"2024-07-01T18:56:55+00:00\" \/>\n<meta property=\"og:image\" content=\"https:\/\/revistaquiote.org\/wp-content\/uploads\/2024\/06\/quiote_id_n01.art01-1024x614.png\" \/>\n\t<meta property=\"og:image:width\" content=\"1024\" \/>\n\t<meta property=\"og:image:height\" content=\"614\" \/>\n\t<meta property=\"og:image:type\" content=\"image\/png\" \/>\n<meta name=\"author\" content=\"Pedro M\u00e1rquez Nava\" \/>\n<meta name=\"twitter:card\" content=\"summary_large_image\" \/>\n<meta name=\"twitter:creator\" content=\"@RQuiote\" \/>\n<meta name=\"twitter:site\" content=\"@RQuiote\" \/>\n<meta name=\"twitter:label1\" content=\"Escrito por\" \/>\n\t<meta name=\"twitter:data1\" content=\"Miguel Torres\" \/>\n\t<meta name=\"twitter:label2\" content=\"Tiempo de lectura\" \/>\n\t<meta name=\"twitter:data2\" content=\"9 minutos\" \/>\n<script type=\"application\/ld+json\" class=\"yoast-schema-graph\">{\"@context\":\"https:\\\/\\\/schema.org\",\"@graph\":[{\"@type\":\"Article\",\"@id\":\"https:\\\/\\\/revistaquiote.org\\\/?p=1183#article\",\"isPartOf\":{\"@id\":\"https:\\\/\\\/revistaquiote.org\\\/?p=1183\"},\"author\":{\"name\":\"Miguel Torres\",\"@id\":\"https:\\\/\\\/revistaquiote.org\\\/#\\\/schema\\\/person\\\/d7a3f9ed4669a5897b231922e7fc292e\"},\"headline\":\"EL MESTIZAJE MEXICANO Y LA IMPERTINENCIA DE SER LO QUE SEA\",\"datePublished\":\"2024-06-30T06:48:00+00:00\",\"dateModified\":\"2024-07-01T18:56:55+00:00\",\"mainEntityOfPage\":{\"@id\":\"https:\\\/\\\/revistaquiote.org\\\/?p=1183\"},\"wordCount\":1715,\"commentCount\":0,\"publisher\":{\"@id\":\"https:\\\/\\\/revistaquiote.org\\\/#organization\"},\"image\":{\"@id\":\"https:\\\/\\\/revistaquiote.org\\\/?p=1183#primaryimage\"},\"thumbnailUrl\":\"https:\\\/\\\/revistaquiote.org\\\/wp-content\\\/uploads\\\/2024\\\/06\\\/quiote_id_n01.art01.png\",\"articleSection\":[\"N\u00daMERO UNO\"],\"inLanguage\":\"es\",\"potentialAction\":[{\"@type\":\"CommentAction\",\"name\":\"Comment\",\"target\":[\"https:\\\/\\\/revistaquiote.org\\\/?p=1183#respond\"]}]},{\"@type\":\"WebPage\",\"@id\":\"https:\\\/\\\/revistaquiote.org\\\/?p=1183\",\"url\":\"https:\\\/\\\/revistaquiote.org\\\/?p=1183\",\"name\":\"EL MESTIZAJE MEXICANO Y LA IMPERTINENCIA DE SER LO QUE SEA - REVISTA QUIOTE\",\"isPartOf\":{\"@id\":\"https:\\\/\\\/revistaquiote.org\\\/#website\"},\"primaryImageOfPage\":{\"@id\":\"https:\\\/\\\/revistaquiote.org\\\/?p=1183#primaryimage\"},\"image\":{\"@id\":\"https:\\\/\\\/revistaquiote.org\\\/?p=1183#primaryimage\"},\"thumbnailUrl\":\"https:\\\/\\\/revistaquiote.org\\\/wp-content\\\/uploads\\\/2024\\\/06\\\/quiote_id_n01.art01.png\",\"datePublished\":\"2024-06-30T06:48:00+00:00\",\"dateModified\":\"2024-07-01T18:56:55+00:00\",\"breadcrumb\":{\"@id\":\"https:\\\/\\\/revistaquiote.org\\\/?p=1183#breadcrumb\"},\"inLanguage\":\"es\",\"potentialAction\":[{\"@type\":\"ReadAction\",\"target\":[\"https:\\\/\\\/revistaquiote.org\\\/?p=1183\"]}]},{\"@type\":\"ImageObject\",\"inLanguage\":\"es\",\"@id\":\"https:\\\/\\\/revistaquiote.org\\\/?p=1183#primaryimage\",\"url\":\"https:\\\/\\\/revistaquiote.org\\\/wp-content\\\/uploads\\\/2024\\\/06\\\/quiote_id_n01.art01.png\",\"contentUrl\":\"https:\\\/\\\/revistaquiote.org\\\/wp-content\\\/uploads\\\/2024\\\/06\\\/quiote_id_n01.art01.png\",\"width\":2084,\"height\":1250},{\"@type\":\"BreadcrumbList\",\"@id\":\"https:\\\/\\\/revistaquiote.org\\\/?p=1183#breadcrumb\",\"itemListElement\":[{\"@type\":\"ListItem\",\"position\":1,\"name\":\"Portada\",\"item\":\"https:\\\/\\\/revistaquiote.org\\\/\"},{\"@type\":\"ListItem\",\"position\":2,\"name\":\"EL MESTIZAJE MEXICANO Y LA IMPERTINENCIA DE SER LO QUE SEA\"}]},{\"@type\":\"WebSite\",\"@id\":\"https:\\\/\\\/revistaquiote.org\\\/#website\",\"url\":\"https:\\\/\\\/revistaquiote.org\\\/\",\"name\":\"REVISTA QUIOTE\",\"description\":\"N\u00daMERO SEIS\",\"publisher\":{\"@id\":\"https:\\\/\\\/revistaquiote.org\\\/#organization\"},\"potentialAction\":[{\"@type\":\"SearchAction\",\"target\":{\"@type\":\"EntryPoint\",\"urlTemplate\":\"https:\\\/\\\/revistaquiote.org\\\/?s={search_term_string}\"},\"query-input\":{\"@type\":\"PropertyValueSpecification\",\"valueRequired\":true,\"valueName\":\"search_term_string\"}}],\"inLanguage\":\"es\"},{\"@type\":\"Organization\",\"@id\":\"https:\\\/\\\/revistaquiote.org\\\/#organization\",\"name\":\"REVISTA QUIOTE\",\"url\":\"https:\\\/\\\/revistaquiote.org\\\/\",\"logo\":{\"@type\":\"ImageObject\",\"inLanguage\":\"es\",\"@id\":\"https:\\\/\\\/revistaquiote.org\\\/#\\\/schema\\\/logo\\\/image\\\/\",\"url\":\"https:\\\/\\\/revistaquiote.org\\\/wp-content\\\/uploads\\\/2023\\\/06\\\/Quiote-logo_01.png\",\"contentUrl\":\"https:\\\/\\\/revistaquiote.org\\\/wp-content\\\/uploads\\\/2023\\\/06\\\/Quiote-logo_01.png\",\"width\":1042,\"height\":417,\"caption\":\"REVISTA QUIOTE\"},\"image\":{\"@id\":\"https:\\\/\\\/revistaquiote.org\\\/#\\\/schema\\\/logo\\\/image\\\/\"},\"sameAs\":[\"https:\\\/\\\/www.facebook.com\\\/profile.php?id=61581285934903&rdid=NyTBdLDXXt5DTPla&share_url=httpswww.facebook.comshare16XQGGa34v#\",\"https:\\\/\\\/x.com\\\/RQuiote\",\"https:\\\/\\\/www.instagram.com\\\/revista.quiote\\\/\"]},{\"@type\":\"Person\",\"@id\":\"https:\\\/\\\/revistaquiote.org\\\/#\\\/schema\\\/person\\\/d7a3f9ed4669a5897b231922e7fc292e\",\"name\":\"Miguel Torres\",\"image\":{\"@type\":\"ImageObject\",\"inLanguage\":\"es\",\"@id\":\"https:\\\/\\\/secure.gravatar.com\\\/avatar\\\/00c77c9b45fb8ec83854a3fc58bb68a9455f554fb2ed7d93769f39cab7a2c6a4?s=96&d=mm&r=gd1fa56e4f1f0eb1983a3ad9f6827f3c2\",\"url\":\"https:\\\/\\\/secure.gravatar.com\\\/avatar\\\/00c77c9b45fb8ec83854a3fc58bb68a9455f554fb2ed7d93769f39cab7a2c6a4?s=96&d=mm&r=g\",\"contentUrl\":\"https:\\\/\\\/secure.gravatar.com\\\/avatar\\\/00c77c9b45fb8ec83854a3fc58bb68a9455f554fb2ed7d93769f39cab7a2c6a4?s=96&d=mm&r=g\",\"caption\":\"Miguel Torres\"},\"sameAs\":[\"https:\\\/\\\/revistaquiote.org\"],\"url\":\"https:\\\/\\\/revistaquiote.org\\\/?author=1\"}]}<\/script>\n<!-- \/ Yoast SEO plugin. -->","yoast_head_json":{"title":"EL MESTIZAJE MEXICANO Y LA IMPERTINENCIA DE SER LO QUE SEA - REVISTA QUIOTE","robots":{"index":"index","follow":"follow","max-snippet":"max-snippet:-1","max-image-preview":"max-image-preview:large","max-video-preview":"max-video-preview:-1"},"canonical":"https:\/\/revistaquiote.org\/?p=1183","og_locale":"es_ES","og_type":"article","og_title":"EL MESTIZAJE MEXICANO Y LA IMPERTINENCIA DE SER LO QUE SEA - REVISTA QUIOTE","og_description":"PEDRO M\u00c1RQUEZ NAVA Una vez m\u00e1s la maldita duda que nos ha acechado durante mucho tiempo, \u00bfqu\u00e9 es ser mexicana y mexicano? Probablemente tu mente te lleve a las siguientes im\u00e1genes y sonidos: un estadio de f\u00fatbol con muchas playeras verdes, fotos en blanco y negro de Pedro Infante o Frida Khalo, el \u00c1ngel de [&hellip;]","og_url":"https:\/\/revistaquiote.org\/?p=1183","og_site_name":"REVISTA QUIOTE","article_publisher":"https:\/\/www.facebook.com\/profile.php?id=61581285934903&rdid=NyTBdLDXXt5DTPla&share_url=httpswww.facebook.comshare16XQGGa34v#","article_published_time":"2024-06-30T06:48:00+00:00","article_modified_time":"2024-07-01T18:56:55+00:00","og_image":[{"width":1024,"height":614,"url":"https:\/\/revistaquiote.org\/wp-content\/uploads\/2024\/06\/quiote_id_n01.art01-1024x614.png","type":"image\/png"}],"author":"Pedro M\u00e1rquez Nava","twitter_card":"summary_large_image","twitter_creator":"@RQuiote","twitter_site":"@RQuiote","twitter_misc":{"Escrito por":"Miguel Torres","Tiempo de lectura":"9 minutos"},"schema":{"@context":"https:\/\/schema.org","@graph":[{"@type":"Article","@id":"https:\/\/revistaquiote.org\/?p=1183#article","isPartOf":{"@id":"https:\/\/revistaquiote.org\/?p=1183"},"author":{"name":"Miguel Torres","@id":"https:\/\/revistaquiote.org\/#\/schema\/person\/d7a3f9ed4669a5897b231922e7fc292e"},"headline":"EL MESTIZAJE MEXICANO Y LA IMPERTINENCIA DE SER LO QUE SEA","datePublished":"2024-06-30T06:48:00+00:00","dateModified":"2024-07-01T18:56:55+00:00","mainEntityOfPage":{"@id":"https:\/\/revistaquiote.org\/?p=1183"},"wordCount":1715,"commentCount":0,"publisher":{"@id":"https:\/\/revistaquiote.org\/#organization"},"image":{"@id":"https:\/\/revistaquiote.org\/?p=1183#primaryimage"},"thumbnailUrl":"https:\/\/revistaquiote.org\/wp-content\/uploads\/2024\/06\/quiote_id_n01.art01.png","articleSection":["N\u00daMERO UNO"],"inLanguage":"es","potentialAction":[{"@type":"CommentAction","name":"Comment","target":["https:\/\/revistaquiote.org\/?p=1183#respond"]}]},{"@type":"WebPage","@id":"https:\/\/revistaquiote.org\/?p=1183","url":"https:\/\/revistaquiote.org\/?p=1183","name":"EL MESTIZAJE MEXICANO Y LA IMPERTINENCIA DE SER LO QUE SEA - REVISTA QUIOTE","isPartOf":{"@id":"https:\/\/revistaquiote.org\/#website"},"primaryImageOfPage":{"@id":"https:\/\/revistaquiote.org\/?p=1183#primaryimage"},"image":{"@id":"https:\/\/revistaquiote.org\/?p=1183#primaryimage"},"thumbnailUrl":"https:\/\/revistaquiote.org\/wp-content\/uploads\/2024\/06\/quiote_id_n01.art01.png","datePublished":"2024-06-30T06:48:00+00:00","dateModified":"2024-07-01T18:56:55+00:00","breadcrumb":{"@id":"https:\/\/revistaquiote.org\/?p=1183#breadcrumb"},"inLanguage":"es","potentialAction":[{"@type":"ReadAction","target":["https:\/\/revistaquiote.org\/?p=1183"]}]},{"@type":"ImageObject","inLanguage":"es","@id":"https:\/\/revistaquiote.org\/?p=1183#primaryimage","url":"https:\/\/revistaquiote.org\/wp-content\/uploads\/2024\/06\/quiote_id_n01.art01.png","contentUrl":"https:\/\/revistaquiote.org\/wp-content\/uploads\/2024\/06\/quiote_id_n01.art01.png","width":2084,"height":1250},{"@type":"BreadcrumbList","@id":"https:\/\/revistaquiote.org\/?p=1183#breadcrumb","itemListElement":[{"@type":"ListItem","position":1,"name":"Portada","item":"https:\/\/revistaquiote.org\/"},{"@type":"ListItem","position":2,"name":"EL MESTIZAJE MEXICANO Y LA IMPERTINENCIA DE SER LO QUE SEA"}]},{"@type":"WebSite","@id":"https:\/\/revistaquiote.org\/#website","url":"https:\/\/revistaquiote.org\/","name":"REVISTA QUIOTE","description":"N\u00daMERO SEIS","publisher":{"@id":"https:\/\/revistaquiote.org\/#organization"},"potentialAction":[{"@type":"SearchAction","target":{"@type":"EntryPoint","urlTemplate":"https:\/\/revistaquiote.org\/?s={search_term_string}"},"query-input":{"@type":"PropertyValueSpecification","valueRequired":true,"valueName":"search_term_string"}}],"inLanguage":"es"},{"@type":"Organization","@id":"https:\/\/revistaquiote.org\/#organization","name":"REVISTA QUIOTE","url":"https:\/\/revistaquiote.org\/","logo":{"@type":"ImageObject","inLanguage":"es","@id":"https:\/\/revistaquiote.org\/#\/schema\/logo\/image\/","url":"https:\/\/revistaquiote.org\/wp-content\/uploads\/2023\/06\/Quiote-logo_01.png","contentUrl":"https:\/\/revistaquiote.org\/wp-content\/uploads\/2023\/06\/Quiote-logo_01.png","width":1042,"height":417,"caption":"REVISTA QUIOTE"},"image":{"@id":"https:\/\/revistaquiote.org\/#\/schema\/logo\/image\/"},"sameAs":["https:\/\/www.facebook.com\/profile.php?id=61581285934903&rdid=NyTBdLDXXt5DTPla&share_url=httpswww.facebook.comshare16XQGGa34v#","https:\/\/x.com\/RQuiote","https:\/\/www.instagram.com\/revista.quiote\/"]},{"@type":"Person","@id":"https:\/\/revistaquiote.org\/#\/schema\/person\/d7a3f9ed4669a5897b231922e7fc292e","name":"Miguel Torres","image":{"@type":"ImageObject","inLanguage":"es","@id":"https:\/\/secure.gravatar.com\/avatar\/00c77c9b45fb8ec83854a3fc58bb68a9455f554fb2ed7d93769f39cab7a2c6a4?s=96&d=mm&r=gd1fa56e4f1f0eb1983a3ad9f6827f3c2","url":"https:\/\/secure.gravatar.com\/avatar\/00c77c9b45fb8ec83854a3fc58bb68a9455f554fb2ed7d93769f39cab7a2c6a4?s=96&d=mm&r=g","contentUrl":"https:\/\/secure.gravatar.com\/avatar\/00c77c9b45fb8ec83854a3fc58bb68a9455f554fb2ed7d93769f39cab7a2c6a4?s=96&d=mm&r=g","caption":"Miguel Torres"},"sameAs":["https:\/\/revistaquiote.org"],"url":"https:\/\/revistaquiote.org\/?author=1"}]}},"jetpack_featured_media_url":"https:\/\/revistaquiote.org\/wp-content\/uploads\/2024\/06\/quiote_id_n01.art01.png","jetpack_sharing_enabled":true,"authors":[{"term_id":111,"user_id":0,"is_guest":1,"slug":"pedro-marquez-nava","display_name":"Pedro M\u00e1rquez Nava","avatar_url":"https:\/\/secure.gravatar.com\/avatar\/?s=96&d=mm&r=g","0":null,"1":"","2":"","3":"","4":"","5":"","6":"","7":"","8":""}],"_links":{"self":[{"href":"https:\/\/revistaquiote.org\/index.php?rest_route=\/wp\/v2\/posts\/1183","targetHints":{"allow":["GET"]}}],"collection":[{"href":"https:\/\/revistaquiote.org\/index.php?rest_route=\/wp\/v2\/posts"}],"about":[{"href":"https:\/\/revistaquiote.org\/index.php?rest_route=\/wp\/v2\/types\/post"}],"author":[{"embeddable":true,"href":"https:\/\/revistaquiote.org\/index.php?rest_route=\/wp\/v2\/users\/1"}],"replies":[{"embeddable":true,"href":"https:\/\/revistaquiote.org\/index.php?rest_route=%2Fwp%2Fv2%2Fcomments&post=1183"}],"version-history":[{"count":8,"href":"https:\/\/revistaquiote.org\/index.php?rest_route=\/wp\/v2\/posts\/1183\/revisions"}],"predecessor-version":[{"id":1198,"href":"https:\/\/revistaquiote.org\/index.php?rest_route=\/wp\/v2\/posts\/1183\/revisions\/1198"}],"wp:featuredmedia":[{"embeddable":true,"href":"https:\/\/revistaquiote.org\/index.php?rest_route=\/wp\/v2\/media\/1184"}],"wp:attachment":[{"href":"https:\/\/revistaquiote.org\/index.php?rest_route=%2Fwp%2Fv2%2Fmedia&parent=1183"}],"wp:term":[{"taxonomy":"category","embeddable":true,"href":"https:\/\/revistaquiote.org\/index.php?rest_route=%2Fwp%2Fv2%2Fcategories&post=1183"},{"taxonomy":"post_tag","embeddable":true,"href":"https:\/\/revistaquiote.org\/index.php?rest_route=%2Fwp%2Fv2%2Ftags&post=1183"},{"taxonomy":"author","embeddable":true,"href":"https:\/\/revistaquiote.org\/index.php?rest_route=%2Fwp%2Fv2%2Fppma_author&post=1183"}],"curies":[{"name":"wp","href":"https:\/\/api.w.org\/{rel}","templated":true}]}}