{"id":1296,"date":"2024-06-22T07:09:24","date_gmt":"2024-06-22T07:09:24","guid":{"rendered":"https:\/\/revistaquiote.org\/?p=1296"},"modified":"2024-07-01T19:00:21","modified_gmt":"2024-07-01T19:00:21","slug":"cronica-de-una-crisis-musical-inicio-de-un-renacimiento-la-musica-como-la-clave-del-cambio","status":"publish","type":"post","link":"https:\/\/revistaquiote.org\/?p=1296","title":{"rendered":"CR\u00d3NICA DE UNA CRISIS MUSICAL, INICIO DE UN RENACIMIENTO. LA M\u00daSICA COMO LA CLAVE DEL CAMBIO"},"content":{"rendered":"\n[et_pb_section fb_built=\u00bb1&#8243; theme_builder_area=\u00bbpost_content\u00bb _builder_version=\u00bb4.25.2&#8243; _module_preset=\u00bbdefault\u00bb][et_pb_row _builder_version=\u00bb4.25.2&#8243; _module_preset=\u00bbdefault\u00bb theme_builder_area=\u00bbpost_content\u00bb][et_pb_column _builder_version=\u00bb4.25.2&#8243; _module_preset=\u00bbdefault\u00bb type=\u00bb4_4&#8243; theme_builder_area=\u00bbpost_content\u00bb][et_pb_text _builder_version=\u00bb4.25.2&#8243; _module_preset=\u00bbdefault\u00bb theme_builder_area=\u00bbpost_content\u00bb hover_enabled=\u00bb0&#8243; sticky_enabled=\u00bb0&#8243;]<p style=\"text-align: right;\"><strong>La m\u00fasica es para el alma lo que la gimnasia para el cuerpo<\/strong><\/p>\n<p style=\"text-align: right;\"><strong>Plat\u00f3n<\/strong><\/p>\n<p>&nbsp;<\/p>\n<p>Todo marchaba con normalidad en el Conservatorio Nacional de M\u00fasica. Era 19 de septiembre de 2017. 13:13 pm. En los pasillos de mi alma m\u00e1ter se escuchaba una mezcla de obras musicales: un piano, por un lado, un tenor por el otro y m\u00e1s adelante un viol\u00edn desafinado perfeccionando la t\u00e9cnica.<\/p>\n<p>Yo me encontraba en el sal\u00f3n de m\u00fasica antigua en una clase de ensamble con un grupo de j\u00f3venes instrumentistas, un clavec\u00edn, una guitarra barroca, dos violines y un cello me acompa\u00f1aban en aquella sesi\u00f3n en la que una profesora revisaba <em>Mariposa de sus rayos <\/em>del compositor Novohispano Jos\u00e9 de Orej\u00f3n y Aparicio, maravillosa obra que est\u00e1 en todas las plataformas digitales de m\u00fasica. De pronto, todo cambi\u00f3, la realidad de los m\u00fasicos de aquella aula, al igual que para el resto de mexicanos, fue totalmente interrumpida por un movimiento tel\u00farico que, por lo menos, ning\u00fan alumno de la instituci\u00f3n hab\u00eda sentido antes en su vida.<\/p>\n<p>Las horas siguientes nos unificaron en nuestras acciones con la mayor\u00eda de los habitantes de la Ciudad de M\u00e9xico. Volv\u00ed a casa a pie con mi mejor amigo, todos quer\u00edan comunicarse con sus familiares, ten\u00edan miedo de una r\u00e9plica, hab\u00eda mucha tensi\u00f3n en las calles, algunas personas lloraban.<\/p>\n<p>\u201cNo camines cerca de los edificios, no fumes, no satures las redes, \u00bfhas visto el video del edificio derrumbado?, revisa con atenci\u00f3n tu casa\u201d. S\u00f3lo quer\u00eda llegar a casa para asegurarme que mi madre estuviera bien, viv\u00eda cerca de Tlatelolco.<\/p>\n<p>Dos d\u00edas despu\u00e9s del terremoto, ya con la mente m\u00e1s clara, se formaron numerosos grupos de estudiantes. Los m\u00fasicos no pod\u00edamos quedarnos atr\u00e1s, aquel ensamble que unos d\u00edas antes tocaba a mi lado en clase se junt\u00f3. Y en la calle, codo con codo con otros mexicanos, \u00e9ramos cientos. Acudimos al pueblo de San Gregorio, en Xochimilco, donde pude contemplar una escena sumamente contrastante con lo que cotidianamente apreciaba pero no valoraba, se trataba de ese joven chelista de delicadas manos y complexi\u00f3n sumamente delgada, cargando una plancha de muro que, por el peso, le doblaba las rodillas, le descompon\u00eda el rostro y hac\u00eda temblar su cuerpo. Se llama Emiliano de Gante.<\/p>\n<p>Record\u00e9 a ese mismo m\u00fasico unos d\u00edas antes en el sal\u00f3n tocando bellas melod\u00edas, haciendo bromas, sonriendo, danzando el arco de su instrumento y haci\u00e9ndolo vibrar de una manera muy lejana a lo que observ\u00e9 en aquel terreno destruido. Por la noche nos dirigimos al multifamiliar de Tlalpan, donde se gestaron las dudas m\u00e1s grandes de mi vida. Hice fila para poder proveer a los h\u00e9roes, que estaban en la zona cero, de cubetas vac\u00edas para rellenar con escombro, herramientas y vigas de madera de un peso impresionante. Cuando llegaron esas enormes trabes me di cuenta de mi incapacidad de ayudar. De mi lado derecho se encontraba un compositor, del izquierdo un clarinetista y m\u00e1s adelante un pianista, int\u00e9rpretes que se fueron sumando al grupo. Entre todos nos d\u00e1bamos palabras de apoyo.<\/p>\n<p>Al igual que una orquesta, todo estaba sumamente coordinado en un ritmo constante: recibir, girar el torso y entregar los materiales. De pronto, un domin\u00f3 de pu\u00f1os al aire, arroj\u00f3 la se\u00f1al del silencio. Todos paramos. Me qued\u00e9 con una viga como de 200 kilos en las manos tambale\u00e1ndome sobre mi propio eje, los dem\u00e1s, al darse cuenta que no resistir\u00eda, fueron en mi auxilio. De vez en cuando sal\u00eda una persona gritando \u201cnecesitamos un int\u00e9rprete de chino\u201d, \u201cnecesitamos tres plomeros\u201d, \u201cnecesitamos un carpintero\u201d. Las personas con la preparaci\u00f3n necesaria se acercaban a ofrecer su ayuda, obviamente nunca solicitar\u00edan a una cantante de \u00f3pera.<\/p>\n<p>Todo march\u00f3 \u201cbien\u201d esa noche. Me retir\u00e9 antes de que cerrara el metro y volv\u00ed a casa para pasar la noche en vela con las siguientes preguntas: \u00bfpara qu\u00e9 sirve la m\u00fasica?, \u00bfqu\u00e9 puedo aportar a la sociedad?, \u00bfy si renuncio a la m\u00fasica y me cambio a enfermer\u00eda? Nada de lo que hiciera ser\u00eda suficiente para ayudar a mis compatriotas. Con todas las emociones a flor de piel, me encontr\u00e9 ante una gran incapacidad de ofrecer algo m\u00e1s, algo sobresaliente. Sent\u00eda que mi intervenci\u00f3n ten\u00eda que ser \u00fatil o vital para los dem\u00e1s. Esas preguntas y la vibraci\u00f3n nocturna que provocaba el paso de tr\u00e1ileres, que transitaban a una cuadra de mi casa y me pon\u00edan en alerta total, me hicieron compa\u00f1\u00eda esa noche en la que estuve replante\u00e1ndome si estaba perdiendo el tiempo con una carrera tan in\u00fatil y tan larga.<\/p>\n<p>Despu\u00e9s del sismo, las clases en el Conservatorio fueron suspendidas aproximadamente por tres meses (o as\u00ed lo percib\u00ed), durante ese tiempo recib\u00ed invitaciones para ir a cantar a albergues, hacer \u00f3pera clown y poder regalarle un rato de distracci\u00f3n a los sobrevivientes de esta cat\u00e1strofe; sin embargo, mi voz no quer\u00eda salir, no se sent\u00eda eficiente ni fruct\u00edfera, no quer\u00eda manifestarse, me parec\u00eda que eso no le salvar\u00eda la vida a alguien.<\/p>\n<p>Luego de unos meses, las actividades se retomaron y, con un vac\u00edo dentro de m\u00ed, acud\u00ed a la escuela para continuar con mi vida. Mis preguntas tardar\u00edan varios a\u00f1os en ser respondidas. La imagen rom\u00e1ntica del cantante de \u00f3pera, de la diva y del m\u00fasico virtuoso se desplomaron dentro de m\u00ed, hasta que pude encontrar en la ense\u00f1anza de la m\u00fasica, en espec\u00edfico del canto, un espacio seguro donde se sensibiliza a m\u00fasicos y a los no m\u00fasicos, se dota de herramientas de expresividad y se fortalece el autoestima de las personas.<\/p>\n<p>Narro esta an\u00e9cdota para invitarte a reflexionar. Evidentemente cada pieza en la sociedad es sumamente importante, cada oficio tiene un lugar. \u00bfQu\u00e9 ser\u00eda de nuestra vida sin los y las recolectoras de basura?, \u00bfqu\u00e9 har\u00edamos sin una papeler\u00eda cerca de casa?, \u00bfc\u00f3mo ser\u00edan nuestras vidas sin los maestros de educaci\u00f3n b\u00e1sica o sin personal de enfermer\u00eda? Si, estimado lector, ser\u00eda muy complicada.<\/p>\n<p>Ahora, despu\u00e9s de seis a\u00f1os, puedo responderme esas preguntas, pero no me es suficiente con responderlas para m\u00ed misma, compartirlo se ha vuelto mi proyecto de vida. Por ello he encontrado en Quiote uno de los mejores lugares para poder compartir mi experiencia. Intenta responder esta pregunta: \u00bfqu\u00e9 ser\u00eda tu vida sin m\u00fasica?<\/p>\n<p>Tenemos m\u00fasica para todo, para re\u00edr y llorar, para recordar a los que ya no est\u00e1n; m\u00fasica solemne, el maravilloso himno nacional; m\u00fasica para bailar o declararse al bien amado, para aprender los n\u00fameros y letras o partes del cuerpo, hasta para limpiar la casa, ejercitarse o llevar a cabo actividades religiosas.<\/p>\n<p>Para m\u00ed, la vida sin ella ser\u00eda lo m\u00e1s miserable. Supe que quer\u00eda dedicarme a este arte desde antes de entrar al k\u00ednder. Ahora me he dado cuenta de lo peligroso que ser\u00eda un ambiente sin artes. D\u00e9jame contarte cu\u00e1les son los beneficios a nivel individual y en la sociedad de la existencia de una de las siete bellas artes. Estoy segura de que, en situaciones como el sismo, y en la vida cotidiana, M\u00e9xico ser\u00eda un pa\u00eds m\u00e1s pac\u00edfico y ordenado si todos sus habitantes tuvieran una relaci\u00f3n m\u00e1s \u00edntima con las artes desde edades tempranas y hasta el fin de la vida.<\/p>\n<p>El cuerpo humano emite naturalmente una gran cantidad de sonidos, ritmos y notas que se desprenden del recorrido del torrente sangu\u00edneo, de la respiraci\u00f3n, el latido del coraz\u00f3n, la digesti\u00f3n y la propia voz. Por ejemplo, se sabe que la oxigenaci\u00f3n cerebral de los beb\u00e9s prematuros aumenta con la intervenci\u00f3n del canto de su madre en s\u00f3lo un par de semanas. Tambi\u00e9n se conoce que la m\u00fasica en las infancias beneficia aspectos sociales como: el trabajo en equipo, la comunicaci\u00f3n, la coordinaci\u00f3n motriz, el desarrollo del lenguaje, el sentido de pertenencia, la inclusi\u00f3n social, la empat\u00eda, la sensibilidad y por supuesto la expresi\u00f3n, as\u00ed como la secreci\u00f3n de serotonina, adrenalina, oxitocina, (la hormona del amor) y dopamina. No es gratuito que la m\u00fasica sea una herramienta de aprendizaje desde preescolar, pero lamentablemente se va diluyendo conforme los alumnos van avanzando en la trayectoria acad\u00e9mica.<\/p>\n<p>En Berl\u00edn y Postdam existe un maravilloso proyecto, que deber\u00eda ser replicado en todo el mundo. Se trata de MitMat Musik, dirigido por Demetrios Karamintzas. Es un centro en el que \u201cla educaci\u00f3n musical sirve como medida de primeros auxilios. Muchos de estos ni\u00f1os tuvieron que huir de sus pa\u00edses con los peligros y las p\u00e9rdidas que esto conlleva, incluso vivieron la guerra, llevan consigo heridas visibles e invisibles\u201d.<\/p>\n<p style=\"padding-left: 80px;\"><em>Aqu\u00ed no nos importa qu\u00e9 hayan vivido antes o de d\u00f3nde vengan, no hacemos esas preguntas en MitMat Musik, nuestros participantes y sus familias han aprendido como refugiados cu\u00e1n seria y valiosa es la vida, y depositan su confianza en nosotros. Saben que aqu\u00ed est\u00e1n a salvo. Lo m\u00e1s importante para nosotros es que dejamos fuera del aula todo lo que pas\u00f3 antes y, por unas horas, s\u00f3lo pensamos en la m\u00fasica.<\/em><\/p>\n<p style=\"text-align: right;\"><em>\u00a0<\/em>Demetrios Karamintzas, en Deutsche Welle, 2022<\/p>\n<p>Los ni\u00f1os aprenden el lenguaje directamente de la m\u00fasica y me hace sentir sumamente preocupada que hoy en d\u00eda, la sociedad no presta inter\u00e9s en discriminar las m\u00fasicas que le dan a consumir a los menores, ya que se sabe que tambi\u00e9n est\u00e1 \u00edntimamente relacionada con la memoria del l\u00e9xico que aprendemos. En el futuro veremos un aumento en la violencia, el abuso sexual y la delincuencia si seguimos consumiendo el <em>fastfood <\/em>musical de la actualidad. Existen muchos tipos de m\u00fasica que tienen una mejor calidad y mensaje que podr\u00edamos ofrecer para nuestros peque\u00f1os y para nosotros mismos.<\/p>\n<p>No es gratuito que, desde la antigua Grecia, se le atribuya a la m\u00fasica el poder de embelesar al oyente, causar sentimientos variados e incluso excitar las m\u00e1s bajas pasiones. El orden est\u00e9tico del sonido estimula algunas zonas del cerebro y segrega qu\u00edmicos que tienen muchos efectos positivos en el cuerpo. Por ejemplo, en los siguientes art\u00edculos publicados en la prestigiosa p\u00e1gina Pubmed se habla de los favores que \u00e9sta le brinda a los pacientes geri\u00e1tricos.<\/p>\n<p style=\"padding-left: 80px;\"><em>&#8230;se sabe desde hace casi 10 a\u00f1os, que las regiones del cerebro asociadas con la memoria musical a largo plazo permanecen intactas hasta las etapas avanzadas de la demencia, convirtiendo a la m\u00fasica en un importante recurso terap\u00e9utico en el deterioro cognitivo.<\/em><\/p>\n<p style=\"text-align: right;\">PUBMED, 1 de diciembre de 2022.<\/p>\n<p>La musicoterapia todav\u00eda est\u00e1 en procesos de estudio; sin embargo, se ha demostrado mediante resonancias magn\u00e9ticas que de la mano con un tratamiento al\u00f3pata, la musicoterapia brinda a pacientes con c\u00e1ncer y politraumatismo una reducci\u00f3n de ansiedad y dolor m\u00e1s significativas que cuando el paciente \u00fanicamente est\u00e1 recibiendo medicaci\u00f3n regular.<\/p>\n<p style=\"padding-left: 80px;\"><em>Se incluyeron 22 pacientes. Todos los pacientes experimentaron niveles moderados y altos de ansiedad antes del tratamiento de quimioterapia en ambos d\u00edas. Hubo una reducci\u00f3n estad\u00edsticamente significativa de la ansiedad en ambos grupos despu\u00e9s de la quimioterapia, pero con niveles m\u00e1s bajos de ansiedad en el grupo de intervenci\u00f3n musical.<\/em><\/p>\n<p style=\"padding-left: 80px;\"><em>El uso de la m\u00fasica en pacientes cr\u00edticos politraumatizados reduce los niveles de ansiedad y dolor, aumentando el bienestar del paciente y mejorando la calidad de la atenci\u00f3n. La musicoterapia, por tanto, se considera beneficiosa como medida complementaria en las unidades de cuidados cr\u00edticos. Valdr\u00eda la pena continuar los estudios en \u00e9ste y otros \u00e1mbitos hospitalarios.<\/em><\/p>\n<p>Por lo anterior, como m\u00fasico profesional considero que, independientemente del campo laboral de cada persona y a cualquier edad, es importante que todos tengamos una relaci\u00f3n \u00edntima con la m\u00fasica y las artes. Adem\u00e1s de que sea parte de las actividades de bienestar como el ejercicio, la buena alimentaci\u00f3n, el cuidado de la piel, la higiene o el sue\u00f1o. Creo fielmente que estos buenos deseos s\u00f3lo ser\u00e1n posibles cuando la educaci\u00f3n musical se fortalezca en nuestro pa\u00eds y que las artes sean prioritarias para el alumnado, desde preescolar hasta el nivel universitario, que la m\u00fasica sea nuevamente materia fundamental (lo fue en siglos pasados), como lo son las matem\u00e1ticas, el civismo y la lengua. De no ser as\u00ed, vislumbro que las personas cada d\u00eda ser\u00e1n menos sensibles ante lo que nos debe de conmover. Parece que cada vez necesitamos ver m\u00e1s sangre en las pel\u00edculas, consumir m\u00e1s \u201cpornograf\u00eda\u201d audiovisual y en la m\u00fasica y atragantarnos con mayor frecuencia de chucher\u00edas multimedia, que s\u00f3lo denotan el conformismo que tenemos. Parece que volvemos despu\u00e9s de siglos de brillantez cient\u00edfica y art\u00edstica, a reacomodarnos al consumismo m\u00e1s precario y primitivo, pero ahora con tecnolog\u00eda.<\/p>\n<p>En los \u00faltimos a\u00f1os el Senado de la Rep\u00fablica s\u00f3lo ha realizado un homenaje a los compositores que \u201cequilibran silencios y sonidos para crear ritmos, sonoridad, armon\u00edas y melod\u00edas que mueven a la naci\u00f3n\u201d, dijo en 2022 Olga S\u00e1n- chez Cordero. Ahora, yo respondo \u00bfy luego? Si ya sabemos esto, \u00bfpor qu\u00e9 limitar todo a hacer s\u00f3lo un homenaje? Esto no se debe de tratar \u00fanicamente de eventos para llenar la agenda del Senado, se tiene que replantear completamente la situaci\u00f3n cultural de nuestro pa\u00eds.<\/p>\n<p>En la p\u00e1gina del Senado de la Rep\u00fablica, se puede leer \u201cNecesitamos ponernos de acuerdo en lo que pueda beneficiar a este gremio (los compositores), sin demagogia y sin instrumentos de manipulaci\u00f3n\u201d dijo Ricardo Monreal \u00c1vila. Yo insisto, \u00bfy luego? \u00bfpodremos pasar a las acciones concretas?<\/p>\n<p>Los mexicanos somos personas de pasi\u00f3n, de uni\u00f3n, sacamos \u201cla garra\u201d hasta por nuestro enemigo cuando hay situaciones adversas como el sismo, pero \u00bfqu\u00e9 pasa en la vida cotidiana cuando rebasamos al ciclista o cuando nos hacemos los dormidos en el transporte para no ceder el asiento? No podemos dejar la responsabilidad de este tipo de cosas \u00fanicamente a la m\u00fasica o al gobierno o al conductor infractor, debemos involucrarnos todos, definitivamente la soluci\u00f3n es multifactorial al igual que el problema.<\/p>\n<p>Por ello, te invito a que dejemos de programar la mente de nuestras infancias con frases como \u201cla m\u00fasica cl\u00e1sica es aburrida\u201d cuando no hemos consumido ese tipo de arte.<\/p>\n<p style=\"text-align: center;\">\u00a0\u00bfQu\u00e9 dices?\u00bfvamos a un concierto?<\/p>[\/et_pb_text][\/et_pb_column][\/et_pb_row][\/et_pb_section]\n","protected":false},"excerpt":{"rendered":"<p>El cuerpo humano emite naturalmente<br \/>\nuna gran cantidad de sonidos, ritmos<br \/>\ny notas<\/p>\n","protected":false},"author":1,"featured_media":1315,"comment_status":"open","ping_status":"closed","sticky":false,"template":"","format":"standard","meta":{"_et_pb_use_builder":"on","_et_pb_old_content":"","_et_gb_content_width":"","_jetpack_memberships_contains_paid_content":false,"footnotes":""},"categories":[97],"tags":[136,131,130,137,135,134],"ppma_author":[117],"class_list":["post-1296","post","type-post","status-publish","format-standard","has-post-thumbnail","hentry","category-numero-uno","tag-arte-y-sociedad","tag-escuela-de-musica","tag-musica","tag-odette-sarabia","tag-sismo","tag-solidaridad"],"yoast_head":"<!-- This site is optimized with the Yoast SEO plugin v27.3 - https:\/\/yoast.com\/product\/yoast-seo-wordpress\/ -->\n<title>CR\u00d3NICA DE UNA CRISIS MUSICAL, INICIO DE UN RENACIMIENTO. LA M\u00daSICA COMO LA CLAVE DEL CAMBIO - REVISTA QUIOTE<\/title>\n<meta name=\"robots\" content=\"index, follow, max-snippet:-1, max-image-preview:large, max-video-preview:-1\" \/>\n<link rel=\"canonical\" href=\"https:\/\/revistaquiote.org\/?p=1296\" \/>\n<meta property=\"og:locale\" content=\"es_ES\" \/>\n<meta property=\"og:type\" content=\"article\" \/>\n<meta property=\"og:title\" content=\"CR\u00d3NICA DE UNA CRISIS MUSICAL, INICIO DE UN RENACIMIENTO. LA M\u00daSICA COMO LA CLAVE DEL CAMBIO - REVISTA QUIOTE\" \/>\n<meta property=\"og:description\" content=\"El cuerpo humano emite naturalmente una gran cantidad de sonidos, ritmos y notas\" \/>\n<meta property=\"og:url\" content=\"https:\/\/revistaquiote.org\/?p=1296\" \/>\n<meta property=\"og:site_name\" content=\"REVISTA QUIOTE\" \/>\n<meta property=\"article:publisher\" content=\"https:\/\/www.facebook.com\/profile.php?id=61581285934903&amp;rdid=NyTBdLDXXt5DTPla&amp;share_url=httpswww.facebook.comshare16XQGGa34v#\" \/>\n<meta property=\"article:published_time\" content=\"2024-06-22T07:09:24+00:00\" \/>\n<meta property=\"article:modified_time\" content=\"2024-07-01T19:00:21+00:00\" \/>\n<meta property=\"og:image\" content=\"https:\/\/revistaquiote.org\/wp-content\/uploads\/2024\/06\/SR_Vinetas_Extracto.png\" \/>\n\t<meta property=\"og:image:width\" content=\"1800\" \/>\n\t<meta property=\"og:image:height\" content=\"1279\" \/>\n\t<meta property=\"og:image:type\" content=\"image\/png\" \/>\n<meta name=\"author\" content=\"Odette Sarabia\" \/>\n<meta name=\"twitter:card\" content=\"summary_large_image\" \/>\n<meta name=\"twitter:creator\" content=\"@RQuiote\" \/>\n<meta name=\"twitter:site\" content=\"@RQuiote\" \/>\n<meta name=\"twitter:label1\" content=\"Escrito por\" \/>\n\t<meta name=\"twitter:data1\" content=\"Miguel Torres\" \/>\n\t<meta name=\"twitter:label2\" content=\"Tiempo de lectura\" \/>\n\t<meta name=\"twitter:data2\" content=\"13 minutos\" \/>\n<script type=\"application\/ld+json\" class=\"yoast-schema-graph\">{\"@context\":\"https:\\\/\\\/schema.org\",\"@graph\":[{\"@type\":\"Article\",\"@id\":\"https:\\\/\\\/revistaquiote.org\\\/?p=1296#article\",\"isPartOf\":{\"@id\":\"https:\\\/\\\/revistaquiote.org\\\/?p=1296\"},\"author\":{\"name\":\"Miguel Torres\",\"@id\":\"https:\\\/\\\/revistaquiote.org\\\/#\\\/schema\\\/person\\\/d7a3f9ed4669a5897b231922e7fc292e\"},\"headline\":\"CR\u00d3NICA DE UNA CRISIS MUSICAL, INICIO DE UN RENACIMIENTO. LA M\u00daSICA COMO LA CLAVE DEL CAMBIO\",\"datePublished\":\"2024-06-22T07:09:24+00:00\",\"dateModified\":\"2024-07-01T19:00:21+00:00\",\"mainEntityOfPage\":{\"@id\":\"https:\\\/\\\/revistaquiote.org\\\/?p=1296\"},\"wordCount\":2615,\"commentCount\":0,\"publisher\":{\"@id\":\"https:\\\/\\\/revistaquiote.org\\\/#organization\"},\"image\":{\"@id\":\"https:\\\/\\\/revistaquiote.org\\\/?p=1296#primaryimage\"},\"thumbnailUrl\":\"https:\\\/\\\/revistaquiote.org\\\/wp-content\\\/uploads\\\/2024\\\/06\\\/SR_Vinetas_Extracto.png\",\"keywords\":[\"Arte y sociedad\",\"Escuela de m\u00fasica\",\"M\u00fasica\",\"Odette Sarabia\",\"Sismo\",\"Solidaridad\"],\"articleSection\":[\"N\u00daMERO UNO\"],\"inLanguage\":\"es\",\"potentialAction\":[{\"@type\":\"CommentAction\",\"name\":\"Comment\",\"target\":[\"https:\\\/\\\/revistaquiote.org\\\/?p=1296#respond\"]}]},{\"@type\":\"WebPage\",\"@id\":\"https:\\\/\\\/revistaquiote.org\\\/?p=1296\",\"url\":\"https:\\\/\\\/revistaquiote.org\\\/?p=1296\",\"name\":\"CR\u00d3NICA DE UNA CRISIS MUSICAL, INICIO DE UN RENACIMIENTO. LA M\u00daSICA COMO LA CLAVE DEL CAMBIO - REVISTA QUIOTE\",\"isPartOf\":{\"@id\":\"https:\\\/\\\/revistaquiote.org\\\/#website\"},\"primaryImageOfPage\":{\"@id\":\"https:\\\/\\\/revistaquiote.org\\\/?p=1296#primaryimage\"},\"image\":{\"@id\":\"https:\\\/\\\/revistaquiote.org\\\/?p=1296#primaryimage\"},\"thumbnailUrl\":\"https:\\\/\\\/revistaquiote.org\\\/wp-content\\\/uploads\\\/2024\\\/06\\\/SR_Vinetas_Extracto.png\",\"datePublished\":\"2024-06-22T07:09:24+00:00\",\"dateModified\":\"2024-07-01T19:00:21+00:00\",\"breadcrumb\":{\"@id\":\"https:\\\/\\\/revistaquiote.org\\\/?p=1296#breadcrumb\"},\"inLanguage\":\"es\",\"potentialAction\":[{\"@type\":\"ReadAction\",\"target\":[\"https:\\\/\\\/revistaquiote.org\\\/?p=1296\"]}]},{\"@type\":\"ImageObject\",\"inLanguage\":\"es\",\"@id\":\"https:\\\/\\\/revistaquiote.org\\\/?p=1296#primaryimage\",\"url\":\"https:\\\/\\\/revistaquiote.org\\\/wp-content\\\/uploads\\\/2024\\\/06\\\/SR_Vinetas_Extracto.png\",\"contentUrl\":\"https:\\\/\\\/revistaquiote.org\\\/wp-content\\\/uploads\\\/2024\\\/06\\\/SR_Vinetas_Extracto.png\",\"width\":1800,\"height\":1279,\"caption\":\"Santiago Robles, cuaderno de apuntes (flor\\\/pedernal), grafito sobre papel, 2023. Extracto\"},{\"@type\":\"BreadcrumbList\",\"@id\":\"https:\\\/\\\/revistaquiote.org\\\/?p=1296#breadcrumb\",\"itemListElement\":[{\"@type\":\"ListItem\",\"position\":1,\"name\":\"Portada\",\"item\":\"https:\\\/\\\/revistaquiote.org\\\/\"},{\"@type\":\"ListItem\",\"position\":2,\"name\":\"CR\u00d3NICA DE UNA CRISIS MUSICAL, INICIO DE UN RENACIMIENTO. LA M\u00daSICA COMO LA CLAVE DEL CAMBIO\"}]},{\"@type\":\"WebSite\",\"@id\":\"https:\\\/\\\/revistaquiote.org\\\/#website\",\"url\":\"https:\\\/\\\/revistaquiote.org\\\/\",\"name\":\"REVISTA QUIOTE\",\"description\":\"N\u00daMERO SEIS\",\"publisher\":{\"@id\":\"https:\\\/\\\/revistaquiote.org\\\/#organization\"},\"potentialAction\":[{\"@type\":\"SearchAction\",\"target\":{\"@type\":\"EntryPoint\",\"urlTemplate\":\"https:\\\/\\\/revistaquiote.org\\\/?s={search_term_string}\"},\"query-input\":{\"@type\":\"PropertyValueSpecification\",\"valueRequired\":true,\"valueName\":\"search_term_string\"}}],\"inLanguage\":\"es\"},{\"@type\":\"Organization\",\"@id\":\"https:\\\/\\\/revistaquiote.org\\\/#organization\",\"name\":\"REVISTA QUIOTE\",\"url\":\"https:\\\/\\\/revistaquiote.org\\\/\",\"logo\":{\"@type\":\"ImageObject\",\"inLanguage\":\"es\",\"@id\":\"https:\\\/\\\/revistaquiote.org\\\/#\\\/schema\\\/logo\\\/image\\\/\",\"url\":\"https:\\\/\\\/revistaquiote.org\\\/wp-content\\\/uploads\\\/2023\\\/06\\\/Quiote-logo_01.png\",\"contentUrl\":\"https:\\\/\\\/revistaquiote.org\\\/wp-content\\\/uploads\\\/2023\\\/06\\\/Quiote-logo_01.png\",\"width\":1042,\"height\":417,\"caption\":\"REVISTA QUIOTE\"},\"image\":{\"@id\":\"https:\\\/\\\/revistaquiote.org\\\/#\\\/schema\\\/logo\\\/image\\\/\"},\"sameAs\":[\"https:\\\/\\\/www.facebook.com\\\/profile.php?id=61581285934903&rdid=NyTBdLDXXt5DTPla&share_url=httpswww.facebook.comshare16XQGGa34v#\",\"https:\\\/\\\/x.com\\\/RQuiote\",\"https:\\\/\\\/www.instagram.com\\\/revista.quiote\\\/\"]},{\"@type\":\"Person\",\"@id\":\"https:\\\/\\\/revistaquiote.org\\\/#\\\/schema\\\/person\\\/d7a3f9ed4669a5897b231922e7fc292e\",\"name\":\"Miguel Torres\",\"image\":{\"@type\":\"ImageObject\",\"inLanguage\":\"es\",\"@id\":\"https:\\\/\\\/secure.gravatar.com\\\/avatar\\\/00c77c9b45fb8ec83854a3fc58bb68a9455f554fb2ed7d93769f39cab7a2c6a4?s=96&d=mm&r=gd1fa56e4f1f0eb1983a3ad9f6827f3c2\",\"url\":\"https:\\\/\\\/secure.gravatar.com\\\/avatar\\\/00c77c9b45fb8ec83854a3fc58bb68a9455f554fb2ed7d93769f39cab7a2c6a4?s=96&d=mm&r=g\",\"contentUrl\":\"https:\\\/\\\/secure.gravatar.com\\\/avatar\\\/00c77c9b45fb8ec83854a3fc58bb68a9455f554fb2ed7d93769f39cab7a2c6a4?s=96&d=mm&r=g\",\"caption\":\"Miguel Torres\"},\"sameAs\":[\"https:\\\/\\\/revistaquiote.org\"],\"url\":\"https:\\\/\\\/revistaquiote.org\\\/?author=1\"}]}<\/script>\n<!-- \/ Yoast SEO plugin. -->","yoast_head_json":{"title":"CR\u00d3NICA DE UNA CRISIS MUSICAL, INICIO DE UN RENACIMIENTO. LA M\u00daSICA COMO LA CLAVE DEL CAMBIO - REVISTA QUIOTE","robots":{"index":"index","follow":"follow","max-snippet":"max-snippet:-1","max-image-preview":"max-image-preview:large","max-video-preview":"max-video-preview:-1"},"canonical":"https:\/\/revistaquiote.org\/?p=1296","og_locale":"es_ES","og_type":"article","og_title":"CR\u00d3NICA DE UNA CRISIS MUSICAL, INICIO DE UN RENACIMIENTO. LA M\u00daSICA COMO LA CLAVE DEL CAMBIO - REVISTA QUIOTE","og_description":"El cuerpo humano emite naturalmente una gran cantidad de sonidos, ritmos y notas","og_url":"https:\/\/revistaquiote.org\/?p=1296","og_site_name":"REVISTA QUIOTE","article_publisher":"https:\/\/www.facebook.com\/profile.php?id=61581285934903&rdid=NyTBdLDXXt5DTPla&share_url=httpswww.facebook.comshare16XQGGa34v#","article_published_time":"2024-06-22T07:09:24+00:00","article_modified_time":"2024-07-01T19:00:21+00:00","og_image":[{"width":1800,"height":1279,"url":"https:\/\/revistaquiote.org\/wp-content\/uploads\/2024\/06\/SR_Vinetas_Extracto.png","type":"image\/png"}],"author":"Odette Sarabia","twitter_card":"summary_large_image","twitter_creator":"@RQuiote","twitter_site":"@RQuiote","twitter_misc":{"Escrito por":"Miguel Torres","Tiempo de lectura":"13 minutos"},"schema":{"@context":"https:\/\/schema.org","@graph":[{"@type":"Article","@id":"https:\/\/revistaquiote.org\/?p=1296#article","isPartOf":{"@id":"https:\/\/revistaquiote.org\/?p=1296"},"author":{"name":"Miguel Torres","@id":"https:\/\/revistaquiote.org\/#\/schema\/person\/d7a3f9ed4669a5897b231922e7fc292e"},"headline":"CR\u00d3NICA DE UNA CRISIS MUSICAL, INICIO DE UN RENACIMIENTO. LA M\u00daSICA COMO LA CLAVE DEL CAMBIO","datePublished":"2024-06-22T07:09:24+00:00","dateModified":"2024-07-01T19:00:21+00:00","mainEntityOfPage":{"@id":"https:\/\/revistaquiote.org\/?p=1296"},"wordCount":2615,"commentCount":0,"publisher":{"@id":"https:\/\/revistaquiote.org\/#organization"},"image":{"@id":"https:\/\/revistaquiote.org\/?p=1296#primaryimage"},"thumbnailUrl":"https:\/\/revistaquiote.org\/wp-content\/uploads\/2024\/06\/SR_Vinetas_Extracto.png","keywords":["Arte y sociedad","Escuela de m\u00fasica","M\u00fasica","Odette Sarabia","Sismo","Solidaridad"],"articleSection":["N\u00daMERO UNO"],"inLanguage":"es","potentialAction":[{"@type":"CommentAction","name":"Comment","target":["https:\/\/revistaquiote.org\/?p=1296#respond"]}]},{"@type":"WebPage","@id":"https:\/\/revistaquiote.org\/?p=1296","url":"https:\/\/revistaquiote.org\/?p=1296","name":"CR\u00d3NICA DE UNA CRISIS MUSICAL, INICIO DE UN RENACIMIENTO. LA M\u00daSICA COMO LA CLAVE DEL CAMBIO - REVISTA QUIOTE","isPartOf":{"@id":"https:\/\/revistaquiote.org\/#website"},"primaryImageOfPage":{"@id":"https:\/\/revistaquiote.org\/?p=1296#primaryimage"},"image":{"@id":"https:\/\/revistaquiote.org\/?p=1296#primaryimage"},"thumbnailUrl":"https:\/\/revistaquiote.org\/wp-content\/uploads\/2024\/06\/SR_Vinetas_Extracto.png","datePublished":"2024-06-22T07:09:24+00:00","dateModified":"2024-07-01T19:00:21+00:00","breadcrumb":{"@id":"https:\/\/revistaquiote.org\/?p=1296#breadcrumb"},"inLanguage":"es","potentialAction":[{"@type":"ReadAction","target":["https:\/\/revistaquiote.org\/?p=1296"]}]},{"@type":"ImageObject","inLanguage":"es","@id":"https:\/\/revistaquiote.org\/?p=1296#primaryimage","url":"https:\/\/revistaquiote.org\/wp-content\/uploads\/2024\/06\/SR_Vinetas_Extracto.png","contentUrl":"https:\/\/revistaquiote.org\/wp-content\/uploads\/2024\/06\/SR_Vinetas_Extracto.png","width":1800,"height":1279,"caption":"Santiago Robles, cuaderno de apuntes (flor\/pedernal), grafito sobre papel, 2023. Extracto"},{"@type":"BreadcrumbList","@id":"https:\/\/revistaquiote.org\/?p=1296#breadcrumb","itemListElement":[{"@type":"ListItem","position":1,"name":"Portada","item":"https:\/\/revistaquiote.org\/"},{"@type":"ListItem","position":2,"name":"CR\u00d3NICA DE UNA CRISIS MUSICAL, INICIO DE UN RENACIMIENTO. LA M\u00daSICA COMO LA CLAVE DEL CAMBIO"}]},{"@type":"WebSite","@id":"https:\/\/revistaquiote.org\/#website","url":"https:\/\/revistaquiote.org\/","name":"REVISTA QUIOTE","description":"N\u00daMERO SEIS","publisher":{"@id":"https:\/\/revistaquiote.org\/#organization"},"potentialAction":[{"@type":"SearchAction","target":{"@type":"EntryPoint","urlTemplate":"https:\/\/revistaquiote.org\/?s={search_term_string}"},"query-input":{"@type":"PropertyValueSpecification","valueRequired":true,"valueName":"search_term_string"}}],"inLanguage":"es"},{"@type":"Organization","@id":"https:\/\/revistaquiote.org\/#organization","name":"REVISTA QUIOTE","url":"https:\/\/revistaquiote.org\/","logo":{"@type":"ImageObject","inLanguage":"es","@id":"https:\/\/revistaquiote.org\/#\/schema\/logo\/image\/","url":"https:\/\/revistaquiote.org\/wp-content\/uploads\/2023\/06\/Quiote-logo_01.png","contentUrl":"https:\/\/revistaquiote.org\/wp-content\/uploads\/2023\/06\/Quiote-logo_01.png","width":1042,"height":417,"caption":"REVISTA QUIOTE"},"image":{"@id":"https:\/\/revistaquiote.org\/#\/schema\/logo\/image\/"},"sameAs":["https:\/\/www.facebook.com\/profile.php?id=61581285934903&rdid=NyTBdLDXXt5DTPla&share_url=httpswww.facebook.comshare16XQGGa34v#","https:\/\/x.com\/RQuiote","https:\/\/www.instagram.com\/revista.quiote\/"]},{"@type":"Person","@id":"https:\/\/revistaquiote.org\/#\/schema\/person\/d7a3f9ed4669a5897b231922e7fc292e","name":"Miguel Torres","image":{"@type":"ImageObject","inLanguage":"es","@id":"https:\/\/secure.gravatar.com\/avatar\/00c77c9b45fb8ec83854a3fc58bb68a9455f554fb2ed7d93769f39cab7a2c6a4?s=96&d=mm&r=gd1fa56e4f1f0eb1983a3ad9f6827f3c2","url":"https:\/\/secure.gravatar.com\/avatar\/00c77c9b45fb8ec83854a3fc58bb68a9455f554fb2ed7d93769f39cab7a2c6a4?s=96&d=mm&r=g","contentUrl":"https:\/\/secure.gravatar.com\/avatar\/00c77c9b45fb8ec83854a3fc58bb68a9455f554fb2ed7d93769f39cab7a2c6a4?s=96&d=mm&r=g","caption":"Miguel Torres"},"sameAs":["https:\/\/revistaquiote.org"],"url":"https:\/\/revistaquiote.org\/?author=1"}]}},"jetpack_featured_media_url":"https:\/\/revistaquiote.org\/wp-content\/uploads\/2024\/06\/SR_Vinetas_Extracto.png","jetpack_sharing_enabled":true,"authors":[{"term_id":117,"user_id":0,"is_guest":1,"slug":"odette-sarabia","display_name":"Odette Sarabia","avatar_url":"https:\/\/secure.gravatar.com\/avatar\/?s=96&d=mm&r=g","0":null,"1":"","2":"","3":"","4":"","5":"","6":"","7":"","8":""}],"_links":{"self":[{"href":"https:\/\/revistaquiote.org\/index.php?rest_route=\/wp\/v2\/posts\/1296","targetHints":{"allow":["GET"]}}],"collection":[{"href":"https:\/\/revistaquiote.org\/index.php?rest_route=\/wp\/v2\/posts"}],"about":[{"href":"https:\/\/revistaquiote.org\/index.php?rest_route=\/wp\/v2\/types\/post"}],"author":[{"embeddable":true,"href":"https:\/\/revistaquiote.org\/index.php?rest_route=\/wp\/v2\/users\/1"}],"replies":[{"embeddable":true,"href":"https:\/\/revistaquiote.org\/index.php?rest_route=%2Fwp%2Fv2%2Fcomments&post=1296"}],"version-history":[{"count":5,"href":"https:\/\/revistaquiote.org\/index.php?rest_route=\/wp\/v2\/posts\/1296\/revisions"}],"predecessor-version":[{"id":1321,"href":"https:\/\/revistaquiote.org\/index.php?rest_route=\/wp\/v2\/posts\/1296\/revisions\/1321"}],"wp:featuredmedia":[{"embeddable":true,"href":"https:\/\/revistaquiote.org\/index.php?rest_route=\/wp\/v2\/media\/1315"}],"wp:attachment":[{"href":"https:\/\/revistaquiote.org\/index.php?rest_route=%2Fwp%2Fv2%2Fmedia&parent=1296"}],"wp:term":[{"taxonomy":"category","embeddable":true,"href":"https:\/\/revistaquiote.org\/index.php?rest_route=%2Fwp%2Fv2%2Fcategories&post=1296"},{"taxonomy":"post_tag","embeddable":true,"href":"https:\/\/revistaquiote.org\/index.php?rest_route=%2Fwp%2Fv2%2Ftags&post=1296"},{"taxonomy":"author","embeddable":true,"href":"https:\/\/revistaquiote.org\/index.php?rest_route=%2Fwp%2Fv2%2Fppma_author&post=1296"}],"curies":[{"name":"wp","href":"https:\/\/api.w.org\/{rel}","templated":true}]}}