{"id":152,"date":"2023-10-08T00:00:37","date_gmt":"2023-10-08T00:00:37","guid":{"rendered":"https:\/\/revistaquiote.org\/?p=152"},"modified":"2023-12-03T00:58:52","modified_gmt":"2023-12-03T00:58:52","slug":"el-objeto-de-arte","status":"publish","type":"post","link":"https:\/\/revistaquiote.org\/?p=152","title":{"rendered":"EL OBJETO DE ARTE"},"content":{"rendered":"<p>[et_pb_section fb_built=\u00bb1&#8243; _builder_version=\u00bb4.21.0&#8243; _module_preset=\u00bbdefault\u00bb background_color=\u00bbRGBA(255,255,255,0)\u00bb custom_margin=\u00bb||-25px|||\u00bb custom_padding=\u00bb||0px|||\u00bb global_colors_info=\u00bb{}\u00bb][et_pb_row _builder_version=\u00bb4.21.0&#8243; _module_preset=\u00bbdefault\u00bb custom_padding=\u00bb||0px|||\u00bb global_colors_info=\u00bb{}\u00bb][et_pb_column type=\u00bb4_4&#8243; _builder_version=\u00bb4.21.0&#8243; _module_preset=\u00bbdefault\u00bb global_colors_info=\u00bb{}\u00bb][et_pb_text _builder_version=\u00bb4.21.0&#8243; _module_preset=\u00bbdefault\u00bb background_enable_color=\u00bboff\u00bb custom_padding=\u00bb||50px|||\u00bb global_colors_info=\u00bb{}\u00bb]<\/p>\n<p class=\"p1\"><strong>MIGUEL TORRES<span class=\"s1\"><\/span><\/strong><\/p>\n<p class=\"p1\"><strong><span class=\"s1\"><\/span><\/strong><\/p>\n<p class=\"p1\"><strong><span class=\"s1\">\u00bfQ<\/span>u\u00e9 hace que un objeto sea considerado merecedor de<\/strong> estar en un museo? El concepto de cultura material ayuda a resolver esta cuesti\u00f3n en la medida en la que supone una apreciaci\u00f3n determinada de un objeto, de la cual se derivan comportamientos. Pienso en aquel disco monol\u00edtico tallado de veinticuatro toneladas que se aloja en el Museo Nacional de Antropolog\u00eda, en la Ciudad de M\u00e9xico, y que ha llegado a comercializarse hasta en playeras de la selecci\u00f3n mexicana de futbol o en los quipus de Jorge Eduardo Eielson en el Museo de Arte de Lima o en el ya trillado y reproducido y reproducido y reproducido retrato de Lisa Gherardini en el Museo del Louvre. Todos, objetos que albergan informaci\u00f3n del mundo que intentamos preservar.<\/p>\n<p class=\"p2\">\u00bfEl objeto es un documento entonces? S\u00ed, la cultura material est\u00e1 constituida por los objetos. Cualquier objeto, que suponemos portador de una cierta informaci\u00f3n, se convierte en una fuente de datos y, adem\u00e1s, nos habla de nuestras necesidades humanas, de nuestras costumbres y creencias sociales. Por ello, exponer objetos es una caracter\u00edstica esencial de los museos, pues materializan actos o hechos individuales o colectivos de manera fiel y objetiva, universal en el espacio y en el tiempo, as\u00ed como la informaci\u00f3n \u00fanica que albergan.<\/p>\n<blockquote>\n<p class=\"p2\">Pienso ahora en aquella m\u00edtica Casa Azul en la calle de Londres, en pleno coraz\u00f3n de Coyoac\u00e1n. Cavilo sobre la cantidad de turistas que la visitan a diario \u00faltimamente; sobre los souvenirs, bolsas, pins y accesorios que se venden a las afueras del lugar, en una \u00e9poca ya acostumbrada a la sobreproducci\u00f3n de la imagen. A decir verdad, son los objetos y las cenizas que habitan la casa-museo los encargados de contextualizar la explotaci\u00f3n del artista, haciendo que el todo y las partes generen una relaci\u00f3n dial\u00e9ctica seg\u00fan la cual se necesitan mutuamente para edificar una realidad constituida no s\u00f3lo por el arte autobiogr\u00e1fico de Frida Kahlo, sino tambi\u00e9n por un materialismo conceptual que la ha llevado a ser un \u00edcono pop de este pragm\u00e1tico M\u00e9xico contempor\u00e1neo.<\/p>\n<\/blockquote>\n<p class=\"p2\">Es entonces que la historia se construye gracias a las fuentes materiales, ya sean consideradas obras de arte, basura reciclable, avance tecnol\u00f3gico, herramienta, patrimonio, souvenir o alimento. Son estos objetos los que encierran el conocimiento y merecen el an\u00e1lisis y la preservaci\u00f3n. No es casualidad que hasta este siglo <span class=\"s2\">xxi <\/span>consideremos, gracias a piezas arqueol\u00f3gicas, textiles, granos, documentos y fotograf\u00edas, la posibilidad de que exista un museo dedicado al ma\u00edz <strong>[<\/strong><span class=\"s3\"><strong>1]<\/strong>, <\/span>como si el alimento originario m\u00e1s importante en M\u00e9xico, cuya presencia es inseparable al de la historia nacional, no hubiera merecido antes un recinto sagrado para su contemplaci\u00f3n y estudio. Es ahora, cuando la modernizaci\u00f3n que ha moldeado la agricultura (especialmente a partir del siglo <span class=\"s2\">xx<\/span>) no ha logrado resolver el problema del hambre, que miramos la fecundidad de nuestra tierra. Es ahora, con la crisis ecol\u00f3gica y el cambio clim\u00e1tico, que vemos afectada de manera progresiva y preocupante la producci\u00f3n de alimentos, controlada cada vez m\u00e1s por un pu\u00f1ado de poderosas empresas transnacionales, las cuales dise\u00f1an y venden la tecnolog\u00eda alimentaria, dominan los mercados y logran cambiar a su favor las relaciones sociales de la agricultura. Aunque M\u00e9xico importa buena parte de sus alimentos desde la d\u00e9cada de 1970, lo cual ha vulnerado la capacidad del pa\u00eds para abastecer esta necesidad b\u00e1sica de su poblaci\u00f3n, es justo ahora cuando el ma\u00edz juega un papel fundamental. Adem\u00e1s de ser nuestro alimento principal y el cultivo m\u00e1s importante, es la planta que fue domesticada en este territorio hace miles de a\u00f1os y que sigue teniendo una importante riqueza gen\u00e9tica, preservada a\u00fan por los campesinos. Desafortunadamente, las pol\u00edticas neoliberales dominantes desde la d\u00e9cada de 1980 han hecho que las importaciones del grano incrementen a\u00f1o con a\u00f1o, especialmente despu\u00e9s de la liberalizaci\u00f3n total de su comercio en 2008, en el marco del Tratado de Libre Comercio de Am\u00e9rica del Norte (<span class=\"s1\">tlcan<\/span>). Esta situaci\u00f3n se agrava cuando se evidencia que nuestro mayor proveedor de cereal, Estados Unidos, destina cantidades importantes de su producci\u00f3n maicera a la fabricaci\u00f3n del agrocombustible etanol, encareciendo as\u00ed la existencia del ma\u00edz en el mercado mundial.<\/p>\n<p class=\"p1\">\u00bfEs entonces hora de volver a la semilla? Fitzgerald y Borges nos adelantaron este viaje, esta paradoja que encierra el principio y el fin de la cosmogon\u00eda de cualquier cultura en este planeta. Exponer en un museo el valor de una milpa como sistema de cultivo que marca los calendarios ceremoniales de toda la regi\u00f3n mesoamericana nos remonta a un origen a\u00fan m\u00e1s trascendental y cultural que el plasmado en el ayate del ind\u00edgena chichimeca Juan Diego Cuauhtlatoatzin, referente e \u00edcono religioso y popular en M\u00e9xico y Latinoam\u00e9rica. La imagen de la Guadalupana nos da indicios de que no s\u00f3lo los museos est\u00e1n interesados en conservar objetos de amplia informaci\u00f3n hist\u00f3rica y cultural. Sin embargo, s\u00ed deben encargarse de resignificar los objetos y ayudar a proveernos de un futuro con la suficiente tecnolog\u00eda, aprendizaje y superaci\u00f3n de los modelos neoliberales de explotaci\u00f3n, que, al buscar el beneficio econ\u00f3mico, recurren una y otra vez a las exposiciones de grandes autores que aseguran la aceptaci\u00f3n masiva, m\u00e1s que la pol\u00e9mica y la reflexi\u00f3n social; la interacci\u00f3n en los espacios p\u00fablicos o la venta y el ambulantaje del arte y dem\u00e1s productos comerciales y de consumo.<\/p>\n<p class=\"p1\">Los museos no pueden permitirse ser tristes contenedores de objetos y colecciones. Deben romper definitivamente con el espacio como su m\u00e1ximo condicionante para crear comunidades y experiencias que vayan m\u00e1s all\u00e1 de la obra f\u00edsica o el objeto art\u00edstico, con el fin de intentar despertar nuestra memoria colectiva, estimular nuestros sentidos y alejarnos del mundo material que intenta constantemente volvernos sus nuevos objetos.<\/p>\n<p class=\"p1\">_____________________________<\/p>\n<p class=\"p1\"><strong>[1]<\/strong> Cencalli: Casa del Ma\u00edz y la Cultura Alimentaria es un museo vivo conformado por ocho salas de exposici\u00f3n dedicadas a pensar, valorar y divulgar la cultura alimentaria nacional. Fue inaugurado el 29 de septiembre de 2021 y se ubica en el inmueble del antiguo Molino del Rey, edificado en honor a Carlos I de Espa\u00f1a y utilizado en ese entonces para la elaboraci\u00f3n de harina. El museo es una construcci\u00f3n hist\u00f3rica que data del siglo <span class=\"s1\">xvi<\/span>. Se encuentra en lo que se conoc\u00eda como Lomas del Rey, hoy Complejo Cultural Los Pinos, y actualmente busca honrar el ma\u00edz y resignificar as\u00ed este espacio.<\/p>\n<p class=\"p1\">_____________________________<\/p>\n<p class=\"p1\"><strong>REFERENCIAS<\/strong><\/p>\n<ul>\n<li class=\"p2\">Garc\u00eda Blanco, \u00c1ngela. 1994. <em>Did\u00e1ctica del museo. El descubrimiento de los objetos.<\/em> Madrid: Ediciones de la Torre.<\/li>\n<li class=\"p2\">______. 2017. <em>El ma\u00edz y la alimentaci\u00f3n: crisis, pol\u00edticas y alternativas<\/em>. Tijuana: El Colegio de la Frontera Norte. https:\/\/www.colef.mx\/evento\/maiz-la-alimentacioncrisis-politicas-alternativas\/.<\/li>\n<li class=\"p2\">Adamuz, Jos\u00e9. 2019. <em>C\u00f3mo ser\u00e1n los museos en 20 a\u00f1os.<\/em> National Geographic. https:\/\/viajes.nationalgeographic.com.es\/lifestyle\/como-seran-museos-futuro_14868.<\/li>\n<li class=\"p2\">S\u00e1enz Guzm\u00e1n, Claudia. 2021. <em>Un paseo por el museo \u201cCencalli, la Casa del Ma\u00edz y la Cultura Alimentaria\u201d<\/em>. Servicio de Medios P\u00fablicos. https:\/\/www.capital21.cdmx.gob.mx\/noticias\/?p=27317.<\/li>\n<\/ul>\n<p>[\/et_pb_text][\/et_pb_column][\/et_pb_row][\/et_pb_section]<\/p>\n","protected":false},"excerpt":{"rendered":"<p>MIGUEL TORRES \u00bfQu\u00e9 hace que un objeto sea considerado merecedor de estar en un museo? El concepto de cultura material ayuda a resolver esta cuesti\u00f3n en la medida en la que supone una apreciaci\u00f3n determinada de un objeto, de la cual se derivan comportamientos. Pienso en aquel disco monol\u00edtico tallado de veinticuatro toneladas que se [&hellip;]<\/p>\n","protected":false},"author":1,"featured_media":157,"comment_status":"open","ping_status":"closed","sticky":false,"template":"","format":"standard","meta":{"_et_pb_use_builder":"on","_et_pb_old_content":"","_et_gb_content_width":"","_jetpack_memberships_contains_paid_content":false,"footnotes":""},"categories":[33],"tags":[43,69,68,70,71],"ppma_author":[72],"class_list":["post-152","post","type-post","status-publish","format-standard","has-post-thumbnail","hentry","category-numero-cero","tag-arte","tag-calaveras-diablitos","tag-migueltorres","tag-museo","tag-objeto"],"yoast_head":"<!-- This site is optimized with the Yoast SEO plugin v27.3 - https:\/\/yoast.com\/product\/yoast-seo-wordpress\/ -->\n<title>EL OBJETO DE ARTE - REVISTA QUIOTE<\/title>\n<meta name=\"robots\" content=\"index, follow, max-snippet:-1, max-image-preview:large, max-video-preview:-1\" \/>\n<link rel=\"canonical\" href=\"https:\/\/revistaquiote.org\/?p=152\" \/>\n<meta property=\"og:locale\" content=\"es_ES\" \/>\n<meta property=\"og:type\" content=\"article\" \/>\n<meta property=\"og:title\" content=\"EL OBJETO DE ARTE - REVISTA QUIOTE\" \/>\n<meta property=\"og:description\" content=\"MIGUEL TORRES \u00bfQu\u00e9 hace que un objeto sea considerado merecedor de estar en un museo? El concepto de cultura material ayuda a resolver esta cuesti\u00f3n en la medida en la que supone una apreciaci\u00f3n determinada de un objeto, de la cual se derivan comportamientos. Pienso en aquel disco monol\u00edtico tallado de veinticuatro toneladas que se [&hellip;]\" \/>\n<meta property=\"og:url\" content=\"https:\/\/revistaquiote.org\/?p=152\" \/>\n<meta property=\"og:site_name\" content=\"REVISTA QUIOTE\" \/>\n<meta property=\"article:publisher\" content=\"https:\/\/www.facebook.com\/profile.php?id=61581285934903&amp;rdid=NyTBdLDXXt5DTPla&amp;share_url=httpswww.facebook.comshare16XQGGa34v#\" \/>\n<meta property=\"article:published_time\" content=\"2023-10-08T00:00:37+00:00\" \/>\n<meta property=\"article:modified_time\" content=\"2023-12-03T00:58:52+00:00\" \/>\n<meta property=\"og:image\" content=\"https:\/\/revistaquiote.org\/wp-content\/uploads\/2023\/09\/RQ_00_MiguelTorres.png\" \/>\n\t<meta property=\"og:image:width\" content=\"2084\" \/>\n\t<meta property=\"og:image:height\" content=\"1250\" \/>\n\t<meta property=\"og:image:type\" content=\"image\/png\" \/>\n<meta name=\"author\" content=\"Miguel Torres\" \/>\n<meta name=\"twitter:card\" content=\"summary_large_image\" \/>\n<meta name=\"twitter:creator\" content=\"@RQuiote\" \/>\n<meta name=\"twitter:site\" content=\"@RQuiote\" \/>\n<meta name=\"twitter:label1\" content=\"Escrito por\" \/>\n\t<meta name=\"twitter:data1\" content=\"Miguel Torres\" \/>\n\t<meta name=\"twitter:label2\" content=\"Tiempo de lectura\" \/>\n\t<meta name=\"twitter:data2\" content=\"7 minutos\" \/>\n<script type=\"application\/ld+json\" class=\"yoast-schema-graph\">{\"@context\":\"https:\\\/\\\/schema.org\",\"@graph\":[{\"@type\":\"Article\",\"@id\":\"https:\\\/\\\/revistaquiote.org\\\/?p=152#article\",\"isPartOf\":{\"@id\":\"https:\\\/\\\/revistaquiote.org\\\/?p=152\"},\"author\":{\"name\":\"Miguel Torres\",\"@id\":\"https:\\\/\\\/revistaquiote.org\\\/#\\\/schema\\\/person\\\/d7a3f9ed4669a5897b231922e7fc292e\"},\"headline\":\"EL OBJETO DE ARTE\",\"datePublished\":\"2023-10-08T00:00:37+00:00\",\"dateModified\":\"2023-12-03T00:58:52+00:00\",\"mainEntityOfPage\":{\"@id\":\"https:\\\/\\\/revistaquiote.org\\\/?p=152\"},\"wordCount\":1316,\"commentCount\":0,\"publisher\":{\"@id\":\"https:\\\/\\\/revistaquiote.org\\\/#organization\"},\"image\":{\"@id\":\"https:\\\/\\\/revistaquiote.org\\\/?p=152#primaryimage\"},\"thumbnailUrl\":\"https:\\\/\\\/revistaquiote.org\\\/wp-content\\\/uploads\\\/2023\\\/09\\\/RQ_00_MiguelTorres.png\",\"keywords\":[\"arte\",\"CALAVERAS &amp; DIABLITOS\",\"migueltorres\",\"museo\",\"objeto\"],\"articleSection\":[\"N\u00daMERO CERO\"],\"inLanguage\":\"es\",\"potentialAction\":[{\"@type\":\"CommentAction\",\"name\":\"Comment\",\"target\":[\"https:\\\/\\\/revistaquiote.org\\\/?p=152#respond\"]}]},{\"@type\":\"WebPage\",\"@id\":\"https:\\\/\\\/revistaquiote.org\\\/?p=152\",\"url\":\"https:\\\/\\\/revistaquiote.org\\\/?p=152\",\"name\":\"EL OBJETO DE ARTE - REVISTA QUIOTE\",\"isPartOf\":{\"@id\":\"https:\\\/\\\/revistaquiote.org\\\/#website\"},\"primaryImageOfPage\":{\"@id\":\"https:\\\/\\\/revistaquiote.org\\\/?p=152#primaryimage\"},\"image\":{\"@id\":\"https:\\\/\\\/revistaquiote.org\\\/?p=152#primaryimage\"},\"thumbnailUrl\":\"https:\\\/\\\/revistaquiote.org\\\/wp-content\\\/uploads\\\/2023\\\/09\\\/RQ_00_MiguelTorres.png\",\"datePublished\":\"2023-10-08T00:00:37+00:00\",\"dateModified\":\"2023-12-03T00:58:52+00:00\",\"breadcrumb\":{\"@id\":\"https:\\\/\\\/revistaquiote.org\\\/?p=152#breadcrumb\"},\"inLanguage\":\"es\",\"potentialAction\":[{\"@type\":\"ReadAction\",\"target\":[\"https:\\\/\\\/revistaquiote.org\\\/?p=152\"]}]},{\"@type\":\"ImageObject\",\"inLanguage\":\"es\",\"@id\":\"https:\\\/\\\/revistaquiote.org\\\/?p=152#primaryimage\",\"url\":\"https:\\\/\\\/revistaquiote.org\\\/wp-content\\\/uploads\\\/2023\\\/09\\\/RQ_00_MiguelTorres.png\",\"contentUrl\":\"https:\\\/\\\/revistaquiote.org\\\/wp-content\\\/uploads\\\/2023\\\/09\\\/RQ_00_MiguelTorres.png\",\"width\":2084,\"height\":1250},{\"@type\":\"BreadcrumbList\",\"@id\":\"https:\\\/\\\/revistaquiote.org\\\/?p=152#breadcrumb\",\"itemListElement\":[{\"@type\":\"ListItem\",\"position\":1,\"name\":\"Portada\",\"item\":\"https:\\\/\\\/revistaquiote.org\\\/\"},{\"@type\":\"ListItem\",\"position\":2,\"name\":\"EL OBJETO DE ARTE\"}]},{\"@type\":\"WebSite\",\"@id\":\"https:\\\/\\\/revistaquiote.org\\\/#website\",\"url\":\"https:\\\/\\\/revistaquiote.org\\\/\",\"name\":\"REVISTA QUIOTE\",\"description\":\"N\u00daMERO SEIS\",\"publisher\":{\"@id\":\"https:\\\/\\\/revistaquiote.org\\\/#organization\"},\"potentialAction\":[{\"@type\":\"SearchAction\",\"target\":{\"@type\":\"EntryPoint\",\"urlTemplate\":\"https:\\\/\\\/revistaquiote.org\\\/?s={search_term_string}\"},\"query-input\":{\"@type\":\"PropertyValueSpecification\",\"valueRequired\":true,\"valueName\":\"search_term_string\"}}],\"inLanguage\":\"es\"},{\"@type\":\"Organization\",\"@id\":\"https:\\\/\\\/revistaquiote.org\\\/#organization\",\"name\":\"REVISTA QUIOTE\",\"url\":\"https:\\\/\\\/revistaquiote.org\\\/\",\"logo\":{\"@type\":\"ImageObject\",\"inLanguage\":\"es\",\"@id\":\"https:\\\/\\\/revistaquiote.org\\\/#\\\/schema\\\/logo\\\/image\\\/\",\"url\":\"https:\\\/\\\/revistaquiote.org\\\/wp-content\\\/uploads\\\/2023\\\/06\\\/Quiote-logo_01.png\",\"contentUrl\":\"https:\\\/\\\/revistaquiote.org\\\/wp-content\\\/uploads\\\/2023\\\/06\\\/Quiote-logo_01.png\",\"width\":1042,\"height\":417,\"caption\":\"REVISTA QUIOTE\"},\"image\":{\"@id\":\"https:\\\/\\\/revistaquiote.org\\\/#\\\/schema\\\/logo\\\/image\\\/\"},\"sameAs\":[\"https:\\\/\\\/www.facebook.com\\\/profile.php?id=61581285934903&rdid=NyTBdLDXXt5DTPla&share_url=httpswww.facebook.comshare16XQGGa34v#\",\"https:\\\/\\\/x.com\\\/RQuiote\",\"https:\\\/\\\/www.instagram.com\\\/revista.quiote\\\/\"]},{\"@type\":\"Person\",\"@id\":\"https:\\\/\\\/revistaquiote.org\\\/#\\\/schema\\\/person\\\/d7a3f9ed4669a5897b231922e7fc292e\",\"name\":\"Miguel Torres\",\"image\":{\"@type\":\"ImageObject\",\"inLanguage\":\"es\",\"@id\":\"https:\\\/\\\/secure.gravatar.com\\\/avatar\\\/00c77c9b45fb8ec83854a3fc58bb68a9455f554fb2ed7d93769f39cab7a2c6a4?s=96&d=mm&r=gd1fa56e4f1f0eb1983a3ad9f6827f3c2\",\"url\":\"https:\\\/\\\/secure.gravatar.com\\\/avatar\\\/00c77c9b45fb8ec83854a3fc58bb68a9455f554fb2ed7d93769f39cab7a2c6a4?s=96&d=mm&r=g\",\"contentUrl\":\"https:\\\/\\\/secure.gravatar.com\\\/avatar\\\/00c77c9b45fb8ec83854a3fc58bb68a9455f554fb2ed7d93769f39cab7a2c6a4?s=96&d=mm&r=g\",\"caption\":\"Miguel Torres\"},\"sameAs\":[\"https:\\\/\\\/revistaquiote.org\"],\"url\":\"https:\\\/\\\/revistaquiote.org\\\/?author=1\"}]}<\/script>\n<!-- \/ Yoast SEO plugin. -->","yoast_head_json":{"title":"EL OBJETO DE ARTE - REVISTA QUIOTE","robots":{"index":"index","follow":"follow","max-snippet":"max-snippet:-1","max-image-preview":"max-image-preview:large","max-video-preview":"max-video-preview:-1"},"canonical":"https:\/\/revistaquiote.org\/?p=152","og_locale":"es_ES","og_type":"article","og_title":"EL OBJETO DE ARTE - REVISTA QUIOTE","og_description":"MIGUEL TORRES \u00bfQu\u00e9 hace que un objeto sea considerado merecedor de estar en un museo? El concepto de cultura material ayuda a resolver esta cuesti\u00f3n en la medida en la que supone una apreciaci\u00f3n determinada de un objeto, de la cual se derivan comportamientos. Pienso en aquel disco monol\u00edtico tallado de veinticuatro toneladas que se [&hellip;]","og_url":"https:\/\/revistaquiote.org\/?p=152","og_site_name":"REVISTA QUIOTE","article_publisher":"https:\/\/www.facebook.com\/profile.php?id=61581285934903&rdid=NyTBdLDXXt5DTPla&share_url=httpswww.facebook.comshare16XQGGa34v#","article_published_time":"2023-10-08T00:00:37+00:00","article_modified_time":"2023-12-03T00:58:52+00:00","og_image":[{"width":2084,"height":1250,"url":"https:\/\/revistaquiote.org\/wp-content\/uploads\/2023\/09\/RQ_00_MiguelTorres.png","type":"image\/png"}],"author":"Miguel Torres","twitter_card":"summary_large_image","twitter_creator":"@RQuiote","twitter_site":"@RQuiote","twitter_misc":{"Escrito por":"Miguel Torres","Tiempo de lectura":"7 minutos"},"schema":{"@context":"https:\/\/schema.org","@graph":[{"@type":"Article","@id":"https:\/\/revistaquiote.org\/?p=152#article","isPartOf":{"@id":"https:\/\/revistaquiote.org\/?p=152"},"author":{"name":"Miguel Torres","@id":"https:\/\/revistaquiote.org\/#\/schema\/person\/d7a3f9ed4669a5897b231922e7fc292e"},"headline":"EL OBJETO DE ARTE","datePublished":"2023-10-08T00:00:37+00:00","dateModified":"2023-12-03T00:58:52+00:00","mainEntityOfPage":{"@id":"https:\/\/revistaquiote.org\/?p=152"},"wordCount":1316,"commentCount":0,"publisher":{"@id":"https:\/\/revistaquiote.org\/#organization"},"image":{"@id":"https:\/\/revistaquiote.org\/?p=152#primaryimage"},"thumbnailUrl":"https:\/\/revistaquiote.org\/wp-content\/uploads\/2023\/09\/RQ_00_MiguelTorres.png","keywords":["arte","CALAVERAS &amp; DIABLITOS","migueltorres","museo","objeto"],"articleSection":["N\u00daMERO CERO"],"inLanguage":"es","potentialAction":[{"@type":"CommentAction","name":"Comment","target":["https:\/\/revistaquiote.org\/?p=152#respond"]}]},{"@type":"WebPage","@id":"https:\/\/revistaquiote.org\/?p=152","url":"https:\/\/revistaquiote.org\/?p=152","name":"EL OBJETO DE ARTE - REVISTA QUIOTE","isPartOf":{"@id":"https:\/\/revistaquiote.org\/#website"},"primaryImageOfPage":{"@id":"https:\/\/revistaquiote.org\/?p=152#primaryimage"},"image":{"@id":"https:\/\/revistaquiote.org\/?p=152#primaryimage"},"thumbnailUrl":"https:\/\/revistaquiote.org\/wp-content\/uploads\/2023\/09\/RQ_00_MiguelTorres.png","datePublished":"2023-10-08T00:00:37+00:00","dateModified":"2023-12-03T00:58:52+00:00","breadcrumb":{"@id":"https:\/\/revistaquiote.org\/?p=152#breadcrumb"},"inLanguage":"es","potentialAction":[{"@type":"ReadAction","target":["https:\/\/revistaquiote.org\/?p=152"]}]},{"@type":"ImageObject","inLanguage":"es","@id":"https:\/\/revistaquiote.org\/?p=152#primaryimage","url":"https:\/\/revistaquiote.org\/wp-content\/uploads\/2023\/09\/RQ_00_MiguelTorres.png","contentUrl":"https:\/\/revistaquiote.org\/wp-content\/uploads\/2023\/09\/RQ_00_MiguelTorres.png","width":2084,"height":1250},{"@type":"BreadcrumbList","@id":"https:\/\/revistaquiote.org\/?p=152#breadcrumb","itemListElement":[{"@type":"ListItem","position":1,"name":"Portada","item":"https:\/\/revistaquiote.org\/"},{"@type":"ListItem","position":2,"name":"EL OBJETO DE ARTE"}]},{"@type":"WebSite","@id":"https:\/\/revistaquiote.org\/#website","url":"https:\/\/revistaquiote.org\/","name":"REVISTA QUIOTE","description":"N\u00daMERO SEIS","publisher":{"@id":"https:\/\/revistaquiote.org\/#organization"},"potentialAction":[{"@type":"SearchAction","target":{"@type":"EntryPoint","urlTemplate":"https:\/\/revistaquiote.org\/?s={search_term_string}"},"query-input":{"@type":"PropertyValueSpecification","valueRequired":true,"valueName":"search_term_string"}}],"inLanguage":"es"},{"@type":"Organization","@id":"https:\/\/revistaquiote.org\/#organization","name":"REVISTA QUIOTE","url":"https:\/\/revistaquiote.org\/","logo":{"@type":"ImageObject","inLanguage":"es","@id":"https:\/\/revistaquiote.org\/#\/schema\/logo\/image\/","url":"https:\/\/revistaquiote.org\/wp-content\/uploads\/2023\/06\/Quiote-logo_01.png","contentUrl":"https:\/\/revistaquiote.org\/wp-content\/uploads\/2023\/06\/Quiote-logo_01.png","width":1042,"height":417,"caption":"REVISTA QUIOTE"},"image":{"@id":"https:\/\/revistaquiote.org\/#\/schema\/logo\/image\/"},"sameAs":["https:\/\/www.facebook.com\/profile.php?id=61581285934903&rdid=NyTBdLDXXt5DTPla&share_url=httpswww.facebook.comshare16XQGGa34v#","https:\/\/x.com\/RQuiote","https:\/\/www.instagram.com\/revista.quiote\/"]},{"@type":"Person","@id":"https:\/\/revistaquiote.org\/#\/schema\/person\/d7a3f9ed4669a5897b231922e7fc292e","name":"Miguel Torres","image":{"@type":"ImageObject","inLanguage":"es","@id":"https:\/\/secure.gravatar.com\/avatar\/00c77c9b45fb8ec83854a3fc58bb68a9455f554fb2ed7d93769f39cab7a2c6a4?s=96&d=mm&r=gd1fa56e4f1f0eb1983a3ad9f6827f3c2","url":"https:\/\/secure.gravatar.com\/avatar\/00c77c9b45fb8ec83854a3fc58bb68a9455f554fb2ed7d93769f39cab7a2c6a4?s=96&d=mm&r=g","contentUrl":"https:\/\/secure.gravatar.com\/avatar\/00c77c9b45fb8ec83854a3fc58bb68a9455f554fb2ed7d93769f39cab7a2c6a4?s=96&d=mm&r=g","caption":"Miguel Torres"},"sameAs":["https:\/\/revistaquiote.org"],"url":"https:\/\/revistaquiote.org\/?author=1"}]}},"jetpack_featured_media_url":"https:\/\/revistaquiote.org\/wp-content\/uploads\/2023\/09\/RQ_00_MiguelTorres.png","jetpack_sharing_enabled":true,"authors":[{"term_id":72,"user_id":1,"is_guest":0,"slug":"admin_revistaweb","display_name":"Miguel Torres","avatar_url":"https:\/\/secure.gravatar.com\/avatar\/87dd3a6d687c245a77c283e6347f84b9c3c69633997446b2df5e79399d48b906?s=96&d=mm&r=g","0":null,"1":"","2":"","3":"","4":"","5":"","6":"","7":"","8":""}],"_links":{"self":[{"href":"https:\/\/revistaquiote.org\/index.php?rest_route=\/wp\/v2\/posts\/152","targetHints":{"allow":["GET"]}}],"collection":[{"href":"https:\/\/revistaquiote.org\/index.php?rest_route=\/wp\/v2\/posts"}],"about":[{"href":"https:\/\/revistaquiote.org\/index.php?rest_route=\/wp\/v2\/types\/post"}],"author":[{"embeddable":true,"href":"https:\/\/revistaquiote.org\/index.php?rest_route=\/wp\/v2\/users\/1"}],"replies":[{"embeddable":true,"href":"https:\/\/revistaquiote.org\/index.php?rest_route=%2Fwp%2Fv2%2Fcomments&post=152"}],"version-history":[{"count":16,"href":"https:\/\/revistaquiote.org\/index.php?rest_route=\/wp\/v2\/posts\/152\/revisions"}],"predecessor-version":[{"id":764,"href":"https:\/\/revistaquiote.org\/index.php?rest_route=\/wp\/v2\/posts\/152\/revisions\/764"}],"wp:featuredmedia":[{"embeddable":true,"href":"https:\/\/revistaquiote.org\/index.php?rest_route=\/wp\/v2\/media\/157"}],"wp:attachment":[{"href":"https:\/\/revistaquiote.org\/index.php?rest_route=%2Fwp%2Fv2%2Fmedia&parent=152"}],"wp:term":[{"taxonomy":"category","embeddable":true,"href":"https:\/\/revistaquiote.org\/index.php?rest_route=%2Fwp%2Fv2%2Fcategories&post=152"},{"taxonomy":"post_tag","embeddable":true,"href":"https:\/\/revistaquiote.org\/index.php?rest_route=%2Fwp%2Fv2%2Ftags&post=152"},{"taxonomy":"author","embeddable":true,"href":"https:\/\/revistaquiote.org\/index.php?rest_route=%2Fwp%2Fv2%2Fppma_author&post=152"}],"curies":[{"name":"wp","href":"https:\/\/api.w.org\/{rel}","templated":true}]}}