{"id":1546,"date":"2024-09-20T15:42:04","date_gmt":"2024-09-20T15:42:04","guid":{"rendered":"https:\/\/revistaquiote.org\/?p=1546"},"modified":"2024-09-20T16:30:03","modified_gmt":"2024-09-20T16:30:03","slug":"editorial-dos","status":"publish","type":"post","link":"https:\/\/revistaquiote.org\/?p=1546","title":{"rendered":"EDITORIAL DOS"},"content":{"rendered":"\n[et_pb_section fb_built=\u00bb1&#8243; _builder_version=\u00bb4.21.0&#8243; _module_preset=\u00bbdefault\u00bb background_color=\u00bbRGBA(255,255,255,0)\u00bb custom_margin=\u00bb||-6px|||\u00bb custom_padding=\u00bb||0px|||\u00bb global_colors_info=\u00bb{}\u00bb theme_builder_area=\u00bbet_body_layout\u00bb][et_pb_row _builder_version=\u00bb4.21.0&#8243; _module_preset=\u00bbdefault\u00bb global_colors_info=\u00bb{}\u00bb theme_builder_area=\u00bbet_body_layout\u00bb][et_pb_column type=\u00bb4_4&#8243; _builder_version=\u00bb4.21.0&#8243; _module_preset=\u00bbdefault\u00bb global_colors_info=\u00bb{}\u00bb theme_builder_area=\u00bbet_body_layout\u00bb][et_pb_text _builder_version=\u00bb4.21.0&#8243; _module_preset=\u00bbdefault\u00bb background_color=\u00bbRGBA(255,255,255,0)\u00bb custom_margin=\u00bb||-1px|||\u00bb custom_padding=\u00bb||50px|||\u00bb global_colors_info=\u00bb{}\u00bb theme_builder_area=\u00bbet_body_layout\u00bb]<p class=\"p1\"><strong>Como sociedad tenemos el privilegio de poder participar en el actual periodo de la vida p\u00fablica de<\/strong> nuestro pa\u00eds. Una vez m\u00e1s, es tiempo de definiciones. Andr\u00e9s Manuel L\u00f3pez Obrador se prepara para concluir su etapa como l\u00edder de un movimiento que ha congregado a diversas corrientes de las izquierdas hist\u00f3ricas. Este movimiento es el resultado de una confluencia de esfuerzos que abarcan desde las luchas del 68 hasta las batallas obreras de las d\u00e9cadas siguientes, pasando por los movimientos estudiantiles de los 80 y 90, el Barz\u00f3n, la APPO, la resistencia magisterial, Atenco y tambi\u00e9n las normales rurales y el zapatismo, a pesar de las tensiones y desencuentros recientes.<br \/>\u00a0 \u00a0 \u00a0El primer piso de la Cuarta Transformaci\u00f3n se ha caracterizado por ser un torbellino de acontecimientos y el balance de sus claroscuros a\u00fan se siente lejano y complejo. El cierre del ciclo del compa\u00f1ero Presidente marca el fin de una etapa, pero tambi\u00e9n el inicio de un nuevo per\u00edodo que exige una construcci\u00f3n s\u00f3lida y comprometida de un proyecto social y cultural que, como no se ve\u00eda desde hace un siglo, debe caracterizarse por un compromiso popular, duradero y profundo.<br \/>\u00a0 \u00a0 \u00a0Un aspecto trascendental de este momento es el cambio de conciencia del pueblo y la politizaci\u00f3n masiva alcanzada. Nunca antes se hab\u00eda discutido tanto ni se hab\u00eda escuchado tantas voces intentando comunicarse de manera tan amplia y profunda. Este fen\u00f3meno hist\u00f3rico avanza, retrocede, crea, desecha, reforma y enfrenta m\u00faltiples visiones y estrategias en b\u00fasqueda del bien com\u00fan.<br \/>\u00a0 \u00a0 \u00a0En<em> Quiote<\/em>, nos proponemos contribuir a este esfuerzo colectivo a favor del di\u00e1logo. Nuestro deseo es acompa\u00f1ar y caminar junto a millones de personas en este nuevo ciclo, con la esperanza de seguir sumando a la conversaci\u00f3n y al compromiso con la transformaci\u00f3n social.<br \/>\u00a0 \u00a0 \u00a0Nuestro segundo n\u00famero comienza con <strong>Mario Ortega<\/strong>, quien aborda en \u201cVida digna\u201d la noci\u00f3n de este concepto, denunciando c\u00f3mo en los est\u00e1ndares materiales promovidos por modelos occidentales, en particular el anglosaj\u00f3n, se promete calidad de vida pero se otorga desigualdad y dominaci\u00f3n econ\u00f3mica perpetuas.<br \/><strong>\u00a0 \u00a0 \u00a0Javier Moro Hern\u00e1ndez<\/strong> aborda c\u00f3mo la crisis de concentraci\u00f3n del mercado editorial y la creaci\u00f3n cultural en manos de unos pocos crea un entorno cada vez m\u00e1s exclusivo donde algunas formas de pirater\u00eda pueden resultar liberadoras y hasta necesarias para democratizar el acceso a la cultura.<br \/>\u00a0 \u00a0 \u00a0En una entrega m\u00e1s de la fabulosa secci\u00f3n <em>#Showblitz-krieg<\/em>, <strong>C\u00e9sar Cort\u00e9s Vega<\/strong> advierte sobre el impacto de las tecnolog\u00edas emergentes, particularmente de la inteligencia artificial, en la sociedad y la pol\u00edtica. Explora escapes a la par\u00e1bola del s\u00edndrome de la rana hervida donde cambios graduales llevan a la cat\u00e1strofe sin ser percibidos.<span class=\"Apple-converted-space\">\u00a0<br \/><\/span>\u00a0 \u00a0 \u00a0Por su parte, <strong>Pavel Navarro<\/strong> narra la relevancia hist\u00f3rica y pol\u00edtica de Francisco Villa en M\u00e9xico, celebrando su reciente inclusi\u00f3n en las conmemoraciones oficiales del pa\u00eds bajo el gobierno de L\u00f3pez Obrador.<span class=\"Apple-converted-space\">\u00a0<br \/><\/span><strong>\u00a0 \u00a0 \u00a0Adriana Ramonetti<\/strong>, hace una fina rese\u00f1a de la exposici\u00f3n <em>Evocaciones<\/em>, de Eugenia Mart\u00ednez, en el Centro Cultural Plaza F\u00e1tima en Monterrey, Nuevo Le\u00f3n, donde examina c\u00f3mo los recuerdos, a menudo ef\u00edmeros y fragmentarios, pueden ser revividos a trav\u00e9s de est\u00edmulos sensoriales.<span class=\"Apple-converted-space\">\u00a0<br \/><\/span><strong>\u00a0 \u00a0 \u00a0Adriana Cano<\/strong>, con \u201cPilares en l\u00ednea, desde la vivencia\u201d, describe la implementaci\u00f3n y evoluci\u00f3n de los Puntos de Innovaci\u00f3n, Libertad, Arte, Educaci\u00f3n y Saberes en la Ciudad de M\u00e9xico, durante el confinamiento producido por la pandemia de Covid-19, destacando el trabajo y la resistencia que la comunidad usuaria de estos espacios construy\u00f3 durante la adversidad.<br \/><strong>\u00a0 \u00a0 \u00a0Christian Barrag\u00e1n<\/strong> comenta la obra art\u00edstica de Ver\u00f3nica Bap\u00e9, creadora visual mexicana que utiliza diversas disciplinas para narrar microhistorias personales que se entrelazan con la Historia con la finalidad de reflexionar sobre su experiencia como migrante.<span class=\"Apple-converted-space\">\u00a0<br \/><\/span>\u00a0 \u00a0 \u00a0En \u201cLa teor\u00eda del valor como postulado normativo\u201d, <strong>H\u00e9ctor Rodr\u00edguez<\/strong> propone una lectura de la teor\u00eda del valor de Marx centrada en su car\u00e1cter \u00e9tico m\u00e1s que en el cient\u00edfico.<span class=\"Apple-converted-space\">\u00a0<br \/><\/span><strong>\u00a0 \u00a0 \u00a0Nuria Cano Erazo<\/strong> aborda en su texto la vida y obra del poeta peruano C\u00e9sar Moro, destacando su sensibilidad art\u00edstica y su resistencia contra las imposiciones pol\u00edticas y sociales de su tiempo, espec\u00edficamente su relaci\u00f3n con el hospital psiqui\u00e1trico V\u00edctor Larco Herrera, donde encontr\u00f3 inspiraci\u00f3n en las expresiones art\u00edsticas de los pacientes.<span class=\"Apple-converted-space\">\u00a0<br \/><\/span>\u00a0 \u00a0 \u00a0Para cerrar con broche de oro, <strong>Antonio Pliego<\/strong>, en su texto \u201cArte en conflicto\u201d, reflexiona sobre el papel del arte en la sociedad contempor\u00e1nea y c\u00f3mo la \u00e9tica y la sobrepoblaci\u00f3n influyen en la producci\u00f3n cultural, as\u00ed como en las tensiones existentes entre la tradici\u00f3n y la modernidad.<span class=\"Apple-converted-space\">\u00a0<\/span><\/p>\n<p class=\"p1\"><strong>\u00a1Hasta siempre, presidente!\u00a0 \u00a0 \u00a0<\/strong><strong><em>\u00abAmor con amor se paga.\u00bb<\/em><\/strong><\/p>\n<p class=\"p1\"><strong><\/strong><\/p>[\/et_pb_text][\/et_pb_column][\/et_pb_row][\/et_pb_section]\n","protected":false},"excerpt":{"rendered":"<p>Como sociedad tenemos el privilegio de poder participar en el actual periodo de la vida p\u00fablica de nuestro pa\u00eds. Una vez m\u00e1s, es tiempo de definiciones. Andr\u00e9s Manuel L\u00f3pez Obrador se prepara para concluir su etapa como l\u00edder de un movimiento que ha congregado a diversas corrientes de las izquierdas hist\u00f3ricas. Este movimiento es el [&hellip;]<\/p>\n","protected":false},"author":12,"featured_media":1551,"comment_status":"closed","ping_status":"closed","sticky":false,"template":"","format":"standard","meta":{"_et_pb_use_builder":"on","_et_pb_old_content":"","_et_gb_content_width":"","_jetpack_memberships_contains_paid_content":false,"footnotes":""},"categories":[138],"tags":[139],"ppma_author":[81],"class_list":["post-1546","post","type-post","status-publish","format-standard","has-post-thumbnail","hentry","category-numero-dos","tag-editorial"],"yoast_head":"<!-- This site is optimized with the Yoast SEO plugin v27.3 - https:\/\/yoast.com\/product\/yoast-seo-wordpress\/ -->\n<title>EDITORIAL DOS - REVISTA QUIOTE<\/title>\n<meta name=\"robots\" content=\"index, follow, max-snippet:-1, max-image-preview:large, max-video-preview:-1\" \/>\n<link rel=\"canonical\" href=\"https:\/\/revistaquiote.org\/?p=1546\" \/>\n<meta property=\"og:locale\" content=\"es_ES\" \/>\n<meta property=\"og:type\" content=\"article\" \/>\n<meta property=\"og:title\" content=\"EDITORIAL DOS - REVISTA QUIOTE\" \/>\n<meta property=\"og:description\" content=\"Como sociedad tenemos el privilegio de poder participar en el actual periodo de la vida p\u00fablica de nuestro pa\u00eds. Una vez m\u00e1s, es tiempo de definiciones. Andr\u00e9s Manuel L\u00f3pez Obrador se prepara para concluir su etapa como l\u00edder de un movimiento que ha congregado a diversas corrientes de las izquierdas hist\u00f3ricas. Este movimiento es el [&hellip;]\" \/>\n<meta property=\"og:url\" content=\"https:\/\/revistaquiote.org\/?p=1546\" \/>\n<meta property=\"og:site_name\" content=\"REVISTA QUIOTE\" \/>\n<meta property=\"article:publisher\" content=\"https:\/\/www.facebook.com\/profile.php?id=61581285934903&amp;rdid=NyTBdLDXXt5DTPla&amp;share_url=httpswww.facebook.comshare16XQGGa34v#\" \/>\n<meta property=\"article:published_time\" content=\"2024-09-20T15:42:04+00:00\" \/>\n<meta property=\"article:modified_time\" content=\"2024-09-20T16:30:03+00:00\" \/>\n<meta property=\"og:image\" content=\"https:\/\/revistaquiote.org\/wp-content\/uploads\/2024\/09\/quiote_id_n02eda-1024x614.png\" \/>\n\t<meta property=\"og:image:width\" content=\"1024\" \/>\n\t<meta property=\"og:image:height\" content=\"614\" \/>\n\t<meta property=\"og:image:type\" content=\"image\/png\" \/>\n<meta name=\"author\" content=\"Revista Quiote\" \/>\n<meta name=\"twitter:card\" content=\"summary_large_image\" \/>\n<meta name=\"twitter:creator\" content=\"@RQuiote\" \/>\n<meta name=\"twitter:site\" content=\"@RQuiote\" \/>\n<meta name=\"twitter:label1\" content=\"Escrito por\" \/>\n\t<meta name=\"twitter:data1\" content=\"Revista Quiote\" \/>\n\t<meta name=\"twitter:label2\" content=\"Tiempo de lectura\" \/>\n\t<meta name=\"twitter:data2\" content=\"5 minutos\" \/>\n<script type=\"application\/ld+json\" class=\"yoast-schema-graph\">{\"@context\":\"https:\\\/\\\/schema.org\",\"@graph\":[{\"@type\":\"Article\",\"@id\":\"https:\\\/\\\/revistaquiote.org\\\/?p=1546#article\",\"isPartOf\":{\"@id\":\"https:\\\/\\\/revistaquiote.org\\\/?p=1546\"},\"author\":{\"name\":\"Revista Quiote\",\"@id\":\"https:\\\/\\\/revistaquiote.org\\\/#\\\/schema\\\/person\\\/da4f03b210a0eb161061c9500f5c269e\"},\"headline\":\"EDITORIAL DOS\",\"datePublished\":\"2024-09-20T15:42:04+00:00\",\"dateModified\":\"2024-09-20T16:30:03+00:00\",\"mainEntityOfPage\":{\"@id\":\"https:\\\/\\\/revistaquiote.org\\\/?p=1546\"},\"wordCount\":934,\"publisher\":{\"@id\":\"https:\\\/\\\/revistaquiote.org\\\/#organization\"},\"image\":{\"@id\":\"https:\\\/\\\/revistaquiote.org\\\/?p=1546#primaryimage\"},\"thumbnailUrl\":\"https:\\\/\\\/revistaquiote.org\\\/wp-content\\\/uploads\\\/2024\\\/09\\\/quiote_id_n02eda.png\",\"keywords\":[\"editorial\"],\"articleSection\":[\"N\u00daMERO DOS\"],\"inLanguage\":\"es\"},{\"@type\":\"WebPage\",\"@id\":\"https:\\\/\\\/revistaquiote.org\\\/?p=1546\",\"url\":\"https:\\\/\\\/revistaquiote.org\\\/?p=1546\",\"name\":\"EDITORIAL DOS - REVISTA QUIOTE\",\"isPartOf\":{\"@id\":\"https:\\\/\\\/revistaquiote.org\\\/#website\"},\"primaryImageOfPage\":{\"@id\":\"https:\\\/\\\/revistaquiote.org\\\/?p=1546#primaryimage\"},\"image\":{\"@id\":\"https:\\\/\\\/revistaquiote.org\\\/?p=1546#primaryimage\"},\"thumbnailUrl\":\"https:\\\/\\\/revistaquiote.org\\\/wp-content\\\/uploads\\\/2024\\\/09\\\/quiote_id_n02eda.png\",\"datePublished\":\"2024-09-20T15:42:04+00:00\",\"dateModified\":\"2024-09-20T16:30:03+00:00\",\"breadcrumb\":{\"@id\":\"https:\\\/\\\/revistaquiote.org\\\/?p=1546#breadcrumb\"},\"inLanguage\":\"es\",\"potentialAction\":[{\"@type\":\"ReadAction\",\"target\":[\"https:\\\/\\\/revistaquiote.org\\\/?p=1546\"]}]},{\"@type\":\"ImageObject\",\"inLanguage\":\"es\",\"@id\":\"https:\\\/\\\/revistaquiote.org\\\/?p=1546#primaryimage\",\"url\":\"https:\\\/\\\/revistaquiote.org\\\/wp-content\\\/uploads\\\/2024\\\/09\\\/quiote_id_n02eda.png\",\"contentUrl\":\"https:\\\/\\\/revistaquiote.org\\\/wp-content\\\/uploads\\\/2024\\\/09\\\/quiote_id_n02eda.png\",\"width\":2084,\"height\":1250},{\"@type\":\"BreadcrumbList\",\"@id\":\"https:\\\/\\\/revistaquiote.org\\\/?p=1546#breadcrumb\",\"itemListElement\":[{\"@type\":\"ListItem\",\"position\":1,\"name\":\"Portada\",\"item\":\"https:\\\/\\\/revistaquiote.org\\\/\"},{\"@type\":\"ListItem\",\"position\":2,\"name\":\"EDITORIAL DOS\"}]},{\"@type\":\"WebSite\",\"@id\":\"https:\\\/\\\/revistaquiote.org\\\/#website\",\"url\":\"https:\\\/\\\/revistaquiote.org\\\/\",\"name\":\"REVISTA QUIOTE\",\"description\":\"N\u00daMERO SEIS\",\"publisher\":{\"@id\":\"https:\\\/\\\/revistaquiote.org\\\/#organization\"},\"potentialAction\":[{\"@type\":\"SearchAction\",\"target\":{\"@type\":\"EntryPoint\",\"urlTemplate\":\"https:\\\/\\\/revistaquiote.org\\\/?s={search_term_string}\"},\"query-input\":{\"@type\":\"PropertyValueSpecification\",\"valueRequired\":true,\"valueName\":\"search_term_string\"}}],\"inLanguage\":\"es\"},{\"@type\":\"Organization\",\"@id\":\"https:\\\/\\\/revistaquiote.org\\\/#organization\",\"name\":\"REVISTA QUIOTE\",\"url\":\"https:\\\/\\\/revistaquiote.org\\\/\",\"logo\":{\"@type\":\"ImageObject\",\"inLanguage\":\"es\",\"@id\":\"https:\\\/\\\/revistaquiote.org\\\/#\\\/schema\\\/logo\\\/image\\\/\",\"url\":\"https:\\\/\\\/revistaquiote.org\\\/wp-content\\\/uploads\\\/2023\\\/06\\\/Quiote-logo_01.png\",\"contentUrl\":\"https:\\\/\\\/revistaquiote.org\\\/wp-content\\\/uploads\\\/2023\\\/06\\\/Quiote-logo_01.png\",\"width\":1042,\"height\":417,\"caption\":\"REVISTA QUIOTE\"},\"image\":{\"@id\":\"https:\\\/\\\/revistaquiote.org\\\/#\\\/schema\\\/logo\\\/image\\\/\"},\"sameAs\":[\"https:\\\/\\\/www.facebook.com\\\/profile.php?id=61581285934903&rdid=NyTBdLDXXt5DTPla&share_url=httpswww.facebook.comshare16XQGGa34v#\",\"https:\\\/\\\/x.com\\\/RQuiote\",\"https:\\\/\\\/www.instagram.com\\\/revista.quiote\\\/\"]},{\"@type\":\"Person\",\"@id\":\"https:\\\/\\\/revistaquiote.org\\\/#\\\/schema\\\/person\\\/da4f03b210a0eb161061c9500f5c269e\",\"name\":\"Revista Quiote\",\"image\":{\"@type\":\"ImageObject\",\"inLanguage\":\"es\",\"@id\":\"https:\\\/\\\/secure.gravatar.com\\\/avatar\\\/5591823d73fd4ad2e97cfc10be8618d7607c26e0d4befc30859a560b7dd58326?s=96&d=mm&r=g15b55b169427740447f0bd6f07ca3ba0\",\"url\":\"https:\\\/\\\/secure.gravatar.com\\\/avatar\\\/5591823d73fd4ad2e97cfc10be8618d7607c26e0d4befc30859a560b7dd58326?s=96&d=mm&r=g\",\"contentUrl\":\"https:\\\/\\\/secure.gravatar.com\\\/avatar\\\/5591823d73fd4ad2e97cfc10be8618d7607c26e0d4befc30859a560b7dd58326?s=96&d=mm&r=g\",\"caption\":\"Revista Quiote\"},\"url\":\"https:\\\/\\\/revistaquiote.org\\\/?author=12\"}]}<\/script>\n<!-- \/ Yoast SEO plugin. -->","yoast_head_json":{"title":"EDITORIAL DOS - REVISTA QUIOTE","robots":{"index":"index","follow":"follow","max-snippet":"max-snippet:-1","max-image-preview":"max-image-preview:large","max-video-preview":"max-video-preview:-1"},"canonical":"https:\/\/revistaquiote.org\/?p=1546","og_locale":"es_ES","og_type":"article","og_title":"EDITORIAL DOS - REVISTA QUIOTE","og_description":"Como sociedad tenemos el privilegio de poder participar en el actual periodo de la vida p\u00fablica de nuestro pa\u00eds. Una vez m\u00e1s, es tiempo de definiciones. Andr\u00e9s Manuel L\u00f3pez Obrador se prepara para concluir su etapa como l\u00edder de un movimiento que ha congregado a diversas corrientes de las izquierdas hist\u00f3ricas. Este movimiento es el [&hellip;]","og_url":"https:\/\/revistaquiote.org\/?p=1546","og_site_name":"REVISTA QUIOTE","article_publisher":"https:\/\/www.facebook.com\/profile.php?id=61581285934903&rdid=NyTBdLDXXt5DTPla&share_url=httpswww.facebook.comshare16XQGGa34v#","article_published_time":"2024-09-20T15:42:04+00:00","article_modified_time":"2024-09-20T16:30:03+00:00","og_image":[{"width":1024,"height":614,"url":"https:\/\/revistaquiote.org\/wp-content\/uploads\/2024\/09\/quiote_id_n02eda-1024x614.png","type":"image\/png"}],"author":"Revista Quiote","twitter_card":"summary_large_image","twitter_creator":"@RQuiote","twitter_site":"@RQuiote","twitter_misc":{"Escrito por":"Revista Quiote","Tiempo de lectura":"5 minutos"},"schema":{"@context":"https:\/\/schema.org","@graph":[{"@type":"Article","@id":"https:\/\/revistaquiote.org\/?p=1546#article","isPartOf":{"@id":"https:\/\/revistaquiote.org\/?p=1546"},"author":{"name":"Revista Quiote","@id":"https:\/\/revistaquiote.org\/#\/schema\/person\/da4f03b210a0eb161061c9500f5c269e"},"headline":"EDITORIAL DOS","datePublished":"2024-09-20T15:42:04+00:00","dateModified":"2024-09-20T16:30:03+00:00","mainEntityOfPage":{"@id":"https:\/\/revistaquiote.org\/?p=1546"},"wordCount":934,"publisher":{"@id":"https:\/\/revistaquiote.org\/#organization"},"image":{"@id":"https:\/\/revistaquiote.org\/?p=1546#primaryimage"},"thumbnailUrl":"https:\/\/revistaquiote.org\/wp-content\/uploads\/2024\/09\/quiote_id_n02eda.png","keywords":["editorial"],"articleSection":["N\u00daMERO DOS"],"inLanguage":"es"},{"@type":"WebPage","@id":"https:\/\/revistaquiote.org\/?p=1546","url":"https:\/\/revistaquiote.org\/?p=1546","name":"EDITORIAL DOS - REVISTA QUIOTE","isPartOf":{"@id":"https:\/\/revistaquiote.org\/#website"},"primaryImageOfPage":{"@id":"https:\/\/revistaquiote.org\/?p=1546#primaryimage"},"image":{"@id":"https:\/\/revistaquiote.org\/?p=1546#primaryimage"},"thumbnailUrl":"https:\/\/revistaquiote.org\/wp-content\/uploads\/2024\/09\/quiote_id_n02eda.png","datePublished":"2024-09-20T15:42:04+00:00","dateModified":"2024-09-20T16:30:03+00:00","breadcrumb":{"@id":"https:\/\/revistaquiote.org\/?p=1546#breadcrumb"},"inLanguage":"es","potentialAction":[{"@type":"ReadAction","target":["https:\/\/revistaquiote.org\/?p=1546"]}]},{"@type":"ImageObject","inLanguage":"es","@id":"https:\/\/revistaquiote.org\/?p=1546#primaryimage","url":"https:\/\/revistaquiote.org\/wp-content\/uploads\/2024\/09\/quiote_id_n02eda.png","contentUrl":"https:\/\/revistaquiote.org\/wp-content\/uploads\/2024\/09\/quiote_id_n02eda.png","width":2084,"height":1250},{"@type":"BreadcrumbList","@id":"https:\/\/revistaquiote.org\/?p=1546#breadcrumb","itemListElement":[{"@type":"ListItem","position":1,"name":"Portada","item":"https:\/\/revistaquiote.org\/"},{"@type":"ListItem","position":2,"name":"EDITORIAL DOS"}]},{"@type":"WebSite","@id":"https:\/\/revistaquiote.org\/#website","url":"https:\/\/revistaquiote.org\/","name":"REVISTA QUIOTE","description":"N\u00daMERO SEIS","publisher":{"@id":"https:\/\/revistaquiote.org\/#organization"},"potentialAction":[{"@type":"SearchAction","target":{"@type":"EntryPoint","urlTemplate":"https:\/\/revistaquiote.org\/?s={search_term_string}"},"query-input":{"@type":"PropertyValueSpecification","valueRequired":true,"valueName":"search_term_string"}}],"inLanguage":"es"},{"@type":"Organization","@id":"https:\/\/revistaquiote.org\/#organization","name":"REVISTA QUIOTE","url":"https:\/\/revistaquiote.org\/","logo":{"@type":"ImageObject","inLanguage":"es","@id":"https:\/\/revistaquiote.org\/#\/schema\/logo\/image\/","url":"https:\/\/revistaquiote.org\/wp-content\/uploads\/2023\/06\/Quiote-logo_01.png","contentUrl":"https:\/\/revistaquiote.org\/wp-content\/uploads\/2023\/06\/Quiote-logo_01.png","width":1042,"height":417,"caption":"REVISTA QUIOTE"},"image":{"@id":"https:\/\/revistaquiote.org\/#\/schema\/logo\/image\/"},"sameAs":["https:\/\/www.facebook.com\/profile.php?id=61581285934903&rdid=NyTBdLDXXt5DTPla&share_url=httpswww.facebook.comshare16XQGGa34v#","https:\/\/x.com\/RQuiote","https:\/\/www.instagram.com\/revista.quiote\/"]},{"@type":"Person","@id":"https:\/\/revistaquiote.org\/#\/schema\/person\/da4f03b210a0eb161061c9500f5c269e","name":"Revista Quiote","image":{"@type":"ImageObject","inLanguage":"es","@id":"https:\/\/secure.gravatar.com\/avatar\/5591823d73fd4ad2e97cfc10be8618d7607c26e0d4befc30859a560b7dd58326?s=96&d=mm&r=g15b55b169427740447f0bd6f07ca3ba0","url":"https:\/\/secure.gravatar.com\/avatar\/5591823d73fd4ad2e97cfc10be8618d7607c26e0d4befc30859a560b7dd58326?s=96&d=mm&r=g","contentUrl":"https:\/\/secure.gravatar.com\/avatar\/5591823d73fd4ad2e97cfc10be8618d7607c26e0d4befc30859a560b7dd58326?s=96&d=mm&r=g","caption":"Revista Quiote"},"url":"https:\/\/revistaquiote.org\/?author=12"}]}},"jetpack_featured_media_url":"https:\/\/revistaquiote.org\/wp-content\/uploads\/2024\/09\/quiote_id_n02eda.png","jetpack_sharing_enabled":true,"authors":[{"term_id":81,"user_id":12,"is_guest":0,"slug":"quiote_revistaweb","display_name":"Revista Quiote","avatar_url":"https:\/\/secure.gravatar.com\/avatar\/5591823d73fd4ad2e97cfc10be8618d7607c26e0d4befc30859a560b7dd58326?s=96&d=mm&r=g","0":null,"1":"","2":"","3":"","4":"","5":"","6":"","7":"","8":""}],"_links":{"self":[{"href":"https:\/\/revistaquiote.org\/index.php?rest_route=\/wp\/v2\/posts\/1546","targetHints":{"allow":["GET"]}}],"collection":[{"href":"https:\/\/revistaquiote.org\/index.php?rest_route=\/wp\/v2\/posts"}],"about":[{"href":"https:\/\/revistaquiote.org\/index.php?rest_route=\/wp\/v2\/types\/post"}],"author":[{"embeddable":true,"href":"https:\/\/revistaquiote.org\/index.php?rest_route=\/wp\/v2\/users\/12"}],"replies":[{"embeddable":true,"href":"https:\/\/revistaquiote.org\/index.php?rest_route=%2Fwp%2Fv2%2Fcomments&post=1546"}],"version-history":[{"count":3,"href":"https:\/\/revistaquiote.org\/index.php?rest_route=\/wp\/v2\/posts\/1546\/revisions"}],"predecessor-version":[{"id":1552,"href":"https:\/\/revistaquiote.org\/index.php?rest_route=\/wp\/v2\/posts\/1546\/revisions\/1552"}],"wp:featuredmedia":[{"embeddable":true,"href":"https:\/\/revistaquiote.org\/index.php?rest_route=\/wp\/v2\/media\/1551"}],"wp:attachment":[{"href":"https:\/\/revistaquiote.org\/index.php?rest_route=%2Fwp%2Fv2%2Fmedia&parent=1546"}],"wp:term":[{"taxonomy":"category","embeddable":true,"href":"https:\/\/revistaquiote.org\/index.php?rest_route=%2Fwp%2Fv2%2Fcategories&post=1546"},{"taxonomy":"post_tag","embeddable":true,"href":"https:\/\/revistaquiote.org\/index.php?rest_route=%2Fwp%2Fv2%2Ftags&post=1546"},{"taxonomy":"author","embeddable":true,"href":"https:\/\/revistaquiote.org\/index.php?rest_route=%2Fwp%2Fv2%2Fppma_author&post=1546"}],"curies":[{"name":"wp","href":"https:\/\/api.w.org\/{rel}","templated":true}]}}