{"id":1617,"date":"2024-09-20T19:43:31","date_gmt":"2024-09-20T19:43:31","guid":{"rendered":"https:\/\/revistaquiote.org\/?p=1617"},"modified":"2024-09-22T17:13:56","modified_gmt":"2024-09-22T17:13:56","slug":"pirateria-y-conocimiento-en-tiempos-de-futbol","status":"publish","type":"post","link":"https:\/\/revistaquiote.org\/?p=1617","title":{"rendered":"PIRATER\u00cdA Y CONOCIMIENTO EN TIEMPOS DE F\u00daTBOL"},"content":{"rendered":"<p>[et_pb_section fb_built=\u00bb1&#8243; _builder_version=\u00bb4.27.0&#8243; _module_preset=\u00bbdefault\u00bb custom_padding=\u00bb2px|||||\u00bb locked=\u00bboff\u00bb global_colors_info=\u00bb{}\u00bb][et_pb_row _builder_version=\u00bb4.27.0&#8243; _module_preset=\u00bbdefault\u00bb min_height=\u00bb1982.8px\u00bb custom_padding=\u00bb8px|||||\u00bb global_colors_info=\u00bb{}\u00bb][et_pb_column type=\u00bb4_4&#8243; _builder_version=\u00bb4.27.0&#8243; _module_preset=\u00bbdefault\u00bb global_colors_info=\u00bb{}\u00bb][et_pb_text _builder_version=\u00bb4.27.0&#8243; _module_preset=\u00bbdefault\u00bb custom_margin=\u00bb||-4px|||\u00bb custom_padding=\u00bb||0px|||\u00bb global_colors_info=\u00bb{}\u00bb]<\/p>\n<p><strong>JAVIER MORO HERN\u00c1NDEZ<\/strong><\/p>\n<p>&nbsp;<\/p>\n<p>Durante la pasada Copa Am\u00e9rica de f\u00fatbol realizada en los Estados Unidos de Am\u00e9rica en el mes de junio, se desat\u00f3 un esc\u00e1ndalo en Argentina, cuando la justicia de aquel pa\u00eds decidi\u00f3 realizar una redada en contra de empresas IPTV, que ofrec\u00edan canales de televisi\u00f3n ilegales, en donde se pod\u00edan ver los partidos de la selecci\u00f3n argentina. Ya sabemos lo que implica para los argentinos el f\u00fatbol, y lo que significa no poder ver los partidos de su selecci\u00f3n.<\/p>\n<p>Una nota del peri\u00f3dico <em>El Clar\u00edn, <\/em>enunci\u00f3: \u201cLa Justicia argentina carg\u00f3 este mi\u00e9rcoles contra los sitios que piratean transmisiones de f\u00fatbol para ofrecerlas gratuitamente. Tras un operativo en Mendoza, se orden\u00f3 bloquear m\u00e1s de 50 dominios de F\u00fatbol Libre y los de Megadeportes, cuyo creador fue detenido.\u201d<span style=\"font-size: small;\"><a href=\"#_ftn1\" name=\"_ftnref1\"><sup>1<\/sup><\/a><\/span><\/p>\n<p>Estas medidas se implementaron tambi\u00e9n en Espa\u00f1a en contra de estos canales en medio de la Eurocopa de f\u00fatbol. Sin embargo, fue en Italia en donde las medidas judiciales han sido cada vez m\u00e1s agresivas en contra de los prestadores de servicios de internet.<\/p>\n<p>Seg\u00fan otra nota del peri\u00f3dico <em>El Espa\u00f1ol<\/em><\/p>\n<blockquote>\n<p>Las IPTV est\u00e1n siendo perseguidas en Espa\u00f1a y Europa, especialmente aquellas dedicadas a la emisi\u00f3n de partidos de f\u00fatbol sin licencia. Despu\u00e9s de a\u00f1os en los que otros m\u00e9todos eran los preferidos de los piratas, las IPTV han ganado mucho protagonismo en muy poco tiempo; y eso est\u00e1 resultando en arrestos y condenas por ofrecer IPTV pirata.<a href=\"#_ftn2\" name=\"_ftnref2\"><sup><span style=\"font-size: small;\">2<\/span><\/sup><\/a><\/p>\n<\/blockquote>\n<p>Pero \u00bfqu\u00e9 son las IPTV y por qu\u00e9 ahora se est\u00e1 dando esta persecuci\u00f3n? Seg\u00fan la p\u00e1gina Selectra, es Internet Protocol Television o televisi\u00f3n por protocolo de Internet, el sistema para ver canales de televisi\u00f3n a trav\u00e9s de Internet. Es parecido al protocolo que tienen las plataformas de streaming, o servicios de OTT (<em>over the top<\/em>), como Netflix, Amazon Prime o HBO.<span style=\"font-size: small;\"><a href=\"#_ftn3\" name=\"_ftnref3\"><sup>3<\/sup><\/a><\/span><\/p>\n<p>[\/et_pb_text][et_pb_text _builder_version=\u00bb4.27.0&#8243; _module_preset=\u00bbdefault\u00bb custom_margin=\u00bb-3px||0px|||\u00bb global_colors_info=\u00bb{}\u00bb]<\/p>\n<p>&nbsp;<\/p>\n<p>Estamos viviendo una \u00e9poca en donde la libre circulaci\u00f3n de ideas y productos culturales se restringe cada vez m\u00e1s. El f\u00fatbol es solo un peque\u00f1o ejemplo. Un ejemplo tal vez cotidiano y superficial. Pensemos que en la d\u00e9cada de los a\u00f1os noventa del siglo pasado, y principios de este siglo, solo era necesario tener una televisi\u00f3n conectada al sistema abierto para poder ver los partidos de la liga local y la de los torneos internacionales m\u00e1s importantes. Es decir, casi cualquier persona pod\u00eda seguir estos eventos. Poco a poco, los sistemas de cable se hicieron m\u00e1s populares y las personas empezaron a pagar para poder ver sus programas de tele abierta en esos sistemas, por lo que los equipos de f\u00fatbol decidieron vender los derechos de transmisi\u00f3n a los diferentes sistemas de cable.<\/p>\n<p>Cada vez es m\u00e1s complicado seguir en televisi\u00f3n abierta los partidos de tu equipo favorito. Ahora, en los mundiales, solo puedes seguir los partidos de la selecci\u00f3n nacional y unos cuantos m\u00e1s de equipos peque\u00f1os, porque los sistemas de cable decidieron que los partidos se transmitir\u00e1n a trav\u00e9s de plataforma de Pago por Evento. Es decir, cada vez resulta m\u00e1s costoso acceder a un juego que hace unos a\u00f1os se pod\u00eda observar de manera m\u00e1s o menos sencilla.<\/p>\n<p>Con el cine y las series pasa algo similar: tienes que pagar cada vez m\u00e1s para acceder a plataformas de <em>streaming<\/em> cada vez m\u00e1s cerradas para poder acceder a cine de \u201ccalidad\u201d, o ir a las salas de cine, que por lo menos en M\u00e9xico, son solo de dos grandes cadenas que priorizan el cine comercial. No entremos a hablar de las dagas, porque ahora parece que la creatividad de los grandes estudios norteamericanos se sec\u00f3 y se quedaron en <em>The Avengers<\/em> <em>et al.<\/em><\/p>\n<p>Tambi\u00e9n en estos meses se anunci\u00f3 el cierre de la web Internet Archive, que era una biblioteca digital, gestionada por una ONG sin \u00e1nimo de lucro, dedicada a la preservaci\u00f3n de archivos que durante la pandemia por COVID19 anunci\u00f3 la creaci\u00f3n de la Biblioteca Nacional de Emergencia, que elimina las restricciones de pr\u00e9stamos de 1.4 millones de libros digitalizados en su biblioteca abierta, pero limitando a los usuarios la cantidad de libros que pod\u00edan sacar. En el lanzamiento, Internet Archive permiti\u00f3 a los autores y titulares de derechos presentar solicitudes de exclusi\u00f3n voluntaria para que sus obras se omitieran de la Biblioteca Nacional de Emergencias. Sin embargo, un grupo de cuatro grandes editoriales norteamericanas demand\u00f3 a la web en 2020.<\/p>\n<p>Los demandantes, apoyados por Copyright Alliance, afirmaron que las acciones de Internet Archive, constitu\u00edan una \u201cinfracci\u00f3n masiva intencionada de derechos de autor\u201d. A mediados de junio del presente a\u00f1o, la Corte de Distrito del Sur de Nueva York emiti\u00f3 una orden final en el juicio de cuatro grandes editoriales (Hachette, Penguin Random House, Wiley y HarperCollins) en contra del sistema de pr\u00e9stamos digital de Internet Archive.<\/p>\n<p>El mandato judicial establece que los demandantes notificar\u00e1n al sitio sobre los libros que tienen comercialmente disponibles para que sean retirados de forma expedita del sistema de pr\u00e9stamo. Este mandato judicial oblig\u00f3 a retirar medio mill\u00f3n de libros digitalizados de la plataforma. Seg\u00fan la ONG R3D, esto representa \u201cun duro golpe para el acceso al conocimiento y la cultura de millones en todo el mundo, al privar de cientos de miles de obras a las personas usuarias, quienes encontraban en Internet Archive un gran acervo de libros de acceso libre que beneficiaba a estudiantes, amantes de la literatura y acad\u00e9micos.\u201d<span style=\"font-size: small;\"><a href=\"#_ftn4\" name=\"_ftnref4\"><sup>4<\/sup><\/a><\/span><\/p>\n<p>&nbsp;<\/p>\n<p>[\/et_pb_text][et_pb_image src=\u00bbhttps:\/\/revistaquiote.org\/wp-content\/uploads\/2024\/09\/Ilustr2fut2_CCV_ch.jpg\u00bb title_text=\u00bbIlustr2fut2_CCV_ch\u00bb _builder_version=\u00bb4.27.0&#8243; _module_preset=\u00bbdefault\u00bb global_colors_info=\u00bb{}\u00bb][\/et_pb_image][et_pb_text _builder_version=\u00bb4.27.0&#8243; _module_preset=\u00bbdefault\u00bb text_font_size=\u00bb12px\u00bb min_height=\u00bb21.8px\u00bb custom_padding=\u00bb0px||0px|||\u00bb locked=\u00bboff\u00bb global_colors_info=\u00bb{}\u00bb]<\/p>\n<p style=\"text-align: right;\">Ilustraci\u00f3n C\u00e9sar Cort\u00e9s Vega<\/p>\n<p>[\/et_pb_text][et_pb_text _builder_version=\u00bb4.27.0&#8243; _module_preset=\u00bbdefault\u00bb global_colors_info=\u00bb{}\u00bb]<\/p>\n<p>Actualmente, la decisi\u00f3n est\u00e1 siendo apelada en tribunales, esperando que el proyecto pueda volver a tener estas obras disponibles en pr\u00e9stamo controlado. Sin duda, Internet dej\u00f3 de ser una tierra de nadie, como la definieron hace ya varios a\u00f1os algunos de los primeros programadores, en donde el libre intercambio de documentos, archivos y productos culturales era el pan de todos los d\u00edas. Internet se ha convertido lenta, pero inexorablemente, en una tierra fraccionada, con grandes rascacielos y enormes fraccionamientos, cada vez m\u00e1s vigilados, y en donde cuesta m\u00e1s entrar.<\/p>\n<p>Las plataformas de streaming, los pagos a los peri\u00f3dicos y revistas, el acceso cada vez m\u00e1s restringido y cada vez m\u00e1s vigilado, hace que justo la pirater\u00eda se convierta en una opci\u00f3n. Pero lo cierto es que para ello se necesita cierto conocimiento t\u00e9cnico. Sin embargo, a \u00faltimas fechas, incluso las p\u00e1ginas de Torrent empiezan a cobrar para permitir su uso y as\u00ed poder ver y\/o descargar series y pel\u00edculas. Internet es un mundo cada vez m\u00e1s exclusivo, cada vez m\u00e1s caro, cada vez m\u00e1s dif\u00edcil de acceder. Es por eso que las p\u00e1ginas de libre distribuci\u00f3n se convierten en una amenaza a las que hay que perseguir.<\/p>\n<p>En M\u00e9xico tuvimos recientemente el caso de la p\u00e1gina de La Pirateca, que se dedicaba a escanear y a subir en formato PDF libros de poes\u00eda mexicana. Tuvieron el acierto de digitalizar varias obras del poeta Abigael Boh\u00f3rquez, ya fallecido, lo que provoc\u00f3 la ira de las editoriales del estado de Sonora, que ten\u00edan los derechos reservados de la obra. A partir de eso, se inici\u00f3 una campa\u00f1a en contra de la p\u00e1gina, la cual, se rumora, contin\u00faa existiendo en los bajos fondos del Internet mexicano.<\/p>\n<p>La digitalizaci\u00f3n y la libre distribuci\u00f3n de la obra de Boh\u00f3rquez encendieron las redes y la pol\u00e9mica escal\u00f3: \u201cpropiedad intelectual\u201d versus \u201clibre circulaci\u00f3n de la obra\u201d. Los grandes consorcios editoriales aplicaron todo su poder para tratar de imponer su visi\u00f3n econ\u00f3mica y de negocio sobre la producci\u00f3n y la distribuci\u00f3n de libros en nuestro pa\u00eds.<span style=\"font-size: small;\"><a href=\"#_ftn5\" name=\"_ftnref5\"><sup>5<\/sup><\/a><\/span><\/p>\n<p>Al historiador norteamericano, Robert Darnton, le llev\u00f3 cuarenta a\u00f1os de investigaci\u00f3n realizar su libro (ya cl\u00e1sico) <em>Edici\u00f3n y Subversi\u00f3n<\/em>. <em>Literatura clandestina en el antiguo r\u00e9gimen<\/em>, publicado en espa\u00f1ol por el Fondo de Cultura Econ\u00f3mica (FCE). Un libro que aborda c\u00f3mo la edici\u00f3n y la distribuci\u00f3n de libros prohibidos y censurados de La Ilustraci\u00f3n por la monarqu\u00eda francesa, ser\u00edan una de las influencias esenciales de la Revoluci\u00f3n Francesa.<\/p>\n<p>La pirater\u00eda generada por distintos impresores y editores distribuidos a lo largo de las fronteras de Francia con Holanda y Suiza, permitir\u00edan que los libros prohibidos fueran le\u00eddos y compartidos por la peque\u00f1a y la alta burgues\u00eda, no solo de Par\u00eds sino de las ciudades de provincia, provocando que el malestar pol\u00edtico y econ\u00f3mico encontrara un programa pol\u00edtico y filos\u00f3fico en la voz de los escritores de la Ilustraci\u00f3n, que como todos sabemos, buscaba generar una discusi\u00f3n y una reflexi\u00f3n sobre el sistema de organizaci\u00f3n pol\u00edtica, y que se convertir\u00eda en un terremoto que cambiar\u00eda la conformaci\u00f3n del mundo occidental.<\/p>\n<p>Como nos dicen <span><a href=\"https:\/\/cultura.nexos.com.mx\/author\/pablo-aviles\/\">Pablo Avil\u00e9s<\/a><\/span>\u00a0y\u00a0<span><a href=\"https:\/\/cultura.nexos.com.mx\/author\/manuel-suarez\/\">Manuel Su\u00e1rez<\/a><\/span> sobre el historiador norteamericano<\/p>\n<blockquote>\n<p>La extendida pirater\u00eda condujo a cuatro transformaciones importantes: la democratizaci\u00f3n de la cultura, la difusi\u00f3n de las Luces, la aparici\u00f3n de los superventas y la de los libros filos\u00f3ficos (<em>livres philosophiques<\/em>). La difusi\u00f3n del pensamiento ilustrado por estas v\u00edas socav\u00f3 las condiciones imperantes en el Antiguo R\u00e9gimen. En efecto, la pirater\u00eda puso a circular en el mercado libros m\u00e1s baratos y con materiales menos costosos, lo que permiti\u00f3 iniciar la producci\u00f3n en masa. Adem\u00e1s, el grueso de la producci\u00f3n proven\u00eda de una regi\u00f3n que Darnton identifica como el \u201cCreciente F\u00e9rtil de la pirater\u00eda editorial\u201d; una zona que va desde \u00c1msterdam hasta Suiza, pasando por Bruselas y la Renania donde, a diferencia de Par\u00eds, no hab\u00eda un control estatal de la corporaci\u00f3n editorial y s\u00ed un \u00e1vido p\u00fablico lector al que se le pod\u00edan surtir lecturas m\u00e1s baratas (Aviles et. al, 2021).<span style=\"font-size: small;\"><a href=\"#_ftn6\" name=\"_ftnref6\"><sup>6<\/sup><\/a><\/span><\/p>\n<\/blockquote>\n<p>\u201cTodo el universo conocido est\u00e1 gobernado por los libros\u201d, dec\u00eda Voltaire, algo que podemos atestiguar en el mundo contempor\u00e1neo. Sin embargo, \u00bfqu\u00e9 sucede cuando al mundo le cuesta, cada vez m\u00e1s, acceder al conocimiento y cuando los productos culturales se est\u00e1n conformando m\u00e1s como entretenimiento que como un producto cultural que lleve a la reflexi\u00f3n?<\/p>\n<p>Por supuesto, para los lectores siempre queda la opci\u00f3n de la pirater\u00eda de libros f\u00edsicos, una industria que se mantiene sana. Aun as\u00ed, en nuestro pa\u00eds, los libros m\u00e1s pirateados son, casi siempre, libros de autoayuda, libros \u201cescritos\u201d por famosos del mundo de la far\u00e1ndula, novelas juveniles o algunos cl\u00e1sicos que pueden venir a salvarnos.<\/p>\n<p>Otra cuesti\u00f3n que est\u00e1 presente es la desigualdad al acceso de obras contempor\u00e1neas que, finalmente, marcan ciertas tendencias culturales y sociales. Sabemos que los conceptos, que las ideas circulan, pero mientras m\u00e1s costoso sea acceder a los circuitos culturales, se ahondar\u00e1 las desigualdades culturales que se han construido al interior de las distintas comunidades art\u00edsticas y culturales.<\/p>\n<p>Estamos inmersos en una \u00e9poca m\u00e1s neoliberal, m\u00e1s individualista, en donde acceder a la cultura se ha vuelto m\u00e1s complejo, hay que decirlo. Ante eso, la pirater\u00eda se convierte casi en un acto de fe, en una actitud ante la vida. Los miembros del colectivo de La Pirateca (por llamarlos de alguna manera), comentaban que la idea de escanear los libros y subirlos a una red para compartirlos es parte del derecho al conocimiento.<\/p>\n<p>Muchos de nosotros no podemos acceder a las novedades de los grandes grupos editoriales, pues sus precios se han vuelto prohibitivos. \u00bfQu\u00e9 nos queda? Buscar en formatos libres. \u00bfEs eso ilegal? En este momento s\u00ed. Por otra parte, tambi\u00e9n en este momento no se ha iniciado a\u00fan la persecuci\u00f3n de los consumidores, algo que, por ejemplo, en el caso de las IPTV en Espa\u00f1a ya se esgrime como una amenaza, es decir, ya no solo se va a ir detr\u00e1s de los que prestan el servicio, sino tambi\u00e9n de los consumidores.<\/p>\n<p>\u00bfLlegar\u00e1 el d\u00eda en que la descarga de un PDF implique un castigo? Yo esperar\u00eda que no, pero no podemos olvidar que en la Alemania nazi se prendieron hogueras para quemar libros, y en algunos estados de los Estados Unidos se est\u00e1n prohibiendo ciertos libros, entre los que podemos encontrar la novela <em>Ojos Azules<\/em> de la ganadora del Premio Nobel de literatura Toni Morrison.<\/p>\n<p>Desde hace unos a\u00f1os se habla de la concentraci\u00f3n del mercado editorial en unos cuantos grandes grupos. A esto debemos sumar la dictadura del algoritmo y la concentraci\u00f3n de la producci\u00f3n de series y pel\u00edculas en unas cuantas plataformas, lo que nos deja un mundo cada vez m\u00e1s cerrado, m\u00e1s concentrado, y con m\u00e1s candados para evitar que el grueso de la poblaci\u00f3n acceda a los productos culturales.<\/p>\n<p>Aqu\u00ed debo se\u00f1alar que ya extra\u00f1o a los vendedores de CD piratas que estaban afuera de la Cineteca. \u00bfA d\u00f3nde se va ese cine? \u00bfD\u00f3nde se puede ver todo ese cine? En el caso de la industria editorial, lo que vemos tambi\u00e9n es una concentraci\u00f3n y una disminuci\u00f3n de la oferta de autores, de novedades, concentrada en unas cuantas manos. Pero como dicen los compas zapatistas, otro mundo es posible y, tal vez, otro mundo editorial tambi\u00e9n es posible. Sin duda, la pirater\u00eda sigue siendo una opci\u00f3n, quiz\u00e1 m\u00e1s, una necesidad.<\/p>\n<p>[\/et_pb_text][et_pb_image src=\u00bbhttps:\/\/revistaquiote.org\/wp-content\/uploads\/2024\/09\/Ilustr3fut3_CCV_ch.jpg\u00bb title_text=\u00bbIlustr3fut3_CCV_ch\u00bb _builder_version=\u00bb4.27.0&#8243; _module_preset=\u00bbdefault\u00bb global_colors_info=\u00bb{}\u00bb][\/et_pb_image][et_pb_text _builder_version=\u00bb4.27.0&#8243; _module_preset=\u00bbdefault\u00bb text_font_size=\u00bb12px\u00bb min_height=\u00bb21.8px\u00bb custom_padding=\u00bb0px||0px|||\u00bb locked=\u00bboff\u00bb global_colors_info=\u00bb{}\u00bb]<\/p>\n<p style=\"text-align: right;\">Ilustraci\u00f3n C\u00e9sar Cort\u00e9s Vega<\/p>\n<p>[\/et_pb_text][et_pb_text _builder_version=\u00bb4.27.0&#8243; _module_preset=\u00bbdefault\u00bb global_colors_info=\u00bb{}\u00bb]<\/p>\n<p>&nbsp;<\/p>\n<p><strong>Referencias<\/strong><\/p>\n<p>Avil\u00e9s, P.\u00a0y\u00a0Su\u00e1rez M. <em>Robert Darnton y la historia de los editores piratas. <\/em>Revista Nexos, febrero 16, 2021. En https:\/\/cultura.nexos.com.mx\/robert-darnton-y-la-historia-de-los-editores-piratas\/<\/p>\n<p>Darnton, R. (2024). <em>Pirater\u00eda y edici\u00f3n. El comercio del libro durante la Ilustraci\u00f3n.<\/em> Fondo de Cultura Econ\u00f3mica.<\/p>\n<p>&nbsp;<\/p>\n<p><strong>Notas\u00a0<\/strong><\/p>\n<p><a href=\"#_ftnref1\" name=\"_ftn1\"><sup>[1]<\/sup><\/a> <span><a href=\"https:\/\/www.clarin.com\/deportes\/justicia-bloqueo-50-sitios-ofrecian-transmisiones-pirata-partidos-futbol-vivo_0_YOrE5WJvm9.html\">https:\/\/www.clarin.com\/deportes\/justicia-bloqueo-50-sitios-ofrecian-transmisiones-pirata-partidos-futbol-vivo_0_YOrE5WJvm9.html<\/a><\/span><\/p>\n<p><a href=\"#_ftnref2\" name=\"_ftn2\"><sup>[2]<\/sup><\/a> <span><a href=\"https:\/\/www.elespanol.com\/elandroidelibre\/noticias-y-novedades\/20240410\/golpe-iptv-ver-futbol-gratis-bloqueo-masivo-paginas-servicios-pirata\/846665685_0.html\">https:\/\/www.elespanol.com\/elandroidelibre\/noticias-y-novedades\/20240410\/golpe-iptv-ver-futbol-gratis-bloqueo-masivo-paginas-servicios-pirata\/846665685_0.html<\/a><\/span><\/p>\n<p><a href=\"#_ftnref3\" name=\"_ftn3\"><sup>[3]<\/sup><\/a> https:\/\/selectra.es\/internet-telefono\/que-es\/iptv<\/p>\n<p><a href=\"#_ftnref4\" name=\"_ftn4\"><sup><span>[4]<\/span><\/sup><\/a> https:\/\/r3d.mx\/2024\/06\/20\/internet-archive-retira-medio-millon-de-libros-digitales-debido-a-demanda-de-grandes-editoriales\/<\/p>\n<p><a href=\"#_ftnref5\" name=\"_ftn5\"><sup><span>[5]<\/span><\/sup><\/a> https:\/\/corrientealterna.unam.mx\/cronica\/la-pirateca-escanear-libros-acto-de-amor\/<\/p>\n<p><a href=\"#_ftnref6\" name=\"_ftn6\"><sup><span>[6]<\/span><\/sup><\/a> https:\/\/cultura.nexos.com.mx\/robert-darnton-y-la-historia-de-los-editores-piratas\/<\/p>\n<p>[\/et_pb_text][\/et_pb_column][\/et_pb_row][\/et_pb_section]<\/p>\n","protected":false},"excerpt":{"rendered":"<p>JAVIER MORO HERN\u00c1NDEZ &nbsp; Durante la pasada Copa Am\u00e9rica de f\u00fatbol realizada en los Estados Unidos de Am\u00e9rica en el mes de junio, se desat\u00f3 un esc\u00e1ndalo en Argentina, cuando la justicia de aquel pa\u00eds decidi\u00f3 realizar una redada en contra de empresas IPTV, que ofrec\u00edan canales de televisi\u00f3n ilegales, en donde se pod\u00edan ver [&hellip;]<\/p>\n","protected":false},"author":1,"featured_media":1621,"comment_status":"open","ping_status":"closed","sticky":false,"template":"","format":"standard","meta":{"_et_pb_use_builder":"on","_et_pb_old_content":"","_et_gb_content_width":"","_jetpack_memberships_contains_paid_content":false,"footnotes":""},"categories":[138],"tags":[143,142,147,149,146],"ppma_author":[144],"class_list":["post-1617","post","type-post","status-publish","format-standard","has-post-thumbnail","hentry","category-numero-dos","tag-futbol","tag-pitateria","tag-straming","tag-streaming","tag-television"],"yoast_head":"<!-- This site is optimized with the Yoast SEO plugin v27.3 - https:\/\/yoast.com\/product\/yoast-seo-wordpress\/ -->\n<title>PIRATER\u00cdA Y CONOCIMIENTO EN TIEMPOS DE F\u00daTBOL - REVISTA QUIOTE<\/title>\n<meta name=\"robots\" content=\"index, follow, max-snippet:-1, max-image-preview:large, max-video-preview:-1\" \/>\n<link rel=\"canonical\" href=\"https:\/\/revistaquiote.org\/?p=1617\" \/>\n<meta property=\"og:locale\" content=\"es_ES\" \/>\n<meta property=\"og:type\" content=\"article\" \/>\n<meta property=\"og:title\" content=\"PIRATER\u00cdA Y CONOCIMIENTO EN TIEMPOS DE F\u00daTBOL - REVISTA QUIOTE\" \/>\n<meta property=\"og:description\" content=\"JAVIER MORO HERN\u00c1NDEZ &nbsp; Durante la pasada Copa Am\u00e9rica de f\u00fatbol realizada en los Estados Unidos de Am\u00e9rica en el mes de junio, se desat\u00f3 un esc\u00e1ndalo en Argentina, cuando la justicia de aquel pa\u00eds decidi\u00f3 realizar una redada en contra de empresas IPTV, que ofrec\u00edan canales de televisi\u00f3n ilegales, en donde se pod\u00edan ver [&hellip;]\" \/>\n<meta property=\"og:url\" content=\"https:\/\/revistaquiote.org\/?p=1617\" \/>\n<meta property=\"og:site_name\" content=\"REVISTA QUIOTE\" \/>\n<meta property=\"article:publisher\" content=\"https:\/\/www.facebook.com\/profile.php?id=61581285934903&amp;rdid=NyTBdLDXXt5DTPla&amp;share_url=httpswww.facebook.comshare16XQGGa34v#\" \/>\n<meta property=\"article:published_time\" content=\"2024-09-20T19:43:31+00:00\" \/>\n<meta property=\"article:modified_time\" content=\"2024-09-22T17:13:56+00:00\" \/>\n<meta property=\"og:image\" content=\"https:\/\/revistaquiote.org\/wp-content\/uploads\/2024\/09\/Ilustr1fut1_CCV_ch.jpg\" \/>\n\t<meta property=\"og:image:width\" content=\"992\" \/>\n\t<meta property=\"og:image:height\" content=\"872\" \/>\n\t<meta property=\"og:image:type\" content=\"image\/jpeg\" \/>\n<meta name=\"author\" content=\"Javier Moro Hern\u00e1ndez\" \/>\n<meta name=\"twitter:card\" content=\"summary_large_image\" \/>\n<meta name=\"twitter:creator\" content=\"@RQuiote\" \/>\n<meta name=\"twitter:site\" content=\"@RQuiote\" \/>\n<meta name=\"twitter:label1\" content=\"Escrito por\" \/>\n\t<meta name=\"twitter:data1\" content=\"Miguel Torres\" \/>\n\t<meta name=\"twitter:label2\" content=\"Tiempo de lectura\" \/>\n\t<meta name=\"twitter:data2\" content=\"13 minutos\" \/>\n<script type=\"application\/ld+json\" class=\"yoast-schema-graph\">{\"@context\":\"https:\\\/\\\/schema.org\",\"@graph\":[{\"@type\":\"Article\",\"@id\":\"https:\\\/\\\/revistaquiote.org\\\/?p=1617#article\",\"isPartOf\":{\"@id\":\"https:\\\/\\\/revistaquiote.org\\\/?p=1617\"},\"author\":{\"name\":\"Miguel Torres\",\"@id\":\"https:\\\/\\\/revistaquiote.org\\\/#\\\/schema\\\/person\\\/d7a3f9ed4669a5897b231922e7fc292e\"},\"headline\":\"PIRATER\u00cdA Y CONOCIMIENTO EN TIEMPOS DE F\u00daTBOL\",\"datePublished\":\"2024-09-20T19:43:31+00:00\",\"dateModified\":\"2024-09-22T17:13:56+00:00\",\"mainEntityOfPage\":{\"@id\":\"https:\\\/\\\/revistaquiote.org\\\/?p=1617\"},\"wordCount\":2673,\"commentCount\":0,\"publisher\":{\"@id\":\"https:\\\/\\\/revistaquiote.org\\\/#organization\"},\"image\":{\"@id\":\"https:\\\/\\\/revistaquiote.org\\\/?p=1617#primaryimage\"},\"thumbnailUrl\":\"https:\\\/\\\/revistaquiote.org\\\/wp-content\\\/uploads\\\/2024\\\/09\\\/Ilustr1fut1_CCV_ch.jpg\",\"keywords\":[\"f\u00fatbol\",\"pitater\u00eda\",\"straming\",\"streaming\",\"televisi\u00f3n\"],\"articleSection\":[\"N\u00daMERO DOS\"],\"inLanguage\":\"es\",\"potentialAction\":[{\"@type\":\"CommentAction\",\"name\":\"Comment\",\"target\":[\"https:\\\/\\\/revistaquiote.org\\\/?p=1617#respond\"]}]},{\"@type\":\"WebPage\",\"@id\":\"https:\\\/\\\/revistaquiote.org\\\/?p=1617\",\"url\":\"https:\\\/\\\/revistaquiote.org\\\/?p=1617\",\"name\":\"PIRATER\u00cdA Y CONOCIMIENTO EN TIEMPOS DE F\u00daTBOL - REVISTA QUIOTE\",\"isPartOf\":{\"@id\":\"https:\\\/\\\/revistaquiote.org\\\/#website\"},\"primaryImageOfPage\":{\"@id\":\"https:\\\/\\\/revistaquiote.org\\\/?p=1617#primaryimage\"},\"image\":{\"@id\":\"https:\\\/\\\/revistaquiote.org\\\/?p=1617#primaryimage\"},\"thumbnailUrl\":\"https:\\\/\\\/revistaquiote.org\\\/wp-content\\\/uploads\\\/2024\\\/09\\\/Ilustr1fut1_CCV_ch.jpg\",\"datePublished\":\"2024-09-20T19:43:31+00:00\",\"dateModified\":\"2024-09-22T17:13:56+00:00\",\"breadcrumb\":{\"@id\":\"https:\\\/\\\/revistaquiote.org\\\/?p=1617#breadcrumb\"},\"inLanguage\":\"es\",\"potentialAction\":[{\"@type\":\"ReadAction\",\"target\":[\"https:\\\/\\\/revistaquiote.org\\\/?p=1617\"]}]},{\"@type\":\"ImageObject\",\"inLanguage\":\"es\",\"@id\":\"https:\\\/\\\/revistaquiote.org\\\/?p=1617#primaryimage\",\"url\":\"https:\\\/\\\/revistaquiote.org\\\/wp-content\\\/uploads\\\/2024\\\/09\\\/Ilustr1fut1_CCV_ch.jpg\",\"contentUrl\":\"https:\\\/\\\/revistaquiote.org\\\/wp-content\\\/uploads\\\/2024\\\/09\\\/Ilustr1fut1_CCV_ch.jpg\",\"width\":992,\"height\":872},{\"@type\":\"BreadcrumbList\",\"@id\":\"https:\\\/\\\/revistaquiote.org\\\/?p=1617#breadcrumb\",\"itemListElement\":[{\"@type\":\"ListItem\",\"position\":1,\"name\":\"Portada\",\"item\":\"https:\\\/\\\/revistaquiote.org\\\/\"},{\"@type\":\"ListItem\",\"position\":2,\"name\":\"PIRATER\u00cdA Y CONOCIMIENTO EN TIEMPOS DE F\u00daTBOL\"}]},{\"@type\":\"WebSite\",\"@id\":\"https:\\\/\\\/revistaquiote.org\\\/#website\",\"url\":\"https:\\\/\\\/revistaquiote.org\\\/\",\"name\":\"REVISTA QUIOTE\",\"description\":\"N\u00daMERO SEIS\",\"publisher\":{\"@id\":\"https:\\\/\\\/revistaquiote.org\\\/#organization\"},\"potentialAction\":[{\"@type\":\"SearchAction\",\"target\":{\"@type\":\"EntryPoint\",\"urlTemplate\":\"https:\\\/\\\/revistaquiote.org\\\/?s={search_term_string}\"},\"query-input\":{\"@type\":\"PropertyValueSpecification\",\"valueRequired\":true,\"valueName\":\"search_term_string\"}}],\"inLanguage\":\"es\"},{\"@type\":\"Organization\",\"@id\":\"https:\\\/\\\/revistaquiote.org\\\/#organization\",\"name\":\"REVISTA QUIOTE\",\"url\":\"https:\\\/\\\/revistaquiote.org\\\/\",\"logo\":{\"@type\":\"ImageObject\",\"inLanguage\":\"es\",\"@id\":\"https:\\\/\\\/revistaquiote.org\\\/#\\\/schema\\\/logo\\\/image\\\/\",\"url\":\"https:\\\/\\\/revistaquiote.org\\\/wp-content\\\/uploads\\\/2023\\\/06\\\/Quiote-logo_01.png\",\"contentUrl\":\"https:\\\/\\\/revistaquiote.org\\\/wp-content\\\/uploads\\\/2023\\\/06\\\/Quiote-logo_01.png\",\"width\":1042,\"height\":417,\"caption\":\"REVISTA QUIOTE\"},\"image\":{\"@id\":\"https:\\\/\\\/revistaquiote.org\\\/#\\\/schema\\\/logo\\\/image\\\/\"},\"sameAs\":[\"https:\\\/\\\/www.facebook.com\\\/profile.php?id=61581285934903&rdid=NyTBdLDXXt5DTPla&share_url=httpswww.facebook.comshare16XQGGa34v#\",\"https:\\\/\\\/x.com\\\/RQuiote\",\"https:\\\/\\\/www.instagram.com\\\/revista.quiote\\\/\"]},{\"@type\":\"Person\",\"@id\":\"https:\\\/\\\/revistaquiote.org\\\/#\\\/schema\\\/person\\\/d7a3f9ed4669a5897b231922e7fc292e\",\"name\":\"Miguel Torres\",\"image\":{\"@type\":\"ImageObject\",\"inLanguage\":\"es\",\"@id\":\"https:\\\/\\\/secure.gravatar.com\\\/avatar\\\/00c77c9b45fb8ec83854a3fc58bb68a9455f554fb2ed7d93769f39cab7a2c6a4?s=96&d=mm&r=gd1fa56e4f1f0eb1983a3ad9f6827f3c2\",\"url\":\"https:\\\/\\\/secure.gravatar.com\\\/avatar\\\/00c77c9b45fb8ec83854a3fc58bb68a9455f554fb2ed7d93769f39cab7a2c6a4?s=96&d=mm&r=g\",\"contentUrl\":\"https:\\\/\\\/secure.gravatar.com\\\/avatar\\\/00c77c9b45fb8ec83854a3fc58bb68a9455f554fb2ed7d93769f39cab7a2c6a4?s=96&d=mm&r=g\",\"caption\":\"Miguel Torres\"},\"sameAs\":[\"https:\\\/\\\/revistaquiote.org\"],\"url\":\"https:\\\/\\\/revistaquiote.org\\\/?author=1\"}]}<\/script>\n<!-- \/ Yoast SEO plugin. -->","yoast_head_json":{"title":"PIRATER\u00cdA Y CONOCIMIENTO EN TIEMPOS DE F\u00daTBOL - REVISTA QUIOTE","robots":{"index":"index","follow":"follow","max-snippet":"max-snippet:-1","max-image-preview":"max-image-preview:large","max-video-preview":"max-video-preview:-1"},"canonical":"https:\/\/revistaquiote.org\/?p=1617","og_locale":"es_ES","og_type":"article","og_title":"PIRATER\u00cdA Y CONOCIMIENTO EN TIEMPOS DE F\u00daTBOL - REVISTA QUIOTE","og_description":"JAVIER MORO HERN\u00c1NDEZ &nbsp; Durante la pasada Copa Am\u00e9rica de f\u00fatbol realizada en los Estados Unidos de Am\u00e9rica en el mes de junio, se desat\u00f3 un esc\u00e1ndalo en Argentina, cuando la justicia de aquel pa\u00eds decidi\u00f3 realizar una redada en contra de empresas IPTV, que ofrec\u00edan canales de televisi\u00f3n ilegales, en donde se pod\u00edan ver [&hellip;]","og_url":"https:\/\/revistaquiote.org\/?p=1617","og_site_name":"REVISTA QUIOTE","article_publisher":"https:\/\/www.facebook.com\/profile.php?id=61581285934903&rdid=NyTBdLDXXt5DTPla&share_url=httpswww.facebook.comshare16XQGGa34v#","article_published_time":"2024-09-20T19:43:31+00:00","article_modified_time":"2024-09-22T17:13:56+00:00","og_image":[{"width":992,"height":872,"url":"https:\/\/revistaquiote.org\/wp-content\/uploads\/2024\/09\/Ilustr1fut1_CCV_ch.jpg","type":"image\/jpeg"}],"author":"Javier Moro Hern\u00e1ndez","twitter_card":"summary_large_image","twitter_creator":"@RQuiote","twitter_site":"@RQuiote","twitter_misc":{"Escrito por":"Miguel Torres","Tiempo de lectura":"13 minutos"},"schema":{"@context":"https:\/\/schema.org","@graph":[{"@type":"Article","@id":"https:\/\/revistaquiote.org\/?p=1617#article","isPartOf":{"@id":"https:\/\/revistaquiote.org\/?p=1617"},"author":{"name":"Miguel Torres","@id":"https:\/\/revistaquiote.org\/#\/schema\/person\/d7a3f9ed4669a5897b231922e7fc292e"},"headline":"PIRATER\u00cdA Y CONOCIMIENTO EN TIEMPOS DE F\u00daTBOL","datePublished":"2024-09-20T19:43:31+00:00","dateModified":"2024-09-22T17:13:56+00:00","mainEntityOfPage":{"@id":"https:\/\/revistaquiote.org\/?p=1617"},"wordCount":2673,"commentCount":0,"publisher":{"@id":"https:\/\/revistaquiote.org\/#organization"},"image":{"@id":"https:\/\/revistaquiote.org\/?p=1617#primaryimage"},"thumbnailUrl":"https:\/\/revistaquiote.org\/wp-content\/uploads\/2024\/09\/Ilustr1fut1_CCV_ch.jpg","keywords":["f\u00fatbol","pitater\u00eda","straming","streaming","televisi\u00f3n"],"articleSection":["N\u00daMERO DOS"],"inLanguage":"es","potentialAction":[{"@type":"CommentAction","name":"Comment","target":["https:\/\/revistaquiote.org\/?p=1617#respond"]}]},{"@type":"WebPage","@id":"https:\/\/revistaquiote.org\/?p=1617","url":"https:\/\/revistaquiote.org\/?p=1617","name":"PIRATER\u00cdA Y CONOCIMIENTO EN TIEMPOS DE F\u00daTBOL - REVISTA QUIOTE","isPartOf":{"@id":"https:\/\/revistaquiote.org\/#website"},"primaryImageOfPage":{"@id":"https:\/\/revistaquiote.org\/?p=1617#primaryimage"},"image":{"@id":"https:\/\/revistaquiote.org\/?p=1617#primaryimage"},"thumbnailUrl":"https:\/\/revistaquiote.org\/wp-content\/uploads\/2024\/09\/Ilustr1fut1_CCV_ch.jpg","datePublished":"2024-09-20T19:43:31+00:00","dateModified":"2024-09-22T17:13:56+00:00","breadcrumb":{"@id":"https:\/\/revistaquiote.org\/?p=1617#breadcrumb"},"inLanguage":"es","potentialAction":[{"@type":"ReadAction","target":["https:\/\/revistaquiote.org\/?p=1617"]}]},{"@type":"ImageObject","inLanguage":"es","@id":"https:\/\/revistaquiote.org\/?p=1617#primaryimage","url":"https:\/\/revistaquiote.org\/wp-content\/uploads\/2024\/09\/Ilustr1fut1_CCV_ch.jpg","contentUrl":"https:\/\/revistaquiote.org\/wp-content\/uploads\/2024\/09\/Ilustr1fut1_CCV_ch.jpg","width":992,"height":872},{"@type":"BreadcrumbList","@id":"https:\/\/revistaquiote.org\/?p=1617#breadcrumb","itemListElement":[{"@type":"ListItem","position":1,"name":"Portada","item":"https:\/\/revistaquiote.org\/"},{"@type":"ListItem","position":2,"name":"PIRATER\u00cdA Y CONOCIMIENTO EN TIEMPOS DE F\u00daTBOL"}]},{"@type":"WebSite","@id":"https:\/\/revistaquiote.org\/#website","url":"https:\/\/revistaquiote.org\/","name":"REVISTA QUIOTE","description":"N\u00daMERO SEIS","publisher":{"@id":"https:\/\/revistaquiote.org\/#organization"},"potentialAction":[{"@type":"SearchAction","target":{"@type":"EntryPoint","urlTemplate":"https:\/\/revistaquiote.org\/?s={search_term_string}"},"query-input":{"@type":"PropertyValueSpecification","valueRequired":true,"valueName":"search_term_string"}}],"inLanguage":"es"},{"@type":"Organization","@id":"https:\/\/revistaquiote.org\/#organization","name":"REVISTA QUIOTE","url":"https:\/\/revistaquiote.org\/","logo":{"@type":"ImageObject","inLanguage":"es","@id":"https:\/\/revistaquiote.org\/#\/schema\/logo\/image\/","url":"https:\/\/revistaquiote.org\/wp-content\/uploads\/2023\/06\/Quiote-logo_01.png","contentUrl":"https:\/\/revistaquiote.org\/wp-content\/uploads\/2023\/06\/Quiote-logo_01.png","width":1042,"height":417,"caption":"REVISTA QUIOTE"},"image":{"@id":"https:\/\/revistaquiote.org\/#\/schema\/logo\/image\/"},"sameAs":["https:\/\/www.facebook.com\/profile.php?id=61581285934903&rdid=NyTBdLDXXt5DTPla&share_url=httpswww.facebook.comshare16XQGGa34v#","https:\/\/x.com\/RQuiote","https:\/\/www.instagram.com\/revista.quiote\/"]},{"@type":"Person","@id":"https:\/\/revistaquiote.org\/#\/schema\/person\/d7a3f9ed4669a5897b231922e7fc292e","name":"Miguel Torres","image":{"@type":"ImageObject","inLanguage":"es","@id":"https:\/\/secure.gravatar.com\/avatar\/00c77c9b45fb8ec83854a3fc58bb68a9455f554fb2ed7d93769f39cab7a2c6a4?s=96&d=mm&r=gd1fa56e4f1f0eb1983a3ad9f6827f3c2","url":"https:\/\/secure.gravatar.com\/avatar\/00c77c9b45fb8ec83854a3fc58bb68a9455f554fb2ed7d93769f39cab7a2c6a4?s=96&d=mm&r=g","contentUrl":"https:\/\/secure.gravatar.com\/avatar\/00c77c9b45fb8ec83854a3fc58bb68a9455f554fb2ed7d93769f39cab7a2c6a4?s=96&d=mm&r=g","caption":"Miguel Torres"},"sameAs":["https:\/\/revistaquiote.org"],"url":"https:\/\/revistaquiote.org\/?author=1"}]}},"jetpack_featured_media_url":"https:\/\/revistaquiote.org\/wp-content\/uploads\/2024\/09\/Ilustr1fut1_CCV_ch.jpg","jetpack_sharing_enabled":true,"authors":[{"term_id":144,"user_id":0,"is_guest":1,"slug":"javier-moro-hernandez","display_name":"Javier Moro Hern\u00e1ndez","avatar_url":"https:\/\/secure.gravatar.com\/avatar\/?s=96&d=mm&r=g","0":null,"1":"","2":"","3":"","4":"","5":"","6":"","7":"","8":""}],"_links":{"self":[{"href":"https:\/\/revistaquiote.org\/index.php?rest_route=\/wp\/v2\/posts\/1617","targetHints":{"allow":["GET"]}}],"collection":[{"href":"https:\/\/revistaquiote.org\/index.php?rest_route=\/wp\/v2\/posts"}],"about":[{"href":"https:\/\/revistaquiote.org\/index.php?rest_route=\/wp\/v2\/types\/post"}],"author":[{"embeddable":true,"href":"https:\/\/revistaquiote.org\/index.php?rest_route=\/wp\/v2\/users\/1"}],"replies":[{"embeddable":true,"href":"https:\/\/revistaquiote.org\/index.php?rest_route=%2Fwp%2Fv2%2Fcomments&post=1617"}],"version-history":[{"count":11,"href":"https:\/\/revistaquiote.org\/index.php?rest_route=\/wp\/v2\/posts\/1617\/revisions"}],"predecessor-version":[{"id":1665,"href":"https:\/\/revistaquiote.org\/index.php?rest_route=\/wp\/v2\/posts\/1617\/revisions\/1665"}],"wp:featuredmedia":[{"embeddable":true,"href":"https:\/\/revistaquiote.org\/index.php?rest_route=\/wp\/v2\/media\/1621"}],"wp:attachment":[{"href":"https:\/\/revistaquiote.org\/index.php?rest_route=%2Fwp%2Fv2%2Fmedia&parent=1617"}],"wp:term":[{"taxonomy":"category","embeddable":true,"href":"https:\/\/revistaquiote.org\/index.php?rest_route=%2Fwp%2Fv2%2Fcategories&post=1617"},{"taxonomy":"post_tag","embeddable":true,"href":"https:\/\/revistaquiote.org\/index.php?rest_route=%2Fwp%2Fv2%2Ftags&post=1617"},{"taxonomy":"author","embeddable":true,"href":"https:\/\/revistaquiote.org\/index.php?rest_route=%2Fwp%2Fv2%2Fppma_author&post=1617"}],"curies":[{"name":"wp","href":"https:\/\/api.w.org\/{rel}","templated":true}]}}