{"id":1626,"date":"2024-09-23T17:20:06","date_gmt":"2024-09-23T17:20:06","guid":{"rendered":"https:\/\/revistaquiote.org\/?p=1626"},"modified":"2024-09-23T20:50:56","modified_gmt":"2024-09-23T20:50:56","slug":"pilares-en-linea-desde-la-vivencia","status":"publish","type":"post","link":"https:\/\/revistaquiote.org\/?p=1626","title":{"rendered":"PILARES EN L\u00cdNEA, DESDE LA VIVENCIA"},"content":{"rendered":"\n[et_pb_section fb_built=\u00bb1&#8243; theme_builder_area=\u00bbpost_content\u00bb _builder_version=\u00bb4.27.0&#8243; _module_preset=\u00bbdefault\u00bb custom_padding=\u00bb23px|||||\u00bb][et_pb_row _builder_version=\u00bb4.27.0&#8243; _module_preset=\u00bbdefault\u00bb theme_builder_area=\u00bbpost_content\u00bb][et_pb_column _builder_version=\u00bb4.27.0&#8243; _module_preset=\u00bbdefault\u00bb type=\u00bb4_4&#8243; theme_builder_area=\u00bbpost_content\u00bb][et_pb_text _builder_version=\u00bb4.27.0&#8243; _module_preset=\u00bbdefault\u00bb theme_builder_area=\u00bbpost_content\u00bb hover_enabled=\u00bb0&#8243; sticky_enabled=\u00bb0&#8243;]<p style=\"text-align: right;\">Con cari\u00f1o y gratitud para Caro, Karen, Xoch, Samuel, Joaqu\u00edn y Alek<\/p>[\/et_pb_text][\/et_pb_column][\/et_pb_row][et_pb_row _builder_version=\u00bb4.27.0&#8243; _module_preset=\u00bbdefault\u00bb theme_builder_area=\u00bbpost_content\u00bb][et_pb_column _builder_version=\u00bb4.27.0&#8243; _module_preset=\u00bbdefault\u00bb type=\u00bb4_4&#8243; theme_builder_area=\u00bbpost_content\u00bb][et_pb_text _builder_version=\u00bb4.27.0&#8243; _module_preset=\u00bbdefault\u00bb theme_builder_area=\u00bbpost_content\u00bb hover_enabled=\u00bb0&#8243; sticky_enabled=\u00bb0&#8243;]<p style=\"text-align: justify;\">\u00a0 \u00a0<strong>Entre los retos hist\u00f3ricos que ha enfrentado la Ciudad de M\u00e9xico<\/strong> est\u00e1 el de acercar los derechos humanos y sociales a las poblaciones m\u00e1s vulnerables, sobre todo en las zonas identificadas con un mayor \u00edndice de marginaci\u00f3n, as\u00ed como en las que tienen altos \u00edndices delictivos, por lo cual la administraci\u00f3n 2018-2024 implement\u00f3 los Puntos de Innovaci\u00f3n, Libertad, Arte, Educaci\u00f3n y Saberes (PILARES), hoy Subsistema de Educaci\u00f3n Comunitaria (SEC). Integrado por 300 centros comunitarios, el SEC Pilares consolida una estrategia territorial para el ejercicio del derecho a la educaci\u00f3n, el arte, la cultura, el emprendimiento y la capacitaci\u00f3n para el trabajo, con acceso libre y gratuito a toda la poblaci\u00f3n, especialmente a las personas j\u00f3venes (de 15 a 29 a\u00f1os) y a las mujeres.<\/p>[\/et_pb_text][\/et_pb_column][\/et_pb_row][et_pb_row _builder_version=\u00bb4.27.0&#8243; _module_preset=\u00bbdefault\u00bb theme_builder_area=\u00bbpost_content\u00bb][et_pb_column _builder_version=\u00bb4.27.0&#8243; _module_preset=\u00bbdefault\u00bb type=\u00bb4_4&#8243; theme_builder_area=\u00bbpost_content\u00bb][et_pb_text _builder_version=\u00bb4.27.0&#8243; _module_preset=\u00bbdefault\u00bb theme_builder_area=\u00bbpost_content\u00bb hover_enabled=\u00bb0&#8243; sticky_enabled=\u00bb0&#8243;]<p style=\"text-align: justify;\">Se puede hablar de los logros de Pilares desde la perspectiva institucional, documentada en los informes de gobierno y por las evaluaciones existentes, cada una con sus propios par\u00e1metros; sin embargo, y por fortuna, son espacios que buscan tocar algo m\u00e1s que indicadores gubernamentales, ya que, desde la vivencia, han implicado abrir el coraz\u00f3n y saber que sus sinergias marcan la vida de las personas, y esta vivencia habla de sus logros de forma m\u00e1s contundente que cualquier cifra.<\/p>\n<p style=\"text-align: justify;\">\u00a0El primer Pilares abri\u00f3 sus puertas en enero de 2019, y para marzo de 2020 hab\u00eda 115 espacios funcionando a toda marcha con la consigna de facilitar el acceso los derechos sociales y humanos a todas las personas. Pero no hay regla que valga en cuanto a destino y designio, y cuando la pandemia lleg\u00f3, los centros vibrantes de actividad, tuvieron que cerrar sus puertas debido a las medidas de confinamiento.<\/p>\n<p style=\"text-align: justify;\">\u00a0Lo que parec\u00eda ser una simple pausa, se transform\u00f3 en casi un a\u00f1o y medio de incertidumbre y preocupaci\u00f3n, la sensaci\u00f3n de desandar el camino se hizo presente. \u00bfC\u00f3mo reforzar y consolidar uno de los proyectos m\u00e1s nobles del Gobierno de la Ciudad de M\u00e9xico para hacer del espacio p\u00fablico un lugar para todas y todos, en medio de una crisis global? Con la recomendaci\u00f3n de \u201cQu\u00e9date en casa\u201d, porque estaba en juego la vida misma, \u00bfc\u00f3mo seguir presentes en el d\u00eda a d\u00eda de quienes acud\u00edan a los Pilares?<\/p>[\/et_pb_text][\/et_pb_column][\/et_pb_row][et_pb_row _builder_version=\u00bb4.27.0&#8243; _module_preset=\u00bbdefault\u00bb column_structure=\u00bb1_2,1_2&#8243; theme_builder_area=\u00bbpost_content\u00bb][et_pb_column _builder_version=\u00bb4.27.0&#8243; _module_preset=\u00bbdefault\u00bb type=\u00bb1_2&#8243; theme_builder_area=\u00bbpost_content\u00bb][et_pb_text _builder_version=\u00bb4.27.0&#8243; _module_preset=\u00bbdefault\u00bb theme_builder_area=\u00bbpost_content\u00bb hover_enabled=\u00bb0&#8243; sticky_enabled=\u00bb0&#8243;]<p style=\"text-align: justify;\">Se volvi\u00f3 urgente trascender la soledad y comunicar con la certeza de que la comunidad segu\u00eda vigente, solo hab\u00eda que dotarla de nuevas formas para que recuperara su voz. Fue as\u00ed que surgi\u00f3 Pilares en l\u00ednea, sin m\u00e1s tr\u00e1mite que la voluntad y el deseo de acortar el aislamiento para mantener la presencia de la colectividad que se estaba reencontrando antes de la contingencia sanitaria.<\/p>[\/et_pb_text][\/et_pb_column][et_pb_column _builder_version=\u00bb4.27.0&#8243; _module_preset=\u00bbdefault\u00bb type=\u00bb1_2&#8243; theme_builder_area=\u00bbpost_content\u00bb][et_pb_text _builder_version=\u00bb4.27.0&#8243; _module_preset=\u00bbdefault\u00bb theme_builder_area=\u00bbpost_content\u00bb hover_enabled=\u00bb0&#8243; sticky_enabled=\u00bb0&#8243;]<p>Con la simpleza de un clic y el deseo de superar el aislamiento, este nuevo formato permiti\u00f3 que la comunidad se mantuviera unida, adapt\u00e1ndose a la nueva realidad. La din\u00e1mica era muy simple, \u2014bastante normalizada actualmente\u2014 y consist\u00eda en transmitir, por los canales institucionales disponibles, las actividades, asesor\u00edas y talleres que, previo a la pandemia, se ofertaban de forma presencial.<\/p>[\/et_pb_text][\/et_pb_column][\/et_pb_row][et_pb_row _builder_version=\u00bb4.27.0&#8243; _module_preset=\u00bbdefault\u00bb column_structure=\u00bb1_5,1_5,1_5,1_5,1_5&#8243; theme_builder_area=\u00bbpost_content\u00bb][et_pb_column _builder_version=\u00bb4.27.0&#8243; _module_preset=\u00bbdefault\u00bb type=\u00bb1_5&#8243; theme_builder_area=\u00bbpost_content\u00bb][et_pb_image src=\u00bbhttps:\/\/revistaquiote.org\/wp-content\/uploads\/2024\/09\/2PL.jpg\u00bb _builder_version=\u00bb4.27.0&#8243; _module_preset=\u00bbdefault\u00bb theme_builder_area=\u00bbpost_content\u00bb title_text=\u00bb2PL\u00bb hover_enabled=\u00bb0&#8243; sticky_enabled=\u00bb0&#8243;][\/et_pb_image][\/et_pb_column][et_pb_column _builder_version=\u00bb4.27.0&#8243; _module_preset=\u00bbdefault\u00bb type=\u00bb1_5&#8243; theme_builder_area=\u00bbpost_content\u00bb][et_pb_image src=\u00bbhttps:\/\/revistaquiote.org\/wp-content\/uploads\/2024\/09\/en-linea-8.jpeg\u00bb _builder_version=\u00bb4.27.0&#8243; _module_preset=\u00bbdefault\u00bb theme_builder_area=\u00bbpost_content\u00bb title_text=\u00bben l\u00ednea 8&#8243; hover_enabled=\u00bb0&#8243; sticky_enabled=\u00bb0&#8243;][\/et_pb_image][\/et_pb_column][et_pb_column _builder_version=\u00bb4.27.0&#8243; _module_preset=\u00bbdefault\u00bb type=\u00bb1_5&#8243; theme_builder_area=\u00bbpost_content\u00bb][et_pb_image src=\u00bbhttps:\/\/revistaquiote.org\/wp-content\/uploads\/2024\/09\/en-linea7.jpg\u00bb _builder_version=\u00bb4.27.0&#8243; _module_preset=\u00bbdefault\u00bb theme_builder_area=\u00bbpost_content\u00bb title_text=\u00bben l\u00ednea7&#8243; hover_enabled=\u00bb0&#8243; sticky_enabled=\u00bb0&#8243;][\/et_pb_image][\/et_pb_column][et_pb_column _builder_version=\u00bb4.27.0&#8243; _module_preset=\u00bbdefault\u00bb type=\u00bb1_5&#8243; theme_builder_area=\u00bbpost_content\u00bb][et_pb_image src=\u00bbhttps:\/\/revistaquiote.org\/wp-content\/uploads\/2024\/09\/en-linea5.jpg\u00bb _builder_version=\u00bb4.27.0&#8243; _module_preset=\u00bbdefault\u00bb theme_builder_area=\u00bbpost_content\u00bb title_text=\u00bben l\u00ednea5&#8243; hover_enabled=\u00bb0&#8243; sticky_enabled=\u00bb0&#8243;][\/et_pb_image][\/et_pb_column][et_pb_column _builder_version=\u00bb4.27.0&#8243; _module_preset=\u00bbdefault\u00bb type=\u00bb1_5&#8243; theme_builder_area=\u00bbpost_content\u00bb][et_pb_image src=\u00bbhttps:\/\/revistaquiote.org\/wp-content\/uploads\/2024\/09\/en-linea3.jpg\u00bb _builder_version=\u00bb4.27.0&#8243; _module_preset=\u00bbdefault\u00bb theme_builder_area=\u00bbpost_content\u00bb title_text=\u00bben l\u00ednea3&#8243; hover_enabled=\u00bb0&#8243; sticky_enabled=\u00bb0&#8243;][\/et_pb_image][\/et_pb_column][\/et_pb_row][et_pb_row _builder_version=\u00bb4.27.0&#8243; _module_preset=\u00bbdefault\u00bb theme_builder_area=\u00bbpost_content\u00bb][et_pb_column _builder_version=\u00bb4.27.0&#8243; _module_preset=\u00bbdefault\u00bb type=\u00bb4_4&#8243; theme_builder_area=\u00bbpost_content\u00bb][et_pb_text _builder_version=\u00bb4.27.0&#8243; _module_preset=\u00bbdefault\u00bb theme_builder_area=\u00bbpost_content\u00bb hover_enabled=\u00bb0&#8243; sticky_enabled=\u00bb0&#8243;]<p style=\"text-align: justify;\">\u00a0No se estaba descubriendo el hilo negro, sin embargo, en ese contexto s\u00ed era un ejercicio innovador para las actividades que se desarrollaban, que a todas luces nunca se planearon con la necesidad de aprender y ense\u00f1ar desde casa. Poco a poco se fueron sumando las voces, los rostros y los saberes de quienes se aventuraron a iniciar transmisiones con un t\u00edmido y tr\u00e9mulo: \u00bfme escuchan? sin m\u00e1s recursos que la computadora o el tel\u00e9fono celular y el internet, las m\u00e1s de las veces inestable.<\/p>[\/et_pb_text][\/et_pb_column][\/et_pb_row][et_pb_row _builder_version=\u00bb4.27.0&#8243; _module_preset=\u00bbdefault\u00bb column_structure=\u00bb1_2,1_2&#8243; theme_builder_area=\u00bbpost_content\u00bb][et_pb_column _builder_version=\u00bb4.27.0&#8243; _module_preset=\u00bbdefault\u00bb type=\u00bb1_2&#8243; theme_builder_area=\u00bbpost_content\u00bb][et_pb_text _builder_version=\u00bb4.27.0&#8243; _module_preset=\u00bbdefault\u00bb theme_builder_area=\u00bbpost_content\u00bb hover_enabled=\u00bb0&#8243; sticky_enabled=\u00bb0&#8243;]<p style=\"text-align: justify;\">As\u00ed fue que talleres como Bordado de Tenango, gastronom\u00eda, dibujo, diversidad sexual, lengua de se\u00f1as, n\u00e1huatl, rob\u00f3tica, asesor\u00edas de ciencia, ajedrez, matem\u00e1ticas, entre muchos otros, se transmitieron con sobrada emoci\u00f3n y cierto candor.<\/p>[\/et_pb_text][\/et_pb_column][et_pb_column _builder_version=\u00bb4.27.0&#8243; _module_preset=\u00bbdefault\u00bb type=\u00bb1_2&#8243; theme_builder_area=\u00bbpost_content\u00bb][et_pb_image src=\u00bbhttps:\/\/revistaquiote.org\/wp-content\/uploads\/2024\/09\/Pilares-en-linea-1_1.jpg\u00bb _builder_version=\u00bb4.27.0&#8243; _module_preset=\u00bbdefault\u00bb theme_builder_area=\u00bbpost_content\u00bb title_text=\u00bbPilares en l\u00ednea 1_1&#8243; hover_enabled=\u00bb0&#8243; sticky_enabled=\u00bb0&#8243;][\/et_pb_image][\/et_pb_column][\/et_pb_row][et_pb_row _builder_version=\u00bb4.27.0&#8243; _module_preset=\u00bbdefault\u00bb theme_builder_area=\u00bbpost_content\u00bb][et_pb_column _builder_version=\u00bb4.27.0&#8243; _module_preset=\u00bbdefault\u00bb type=\u00bb4_4&#8243; theme_builder_area=\u00bbpost_content\u00bb][et_pb_text _builder_version=\u00bb4.27.0&#8243; _module_preset=\u00bbdefault\u00bb theme_builder_area=\u00bbpost_content\u00bb hover_enabled=\u00bb0&#8243; sticky_enabled=\u00bb0&#8243;]<p style=\"text-align: justify;\">De los alcances de las transmisiones y las an\u00e9cdotas sobre las condiciones en que se llevaron a cabo, pueden dar testimonio las redes que, en este caso por fortuna, guardan esos primeros pasos que dieron talleristas y docentes para retomar la construcci\u00f3n de ese puente. Pilares en l\u00ednea permiti\u00f3 llegar a diversos estados y pa\u00edses no como un ejercicio de masas, sino como un proceso de acompa\u00f1amiento mutuo, porque la comunidad se reun\u00eda en torno a Pilares, y estos a su vez, deb\u00edan su existencia a la comunidad misma.<\/p>\n<p style=\"text-align: justify;\">\n<p style=\"text-align: justify;\">El objetivo no era el reflector, ni \u201cromperla\u201d en redes, ya que se estaba fraguando un proceso de comunicaci\u00f3n\u2013identificaci\u00f3n, en el que, por un lado, la comunidad reconocida a s\u00ed misma como poseedora de saberes, apost\u00f3 al proceso social, cimentado en las calles, barrios, colonias y, por otro lado, la necesidad de continuar el trabajo educativo y acompa\u00f1ar la vida de las personas durante el encierro, de forma tal que se pudiera prescindir del espacio f\u00edsico de encuentro. As\u00ed, se trascendi\u00f3 a un sentido de pertenencia que estaba m\u00e1s all\u00e1 de los muros y las puertas de Pilares.<\/p>[\/et_pb_text][\/et_pb_column][\/et_pb_row][et_pb_row _builder_version=\u00bb4.27.0&#8243; _module_preset=\u00bbdefault\u00bb column_structure=\u00bb1_2,1_2&#8243; theme_builder_area=\u00bbpost_content\u00bb][et_pb_column _builder_version=\u00bb4.27.0&#8243; _module_preset=\u00bbdefault\u00bb type=\u00bb1_2&#8243; theme_builder_area=\u00bbpost_content\u00bb][et_pb_image src=\u00bbhttps:\/\/revistaquiote.org\/wp-content\/uploads\/2024\/09\/PSX_20240923_105038-scaled.jpg\u00bb _builder_version=\u00bb4.27.0&#8243; _module_preset=\u00bbdefault\u00bb theme_builder_area=\u00bbpost_content\u00bb title_text=\u00bbPSX_20240923_105038&#8243; hover_enabled=\u00bb0&#8243; sticky_enabled=\u00bb0&#8243;][\/et_pb_image][\/et_pb_column][et_pb_column _builder_version=\u00bb4.27.0&#8243; _module_preset=\u00bbdefault\u00bb type=\u00bb1_2&#8243; theme_builder_area=\u00bbpost_content\u00bb][et_pb_text _builder_version=\u00bb4.27.0&#8243; _module_preset=\u00bbdefault\u00bb theme_builder_area=\u00bbpost_content\u00bb hover_enabled=\u00bb0&#8243; sticky_enabled=\u00bb0&#8243;]<p style=\"text-align: justify;\">As\u00ed de grande era el reto, porque si bien en un principio la invitaci\u00f3n era para que la comunidad se apropiara de los espacios, en esta etapa en redes, y ante la imposibilidad del recurso f\u00edsico, comunicar educativamente implic\u00f3 propiciar el reencuentro, ahora en el ciberespacio.<\/p>[\/et_pb_text][\/et_pb_column][\/et_pb_row][et_pb_row _builder_version=\u00bb4.27.0&#8243; _module_preset=\u00bbdefault\u00bb theme_builder_area=\u00bbpost_content\u00bb][et_pb_column _builder_version=\u00bb4.27.0&#8243; _module_preset=\u00bbdefault\u00bb type=\u00bb4_4&#8243; theme_builder_area=\u00bbpost_content\u00bb][et_pb_text _builder_version=\u00bb4.27.0&#8243; _module_preset=\u00bbdefault\u00bb theme_builder_area=\u00bbpost_content\u00bb hover_enabled=\u00bb0&#8243; sticky_enabled=\u00bb0&#8243;]<p style=\"text-align: justify;\">Se requiri\u00f3 de un equipo capaz de asumir el compromiso de transmitir en condiciones t\u00e9cnicas poco favorables, pero con la convicci\u00f3n de que no se trataba de un ejercicio para redes, ajeno y vac\u00edo, acumulador de reacciones sin eco; comunicar se volvi\u00f3 un acto de fe, para fortalecer el aprendizaje colectivo en uno de los momentos hist\u00f3ricos m\u00e1s sensibles, en los que pareciera que, parad\u00f3jicamente, la comunidad abrazaba, arropaba las individualidades dando tregua a la tensi\u00f3n entre la libertad como individuos y la anhelada seguridad que brinda la colectividad.<\/p>\n<p style=\"text-align: justify;\">En aquel contexto, la consigna fue clara: <em>Pilares en l\u00ednea<\/em> deb\u00eda existir, porque la suma de los esfuerzos y voluntades lo demandaba, porque el momento hist\u00f3rico era precisamente ese, en el que desde un ejercicio de gobierno se estaba pugnando por hacer del espacio p\u00fablico un bien com\u00fan que permitiera recuperar el tejido social y reconociera, por un lado, las necesidades y por el otro los saberes de los que son poseedoras todas las personas, aun en la adversidad.\u00a0<\/p>\n<p style=\"text-align: justify;\">En total hubo m\u00e1s de 2 mil transmisiones, c\u00e1psulas y videos generados durante el periodo de la pandemia, sin contar las sesiones alternativas organizadas por la propia comunidad, porque dichosamente, quien dise\u00f1\u00f3 sus propias rutas y caminos para mantenerse vigente, sin que mediara la directriz de nadie desde la instituci\u00f3n, sino el deseo de resistir y acompa\u00f1ar.<\/p>\n<p style=\"text-align: justify;\"><em>Pilares en l\u00ednea<\/em>, desde la vivencia, implic\u00f3 asumir que la transformaci\u00f3n social no es un asunto de acarreo de masas, foto del recuerdo con trending incluido, sino el reconocer que los procesos sociales requieren su tiempo y se cuecen a fuego lento, lejos de la parafernalia, en sinton\u00eda con la comunidad y su sentir.<\/p>[\/et_pb_text][\/et_pb_column][\/et_pb_row][et_pb_row _builder_version=\u00bb4.27.0&#8243; _module_preset=\u00bbdefault\u00bb theme_builder_area=\u00bbpost_content\u00bb][et_pb_column _builder_version=\u00bb4.27.0&#8243; _module_preset=\u00bbdefault\u00bb type=\u00bb4_4&#8243; theme_builder_area=\u00bbpost_content\u00bb][et_pb_text _builder_version=\u00bb4.27.0&#8243; _module_preset=\u00bbdefault\u00bb theme_builder_area=\u00bbpost_content\u00bb hover_enabled=\u00bb0&#8243; sticky_enabled=\u00bb0&#8243;]<p>Pies de im\u00e1genes:<\/p>\n<ol>\n<li>Carteles dise\u00f1ados por talleristas y docentes para la difusi\u00f3n de sus actividades en l\u00ednea<\/li>\n<li>Coj\u00edn realizado en el taller Bordado de Tenango, Pilares en L\u00ednea, durante el periodo de pandemia, por la usuaria Amarantha Guerrero.<\/li>\n<\/ol>[\/et_pb_text][\/et_pb_column][\/et_pb_row][\/et_pb_section]\n","protected":false},"excerpt":{"rendered":"<p>Con cari\u00f1o y gratitud para Caro, Karen, Xoch, Samuel, Joaqu\u00edn y Alek\u00a0 \u00a0Entre los retos hist\u00f3ricos que ha enfrentado la Ciudad de M\u00e9xico est\u00e1 el de acercar los derechos humanos y sociales a las poblaciones m\u00e1s vulnerables, sobre todo en las zonas identificadas con un mayor \u00edndice de marginaci\u00f3n, as\u00ed como en las que tienen [&hellip;]<\/p>\n","protected":false},"author":5,"featured_media":1649,"comment_status":"closed","ping_status":"closed","sticky":false,"template":"","format":"standard","meta":{"_et_pb_use_builder":"on","_et_pb_old_content":"","_et_gb_content_width":"","_jetpack_memberships_contains_paid_content":false,"footnotes":""},"categories":[138],"tags":[170,169,166,122,165,168,167,164],"ppma_author":[108],"class_list":["post-1626","post","type-post","status-publish","format-standard","has-post-thumbnail","hentry","category-numero-dos","tag-colectividad","tag-comunicacion-comunitaria","tag-comunidad","tag-educacion","tag-educacion-comunitaria","tag-educacion-en-linea","tag-pandemia","tag-pilares"],"yoast_head":"<!-- This site is optimized with the Yoast SEO plugin v27.3 - https:\/\/yoast.com\/product\/yoast-seo-wordpress\/ -->\n<title>PILARES EN L\u00cdNEA, DESDE LA VIVENCIA - REVISTA QUIOTE<\/title>\n<meta name=\"robots\" content=\"index, follow, max-snippet:-1, max-image-preview:large, max-video-preview:-1\" \/>\n<link rel=\"canonical\" href=\"https:\/\/revistaquiote.org\/?p=1626\" \/>\n<meta property=\"og:locale\" content=\"es_ES\" \/>\n<meta property=\"og:type\" content=\"article\" \/>\n<meta property=\"og:title\" content=\"PILARES EN L\u00cdNEA, DESDE LA VIVENCIA - REVISTA QUIOTE\" \/>\n<meta property=\"og:description\" content=\"Con cari\u00f1o y gratitud para Caro, Karen, Xoch, Samuel, Joaqu\u00edn y Alek\u00a0 \u00a0Entre los retos hist\u00f3ricos que ha enfrentado la Ciudad de M\u00e9xico est\u00e1 el de acercar los derechos humanos y sociales a las poblaciones m\u00e1s vulnerables, sobre todo en las zonas identificadas con un mayor \u00edndice de marginaci\u00f3n, as\u00ed como en las que tienen [&hellip;]\" \/>\n<meta property=\"og:url\" content=\"https:\/\/revistaquiote.org\/?p=1626\" \/>\n<meta property=\"og:site_name\" content=\"REVISTA QUIOTE\" \/>\n<meta property=\"article:publisher\" content=\"https:\/\/www.facebook.com\/profile.php?id=61581285934903&amp;rdid=NyTBdLDXXt5DTPla&amp;share_url=httpswww.facebook.comshare16XQGGa34v#\" \/>\n<meta property=\"article:published_time\" content=\"2024-09-23T17:20:06+00:00\" \/>\n<meta property=\"article:modified_time\" content=\"2024-09-23T20:50:56+00:00\" \/>\n<meta property=\"og:image\" content=\"https:\/\/revistaquiote.org\/wp-content\/uploads\/2024\/09\/Pilares-logo-2-scaled.jpg\" \/>\n\t<meta property=\"og:image:width\" content=\"2560\" \/>\n\t<meta property=\"og:image:height\" content=\"810\" \/>\n\t<meta property=\"og:image:type\" content=\"image\/jpeg\" \/>\n<meta name=\"author\" content=\"Adriana Cano\" \/>\n<meta name=\"twitter:card\" content=\"summary_large_image\" \/>\n<meta name=\"twitter:creator\" content=\"@RQuiote\" \/>\n<meta name=\"twitter:site\" content=\"@RQuiote\" \/>\n<meta name=\"twitter:label1\" content=\"Escrito por\" \/>\n\t<meta name=\"twitter:data1\" content=\"Adriana Cano\" \/>\n\t<meta name=\"twitter:label2\" content=\"Tiempo de lectura\" \/>\n\t<meta name=\"twitter:data2\" content=\"11 minutos\" \/>\n<script type=\"application\/ld+json\" class=\"yoast-schema-graph\">{\"@context\":\"https:\\\/\\\/schema.org\",\"@graph\":[{\"@type\":\"Article\",\"@id\":\"https:\\\/\\\/revistaquiote.org\\\/?p=1626#article\",\"isPartOf\":{\"@id\":\"https:\\\/\\\/revistaquiote.org\\\/?p=1626\"},\"author\":{\"name\":\"Adriana Cano\",\"@id\":\"https:\\\/\\\/revistaquiote.org\\\/#\\\/schema\\\/person\\\/06ddcdef41013fee9ef4197a9e5ed6a3\"},\"headline\":\"PILARES EN L\u00cdNEA, DESDE LA VIVENCIA\",\"datePublished\":\"2024-09-23T17:20:06+00:00\",\"dateModified\":\"2024-09-23T20:50:56+00:00\",\"mainEntityOfPage\":{\"@id\":\"https:\\\/\\\/revistaquiote.org\\\/?p=1626\"},\"wordCount\":2225,\"publisher\":{\"@id\":\"https:\\\/\\\/revistaquiote.org\\\/#organization\"},\"image\":{\"@id\":\"https:\\\/\\\/revistaquiote.org\\\/?p=1626#primaryimage\"},\"thumbnailUrl\":\"https:\\\/\\\/revistaquiote.org\\\/wp-content\\\/uploads\\\/2024\\\/09\\\/Pilares-logo-2-scaled.jpg\",\"keywords\":[\"Colectividad\",\"Comunicaci\u00f3n comunitaria\",\"Comunidad\",\"Educaci\u00f3n\",\"Educaci\u00f3n comunitaria\",\"Educaci\u00f3n en l\u00ednea\",\"Pandemia\",\"PILARES\"],\"articleSection\":[\"N\u00daMERO DOS\"],\"inLanguage\":\"es\"},{\"@type\":\"WebPage\",\"@id\":\"https:\\\/\\\/revistaquiote.org\\\/?p=1626\",\"url\":\"https:\\\/\\\/revistaquiote.org\\\/?p=1626\",\"name\":\"PILARES EN L\u00cdNEA, DESDE LA VIVENCIA - REVISTA QUIOTE\",\"isPartOf\":{\"@id\":\"https:\\\/\\\/revistaquiote.org\\\/#website\"},\"primaryImageOfPage\":{\"@id\":\"https:\\\/\\\/revistaquiote.org\\\/?p=1626#primaryimage\"},\"image\":{\"@id\":\"https:\\\/\\\/revistaquiote.org\\\/?p=1626#primaryimage\"},\"thumbnailUrl\":\"https:\\\/\\\/revistaquiote.org\\\/wp-content\\\/uploads\\\/2024\\\/09\\\/Pilares-logo-2-scaled.jpg\",\"datePublished\":\"2024-09-23T17:20:06+00:00\",\"dateModified\":\"2024-09-23T20:50:56+00:00\",\"breadcrumb\":{\"@id\":\"https:\\\/\\\/revistaquiote.org\\\/?p=1626#breadcrumb\"},\"inLanguage\":\"es\",\"potentialAction\":[{\"@type\":\"ReadAction\",\"target\":[\"https:\\\/\\\/revistaquiote.org\\\/?p=1626\"]}]},{\"@type\":\"ImageObject\",\"inLanguage\":\"es\",\"@id\":\"https:\\\/\\\/revistaquiote.org\\\/?p=1626#primaryimage\",\"url\":\"https:\\\/\\\/revistaquiote.org\\\/wp-content\\\/uploads\\\/2024\\\/09\\\/Pilares-logo-2-scaled.jpg\",\"contentUrl\":\"https:\\\/\\\/revistaquiote.org\\\/wp-content\\\/uploads\\\/2024\\\/09\\\/Pilares-logo-2-scaled.jpg\",\"width\":2560,\"height\":810},{\"@type\":\"BreadcrumbList\",\"@id\":\"https:\\\/\\\/revistaquiote.org\\\/?p=1626#breadcrumb\",\"itemListElement\":[{\"@type\":\"ListItem\",\"position\":1,\"name\":\"Portada\",\"item\":\"https:\\\/\\\/revistaquiote.org\\\/\"},{\"@type\":\"ListItem\",\"position\":2,\"name\":\"PILARES EN L\u00cdNEA, DESDE LA VIVENCIA\"}]},{\"@type\":\"WebSite\",\"@id\":\"https:\\\/\\\/revistaquiote.org\\\/#website\",\"url\":\"https:\\\/\\\/revistaquiote.org\\\/\",\"name\":\"REVISTA QUIOTE\",\"description\":\"N\u00daMERO SEIS\",\"publisher\":{\"@id\":\"https:\\\/\\\/revistaquiote.org\\\/#organization\"},\"potentialAction\":[{\"@type\":\"SearchAction\",\"target\":{\"@type\":\"EntryPoint\",\"urlTemplate\":\"https:\\\/\\\/revistaquiote.org\\\/?s={search_term_string}\"},\"query-input\":{\"@type\":\"PropertyValueSpecification\",\"valueRequired\":true,\"valueName\":\"search_term_string\"}}],\"inLanguage\":\"es\"},{\"@type\":\"Organization\",\"@id\":\"https:\\\/\\\/revistaquiote.org\\\/#organization\",\"name\":\"REVISTA QUIOTE\",\"url\":\"https:\\\/\\\/revistaquiote.org\\\/\",\"logo\":{\"@type\":\"ImageObject\",\"inLanguage\":\"es\",\"@id\":\"https:\\\/\\\/revistaquiote.org\\\/#\\\/schema\\\/logo\\\/image\\\/\",\"url\":\"https:\\\/\\\/revistaquiote.org\\\/wp-content\\\/uploads\\\/2023\\\/06\\\/Quiote-logo_01.png\",\"contentUrl\":\"https:\\\/\\\/revistaquiote.org\\\/wp-content\\\/uploads\\\/2023\\\/06\\\/Quiote-logo_01.png\",\"width\":1042,\"height\":417,\"caption\":\"REVISTA QUIOTE\"},\"image\":{\"@id\":\"https:\\\/\\\/revistaquiote.org\\\/#\\\/schema\\\/logo\\\/image\\\/\"},\"sameAs\":[\"https:\\\/\\\/www.facebook.com\\\/profile.php?id=61581285934903&rdid=NyTBdLDXXt5DTPla&share_url=httpswww.facebook.comshare16XQGGa34v#\",\"https:\\\/\\\/x.com\\\/RQuiote\",\"https:\\\/\\\/www.instagram.com\\\/revista.quiote\\\/\"]},{\"@type\":\"Person\",\"@id\":\"https:\\\/\\\/revistaquiote.org\\\/#\\\/schema\\\/person\\\/06ddcdef41013fee9ef4197a9e5ed6a3\",\"name\":\"Adriana Cano\",\"image\":{\"@type\":\"ImageObject\",\"inLanguage\":\"es\",\"@id\":\"https:\\\/\\\/secure.gravatar.com\\\/avatar\\\/3a079955b6265384199bb40b9a2f87fcf25c7a0356b5ff8e9fcecccf21d7015f?s=96&d=mm&r=g41292c9e1cfcd3274787b5e6c3b2c050\",\"url\":\"https:\\\/\\\/secure.gravatar.com\\\/avatar\\\/3a079955b6265384199bb40b9a2f87fcf25c7a0356b5ff8e9fcecccf21d7015f?s=96&d=mm&r=g\",\"contentUrl\":\"https:\\\/\\\/secure.gravatar.com\\\/avatar\\\/3a079955b6265384199bb40b9a2f87fcf25c7a0356b5ff8e9fcecccf21d7015f?s=96&d=mm&r=g\",\"caption\":\"Adriana Cano\"},\"url\":\"https:\\\/\\\/revistaquiote.org\\\/?author=5\"}]}<\/script>\n<!-- \/ Yoast SEO plugin. -->","yoast_head_json":{"title":"PILARES EN L\u00cdNEA, DESDE LA VIVENCIA - REVISTA QUIOTE","robots":{"index":"index","follow":"follow","max-snippet":"max-snippet:-1","max-image-preview":"max-image-preview:large","max-video-preview":"max-video-preview:-1"},"canonical":"https:\/\/revistaquiote.org\/?p=1626","og_locale":"es_ES","og_type":"article","og_title":"PILARES EN L\u00cdNEA, DESDE LA VIVENCIA - REVISTA QUIOTE","og_description":"Con cari\u00f1o y gratitud para Caro, Karen, Xoch, Samuel, Joaqu\u00edn y Alek\u00a0 \u00a0Entre los retos hist\u00f3ricos que ha enfrentado la Ciudad de M\u00e9xico est\u00e1 el de acercar los derechos humanos y sociales a las poblaciones m\u00e1s vulnerables, sobre todo en las zonas identificadas con un mayor \u00edndice de marginaci\u00f3n, as\u00ed como en las que tienen [&hellip;]","og_url":"https:\/\/revistaquiote.org\/?p=1626","og_site_name":"REVISTA QUIOTE","article_publisher":"https:\/\/www.facebook.com\/profile.php?id=61581285934903&rdid=NyTBdLDXXt5DTPla&share_url=httpswww.facebook.comshare16XQGGa34v#","article_published_time":"2024-09-23T17:20:06+00:00","article_modified_time":"2024-09-23T20:50:56+00:00","og_image":[{"width":2560,"height":810,"url":"https:\/\/revistaquiote.org\/wp-content\/uploads\/2024\/09\/Pilares-logo-2-scaled.jpg","type":"image\/jpeg"}],"author":"Adriana Cano","twitter_card":"summary_large_image","twitter_creator":"@RQuiote","twitter_site":"@RQuiote","twitter_misc":{"Escrito por":"Adriana Cano","Tiempo de lectura":"11 minutos"},"schema":{"@context":"https:\/\/schema.org","@graph":[{"@type":"Article","@id":"https:\/\/revistaquiote.org\/?p=1626#article","isPartOf":{"@id":"https:\/\/revistaquiote.org\/?p=1626"},"author":{"name":"Adriana Cano","@id":"https:\/\/revistaquiote.org\/#\/schema\/person\/06ddcdef41013fee9ef4197a9e5ed6a3"},"headline":"PILARES EN L\u00cdNEA, DESDE LA VIVENCIA","datePublished":"2024-09-23T17:20:06+00:00","dateModified":"2024-09-23T20:50:56+00:00","mainEntityOfPage":{"@id":"https:\/\/revistaquiote.org\/?p=1626"},"wordCount":2225,"publisher":{"@id":"https:\/\/revistaquiote.org\/#organization"},"image":{"@id":"https:\/\/revistaquiote.org\/?p=1626#primaryimage"},"thumbnailUrl":"https:\/\/revistaquiote.org\/wp-content\/uploads\/2024\/09\/Pilares-logo-2-scaled.jpg","keywords":["Colectividad","Comunicaci\u00f3n comunitaria","Comunidad","Educaci\u00f3n","Educaci\u00f3n comunitaria","Educaci\u00f3n en l\u00ednea","Pandemia","PILARES"],"articleSection":["N\u00daMERO DOS"],"inLanguage":"es"},{"@type":"WebPage","@id":"https:\/\/revistaquiote.org\/?p=1626","url":"https:\/\/revistaquiote.org\/?p=1626","name":"PILARES EN L\u00cdNEA, DESDE LA VIVENCIA - REVISTA QUIOTE","isPartOf":{"@id":"https:\/\/revistaquiote.org\/#website"},"primaryImageOfPage":{"@id":"https:\/\/revistaquiote.org\/?p=1626#primaryimage"},"image":{"@id":"https:\/\/revistaquiote.org\/?p=1626#primaryimage"},"thumbnailUrl":"https:\/\/revistaquiote.org\/wp-content\/uploads\/2024\/09\/Pilares-logo-2-scaled.jpg","datePublished":"2024-09-23T17:20:06+00:00","dateModified":"2024-09-23T20:50:56+00:00","breadcrumb":{"@id":"https:\/\/revistaquiote.org\/?p=1626#breadcrumb"},"inLanguage":"es","potentialAction":[{"@type":"ReadAction","target":["https:\/\/revistaquiote.org\/?p=1626"]}]},{"@type":"ImageObject","inLanguage":"es","@id":"https:\/\/revistaquiote.org\/?p=1626#primaryimage","url":"https:\/\/revistaquiote.org\/wp-content\/uploads\/2024\/09\/Pilares-logo-2-scaled.jpg","contentUrl":"https:\/\/revistaquiote.org\/wp-content\/uploads\/2024\/09\/Pilares-logo-2-scaled.jpg","width":2560,"height":810},{"@type":"BreadcrumbList","@id":"https:\/\/revistaquiote.org\/?p=1626#breadcrumb","itemListElement":[{"@type":"ListItem","position":1,"name":"Portada","item":"https:\/\/revistaquiote.org\/"},{"@type":"ListItem","position":2,"name":"PILARES EN L\u00cdNEA, DESDE LA VIVENCIA"}]},{"@type":"WebSite","@id":"https:\/\/revistaquiote.org\/#website","url":"https:\/\/revistaquiote.org\/","name":"REVISTA QUIOTE","description":"N\u00daMERO SEIS","publisher":{"@id":"https:\/\/revistaquiote.org\/#organization"},"potentialAction":[{"@type":"SearchAction","target":{"@type":"EntryPoint","urlTemplate":"https:\/\/revistaquiote.org\/?s={search_term_string}"},"query-input":{"@type":"PropertyValueSpecification","valueRequired":true,"valueName":"search_term_string"}}],"inLanguage":"es"},{"@type":"Organization","@id":"https:\/\/revistaquiote.org\/#organization","name":"REVISTA QUIOTE","url":"https:\/\/revistaquiote.org\/","logo":{"@type":"ImageObject","inLanguage":"es","@id":"https:\/\/revistaquiote.org\/#\/schema\/logo\/image\/","url":"https:\/\/revistaquiote.org\/wp-content\/uploads\/2023\/06\/Quiote-logo_01.png","contentUrl":"https:\/\/revistaquiote.org\/wp-content\/uploads\/2023\/06\/Quiote-logo_01.png","width":1042,"height":417,"caption":"REVISTA QUIOTE"},"image":{"@id":"https:\/\/revistaquiote.org\/#\/schema\/logo\/image\/"},"sameAs":["https:\/\/www.facebook.com\/profile.php?id=61581285934903&rdid=NyTBdLDXXt5DTPla&share_url=httpswww.facebook.comshare16XQGGa34v#","https:\/\/x.com\/RQuiote","https:\/\/www.instagram.com\/revista.quiote\/"]},{"@type":"Person","@id":"https:\/\/revistaquiote.org\/#\/schema\/person\/06ddcdef41013fee9ef4197a9e5ed6a3","name":"Adriana Cano","image":{"@type":"ImageObject","inLanguage":"es","@id":"https:\/\/secure.gravatar.com\/avatar\/3a079955b6265384199bb40b9a2f87fcf25c7a0356b5ff8e9fcecccf21d7015f?s=96&d=mm&r=g41292c9e1cfcd3274787b5e6c3b2c050","url":"https:\/\/secure.gravatar.com\/avatar\/3a079955b6265384199bb40b9a2f87fcf25c7a0356b5ff8e9fcecccf21d7015f?s=96&d=mm&r=g","contentUrl":"https:\/\/secure.gravatar.com\/avatar\/3a079955b6265384199bb40b9a2f87fcf25c7a0356b5ff8e9fcecccf21d7015f?s=96&d=mm&r=g","caption":"Adriana Cano"},"url":"https:\/\/revistaquiote.org\/?author=5"}]}},"jetpack_featured_media_url":"https:\/\/revistaquiote.org\/wp-content\/uploads\/2024\/09\/Pilares-logo-2-scaled.jpg","jetpack_sharing_enabled":true,"authors":[{"term_id":108,"user_id":5,"is_guest":0,"slug":"adri_revistaweb","display_name":"Adriana Cano","avatar_url":"https:\/\/secure.gravatar.com\/avatar\/3a079955b6265384199bb40b9a2f87fcf25c7a0356b5ff8e9fcecccf21d7015f?s=96&d=mm&r=g","0":null,"1":"","2":"","3":"","4":"","5":"","6":"","7":"","8":""}],"_links":{"self":[{"href":"https:\/\/revistaquiote.org\/index.php?rest_route=\/wp\/v2\/posts\/1626","targetHints":{"allow":["GET"]}}],"collection":[{"href":"https:\/\/revistaquiote.org\/index.php?rest_route=\/wp\/v2\/posts"}],"about":[{"href":"https:\/\/revistaquiote.org\/index.php?rest_route=\/wp\/v2\/types\/post"}],"author":[{"embeddable":true,"href":"https:\/\/revistaquiote.org\/index.php?rest_route=\/wp\/v2\/users\/5"}],"replies":[{"embeddable":true,"href":"https:\/\/revistaquiote.org\/index.php?rest_route=%2Fwp%2Fv2%2Fcomments&post=1626"}],"version-history":[{"count":15,"href":"https:\/\/revistaquiote.org\/index.php?rest_route=\/wp\/v2\/posts\/1626\/revisions"}],"predecessor-version":[{"id":1809,"href":"https:\/\/revistaquiote.org\/index.php?rest_route=\/wp\/v2\/posts\/1626\/revisions\/1809"}],"wp:featuredmedia":[{"embeddable":true,"href":"https:\/\/revistaquiote.org\/index.php?rest_route=\/wp\/v2\/media\/1649"}],"wp:attachment":[{"href":"https:\/\/revistaquiote.org\/index.php?rest_route=%2Fwp%2Fv2%2Fmedia&parent=1626"}],"wp:term":[{"taxonomy":"category","embeddable":true,"href":"https:\/\/revistaquiote.org\/index.php?rest_route=%2Fwp%2Fv2%2Fcategories&post=1626"},{"taxonomy":"post_tag","embeddable":true,"href":"https:\/\/revistaquiote.org\/index.php?rest_route=%2Fwp%2Fv2%2Ftags&post=1626"},{"taxonomy":"author","embeddable":true,"href":"https:\/\/revistaquiote.org\/index.php?rest_route=%2Fwp%2Fv2%2Fppma_author&post=1626"}],"curies":[{"name":"wp","href":"https:\/\/api.w.org\/{rel}","templated":true}]}}