{"id":1883,"date":"2024-12-13T19:47:22","date_gmt":"2024-12-13T19:47:22","guid":{"rendered":"https:\/\/revistaquiote.org\/?p=1883"},"modified":"2025-04-29T19:03:20","modified_gmt":"2025-04-29T19:03:20","slug":"1883","status":"publish","type":"post","link":"https:\/\/revistaquiote.org\/?p=1883","title":{"rendered":"UNA MEMORIA GLOBAL DE PREOCUPACIONES CULTURALES SOBRE PAPEL AMATE"},"content":{"rendered":"\n[et_pb_section fb_built=\u00bb1&#8243; _builder_version=\u00bb4.27.4&#8243; _module_preset=\u00bbdefault\u00bb global_colors_info=\u00bb{}\u00bb][et_pb_row _builder_version=\u00bb4.27.4&#8243; _module_preset=\u00bbdefault\u00bb global_colors_info=\u00bb{}\u00bb][et_pb_column type=\u00bb4_4&#8243; _builder_version=\u00bb4.27.4&#8243; _module_preset=\u00bbdefault\u00bb global_colors_info=\u00bb{}\u00bb][et_pb_heading title=\u00bbUna memoria global de preocupaciones culturales sobre papel amate\u00bb _builder_version=\u00bb4.27.4&#8243; _module_preset=\u00bbdefault\u00bb global_colors_info=\u00bb{}\u00bb][\/et_pb_heading][\/et_pb_column][\/et_pb_row][et_pb_row _builder_version=\u00bb4.27.4&#8243; _module_preset=\u00bbdefault\u00bb global_colors_info=\u00bb{}\u00bb][et_pb_column type=\u00bb4_4&#8243; _builder_version=\u00bb4.27.4&#8243; _module_preset=\u00bbdefault\u00bb global_colors_info=\u00bb{}\u00bb][et_pb_text _builder_version=\u00bb4.27.4&#8243; _module_preset=\u00bbdefault\u00bb global_colors_info=\u00bb{}\u00bb]<p style=\"text-align: right;\">Fernando Llanos<\/p>[\/et_pb_text][\/et_pb_column][\/et_pb_row][et_pb_row _builder_version=\u00bb4.27.4&#8243; _module_preset=\u00bbdefault\u00bb global_colors_info=\u00bb{}\u00bb][et_pb_column type=\u00bb4_4&#8243; _builder_version=\u00bb4.27.4&#8243; _module_preset=\u00bbdefault\u00bb global_colors_info=\u00bb{}\u00bb][et_pb_text _builder_version=\u00bb4.27.4&#8243; _module_preset=\u00bbdefault\u00bb global_colors_info=\u00bb{}\u00bb]<p style=\"text-align: justify;\">Despu\u00e9s de casi tres a\u00f1os de gesti\u00f3n, de una pandemia que sacudi\u00f3 a todo el planeta, y despu\u00e9s de cuatro d\u00e9cadas de no haber sucedido en nuestro pa\u00eds un evento de esta naturaleza, del 28 al 30 de septiembre de 2022 se realiz\u00f3 en la Ciudad de M\u00e9xico la <strong>Conferencia Mundial de la Unesco sobre Pol\u00edticas Culturales y Desarrollo Sostenible, Mondiacult 2022<\/strong>. Se presentaron 135 ministras y ministros de cultura de todo el mundo, con ponencias breves de 5 minutos aproximadamente, exponiendo sus preocupaciones, proyectos, avances y hasta reclamos, en materia de cultura, que exist\u00edan en ese momento en m\u00e1s de 150 pa\u00edses miembros de la Organizaci\u00f3n de las Naciones Unidas para la Educaci\u00f3n, la Ciencia y la Cultura.<\/p>[\/et_pb_text][\/et_pb_column][\/et_pb_row][et_pb_row column_structure=\u00bb1_2,1_2&#8243; _builder_version=\u00bb4.27.4&#8243; _module_preset=\u00bbdefault\u00bb global_colors_info=\u00bb{}\u00bb][et_pb_column type=\u00bb1_2&#8243; _builder_version=\u00bb4.27.4&#8243; _module_preset=\u00bbdefault\u00bb global_colors_info=\u00bb{}\u00bb][et_pb_text _builder_version=\u00bb4.27.4&#8243; _module_preset=\u00bbdefault\u00bb global_colors_info=\u00bb{}\u00bb]<p style=\"text-align: justify;\">\u00a0 \u00a0Pese a que esa marea de voces, informaci\u00f3n y experiencias fueron captadas, transmitidas y resguardadas en video<a href=\"#_ftn1\" name=\"_ftnref1\"><sup>1<\/sup><\/a>, a Pablo Raphael, Director de Asuntos Internacionales de la\u00a0Secretar\u00eda de Cultura Federal y Coordinador General del evento, se le ocurri\u00f3 que ser\u00eda interesante hacer una memoria gr\u00e1fica en un formato diferente, que respondiera a un formato local con suficiente personalidad. Con esa idea, en colaboraci\u00f3n con los Semilleros Creativos, de Cultura Comunitaria (a cargo Esther Hern\u00e1ndez), arropados por la Secretar\u00eda de Cultura Federal (dirigida por Alejandra Frausto), el patrocinio de Netflix, y la supervisi\u00f3n de Patricia Henr\u00edquez y m\u00eda, naci\u00f3 el C\u00f3dice Mondiacult 2022.<\/p>\n<p>&nbsp;<\/p>\n<p><a href=\"#_ftnref1\" name=\"_ftn1\"><sup><span>1<\/span><\/sup><\/a>Hasta la fecha se pueden consultar en <span><a href=\"https:\/\/mondiacult2022.cultura.gob.mx\">https:\/\/mondiacult2022.cultura.gob.mx<\/a><\/span> (visto el 20 de noviembre de 2024).<\/p>[\/et_pb_text][\/et_pb_column][et_pb_column type=\u00bb1_2&#8243; _builder_version=\u00bb4.27.4&#8243; _module_preset=\u00bbdefault\u00bb global_colors_info=\u00bb{}\u00bb][et_pb_text _builder_version=\u00bb4.27.4&#8243; _module_preset=\u00bbdefault\u00bb global_colors_info=\u00bb{}\u00bb]<p style=\"text-align: justify;\">\u00a0 \u00a0Varios creadores ya han recreado situaciones contempor\u00e1neas con los par\u00e1metros gr\u00e1ficos de los c\u00f3dices prehisp\u00e1nicos y virreinales, mayas, mexicas o mixes: Felipe Ehrenberg, Cisco Jim\u00e9nez, Antonio \u00c1lvarez Mor\u00e1n, Santiago Robles, por mencionar algunos nombres. En los a\u00f1os ochentas, a este tipo de apropiaci\u00f3n, le llamaron \u201cneomexicanismos\u201d, y ahora se pueden encontrar en Google bajo la etiqueta de \u201cc\u00f3dices contempor\u00e1neos\u201d. Trabajar la gram\u00e1tica gr\u00e1fica de los c\u00f3dices mesoamericanos con preocupaciones o discursos actuales me parece una manera muy v\u00e1lida de promover y visibilizar esa arcaica tradici\u00f3n creativa pictogr\u00e1fica, para que dicho saber local no sea sepultado en el olvido. En esa din\u00e1mica, de revisi\u00f3n y reformulaci\u00f3n de las recetas gr\u00e1ficas del pasado, pintamos unos pliegos de papel amate y un par de lonas de manta de gran formato.<\/p>[\/et_pb_text][\/et_pb_column][\/et_pb_row][et_pb_row column_structure=\u00bb2_5,3_5&#8243; _builder_version=\u00bb4.27.4&#8243; _module_preset=\u00bbdefault\u00bb global_colors_info=\u00bb{}\u00bb][et_pb_column type=\u00bb2_5&#8243; _builder_version=\u00bb4.27.4&#8243; _module_preset=\u00bbdefault\u00bb global_colors_info=\u00bb{}\u00bb][et_pb_image src=\u00bbhttps:\/\/revistaquiote.org\/wp-content\/uploads\/2024\/12\/Fernando-Llanos_Felipe-Ehrenberg.jpg\u00bb title_text=\u00bbFernando Llanos_Felipe Ehrenberg\u00bb _builder_version=\u00bb4.27.4&#8243; _module_preset=\u00bbdefault\u00bb global_colors_info=\u00bb{}\u00bb][\/et_pb_image][\/et_pb_column][et_pb_column type=\u00bb3_5&#8243; _builder_version=\u00bb4.27.4&#8243; _module_preset=\u00bbdefault\u00bb global_colors_info=\u00bb{}\u00bb][et_pb_image src=\u00bbhttps:\/\/revistaquiote.org\/wp-content\/uploads\/2024\/12\/SantiagoRobles.jpg\u00bb title_text=\u00bbC\u00f3dice Starbuckstlan\u00bb _builder_version=\u00bb4.27.4&#8243; _module_preset=\u00bbdefault\u00bb global_colors_info=\u00bb{}\u00bb][\/et_pb_image][\/et_pb_column][\/et_pb_row][et_pb_row _builder_version=\u00bb4.27.4&#8243; _module_preset=\u00bbdefault\u00bb global_colors_info=\u00bb{}\u00bb][et_pb_column type=\u00bb4_4&#8243; _builder_version=\u00bb4.27.4&#8243; _module_preset=\u00bbdefault\u00bb global_colors_info=\u00bb{}\u00bb][et_pb_text _builder_version=\u00bb4.27.4&#8243; _module_preset=\u00bbdefault\u00bb global_colors_info=\u00bb{}\u00bb]<p style=\"text-align: justify;\">\u00a0 \u00a0La creaci\u00f3n de este nuevo c\u00f3dice tuvo dos momentos. El primero se realiz\u00f3 durante el evento, en las dos sedes del encuentro: el Auditorio Nacional y el Complejo Cultural Los Pinos. Aliados que escuchaban las ponencias, resum\u00edan frases y nos las mandaban, v\u00eda Whatsapp, a las distintas islas de trabajo que ten\u00edamos. Entre las ni\u00f1as, ni\u00f1os, adolescentes y tutores de los Semilleros Creativos, dibujamos y pintamos esos abstractos conceptos. Por lo dif\u00edcil de aterrizar, gr\u00e1ficamente, temas tan complejos en tan poco tiempo, nos enfocamos, en la mayor\u00eda de los casos, en reflejar con detalle uno o dos de los conceptos que \u201ccach\u00e1bamos\u201d.<\/p>[\/et_pb_text][\/et_pb_column][\/et_pb_row][et_pb_row _builder_version=\u00bb4.27.4&#8243; _module_preset=\u00bbdefault\u00bb global_colors_info=\u00bb{}\u00bb][et_pb_column type=\u00bb4_4&#8243; _builder_version=\u00bb4.27.4&#8243; _module_preset=\u00bbdefault\u00bb global_colors_info=\u00bb{}\u00bb][et_pb_text _builder_version=\u00bb4.27.4&#8243; _module_preset=\u00bbdefault\u00bb global_colors_info=\u00bb{}\u00bb]<p style=\"text-align: justify;\">\u00a0 \u00a0El resultado fue una interesante mezcla de algunos de los temas abordados en las mesas y las vitales preocupaciones de vida de los j\u00f3venes participantes del experimento. Creo que lo mejor fue poder mostrar ante miles de invitados y participantes, la construcci\u00f3n en vivo y en corto de un c\u00f3dice, por las joviales manos de uno de los programas emblem\u00e1ticos de la administraci\u00f3n pasada. Algunos embajadores, agregados culturales, secretarios de cultura y artistas de otras latitudes se sumaron con un par de l\u00edneas, y todo fue documentado por Jessica Herreman para tambi\u00e9n entregar un registro audiovisual del proceso.<a href=\"#_ftn1\" name=\"_ftnref1\"><sup>2<\/sup><\/a><\/p>\n<p>&nbsp;<\/p>\n<p><a href=\"#_ftnref1\" name=\"_ftn1\"><sup><span>2<\/span><\/sup><\/a> <span style=\"text-decoration: underline;\"><span style=\"color: #000000;\"><a href=\"http:\/\/fllanos.com\/codice\" style=\"color: #000000;\">http:\/\/fllanos.com\/codice<\/a><\/span><\/span> (consultado el 20 de noviembre de 2024).<\/p>[\/et_pb_text][\/et_pb_column][\/et_pb_row][et_pb_row _builder_version=\u00bb4.27.4&#8243; _module_preset=\u00bbdefault\u00bb global_colors_info=\u00bb{}\u00bb][et_pb_column type=\u00bb4_4&#8243; _builder_version=\u00bb4.27.4&#8243; _module_preset=\u00bbdefault\u00bb global_colors_info=\u00bb{}\u00bb][et_pb_image src=\u00bbhttps:\/\/revistaquiote.org\/wp-content\/uploads\/2024\/12\/Mondiacult-COLOR.jpg\u00bb title_text=\u00bbMondiacult-COLOR\u00bb _builder_version=\u00bb4.27.4&#8243; _module_preset=\u00bbdefault\u00bb global_colors_info=\u00bb{}\u00bb][\/et_pb_image][\/et_pb_column][\/et_pb_row][et_pb_row column_structure=\u00bb1_2,1_2&#8243; _builder_version=\u00bb4.27.4&#8243; _module_preset=\u00bbdefault\u00bb global_colors_info=\u00bb{}\u00bb][et_pb_column type=\u00bb1_2&#8243; _builder_version=\u00bb4.27.4&#8243; _module_preset=\u00bbdefault\u00bb global_colors_info=\u00bb{}\u00bb][et_pb_text _builder_version=\u00bb4.27.4&#8243; _module_preset=\u00bbdefault\u00bb global_colors_info=\u00bb{}\u00bb]<p style=\"text-align: justify;\">\u00a0 \u00a0El segundo momento de creaci\u00f3n, sucedi\u00f3 posterior al evento. Patricia Henr\u00edquez y yo revisamos m\u00e1s de 160 videos con presentaciones y ponencias, estudiamos y tratamos de entender muchos de los argumentos ah\u00ed vertidos para poder representarlos de manera sint\u00e9tica y contundente, manteniendo una afinidad formal con los c\u00f3dices mesoamericanos.<\/p>[\/et_pb_text][\/et_pb_column][et_pb_column type=\u00bb1_2&#8243; _builder_version=\u00bb4.27.4&#8243; _module_preset=\u00bbdefault\u00bb global_colors_info=\u00bb{}\u00bb][et_pb_text _builder_version=\u00bb4.27.4&#8243; _module_preset=\u00bbdefault\u00bb global_colors_info=\u00bb{}\u00bb]<p style=\"text-align: justify;\">\u00a0 \u00a0Tardamos casi un a\u00f1o, ya que, a tan dif\u00edcil tarea, hab\u00eda que sumarle el hacer 282 retratos en peque\u00f1o formato de todas las personas que se subieron a una tarima durante el evento, o que estuvieron directamente involucrados en su gesti\u00f3n, como fue el caso de Juan Jos\u00e9 Bremer. El resultado fueron cuatro pliegos de papel amate que inclu\u00edan referencias geogr\u00e1ficas y animales en extinci\u00f3n, pintados magistralmente por Patricia Henriquez.<\/p>[\/et_pb_text][\/et_pb_column][\/et_pb_row][et_pb_row _builder_version=\u00bb4.27.4&#8243; _module_preset=\u00bbdefault\u00bb global_colors_info=\u00bb{}\u00bb][et_pb_column type=\u00bb4_4&#8243; _builder_version=\u00bb4.27.4&#8243; _module_preset=\u00bbdefault\u00bb global_colors_info=\u00bb{}\u00bb][et_pb_text _builder_version=\u00bb4.27.4&#8243; _module_preset=\u00bbdefault\u00bb global_colors_info=\u00bb{}\u00bb]<p style=\"text-align: justify;\">\u00a0 \u00a0Escuchar tant\u00edsimas posturas sobre el rumbo que la cultura puede tomar a futuro en tantos diferentes pa\u00edses, fue tan enriquecedor como abrumador. Las diferencias eran evidentes, pa\u00edses del hemisferio norte hablando de estrategias digitales y monetizaci\u00f3n, y naciones que fueron \u201ccolonias\u201d denunciando el tr\u00e1fico de bienes culturales o la vulnerabilidad de los empleados de la cultura.<\/p>[\/et_pb_text][\/et_pb_column][\/et_pb_row][et_pb_row column_structure=\u00bb1_2,1_2&#8243; _builder_version=\u00bb4.27.4&#8243; _module_preset=\u00bbdefault\u00bb global_colors_info=\u00bb{}\u00bb][et_pb_column type=\u00bb1_2&#8243; _builder_version=\u00bb4.27.4&#8243; _module_preset=\u00bbdefault\u00bb global_colors_info=\u00bb{}\u00bb][et_pb_text _builder_version=\u00bb4.27.4&#8243; _module_preset=\u00bbdefault\u00bb global_colors_info=\u00bb{}\u00bb]<p style=\"text-align: justify;\">\u00a0 \u00a0Mi ponencia favorita fue la de la africana Am\u00e9lia Mar\u00eda Matsinhe, vicepresidenta de la Red Arterial de Costa de Marfil<a href=\"#_ftn1\" name=\"_ftnref1\"><sup>3<\/sup><\/a>, que pidi\u00f3 de manera urgente solidaridad tecnocr\u00e1tica e hizo una puntual observaci\u00f3n: <em>las industrias creativas y culturales son una realidad en el norte. En el sur, son un imaginario.<\/em><\/p>\n<p>&nbsp;<\/p>\n<p><a href=\"#_ftnref1\" name=\"_ftn1\"><sup><span>3<\/span><\/sup><\/a> <span style=\"color: #000000;\"><a href=\"https:\/\/arterialafrica.org\/vision\" style=\"color: #000000;\">https:\/\/arterialafrica.org\/vision<\/a> <\/span>(consultada el 20 de noviembre de 2024).<\/p>[\/et_pb_text][\/et_pb_column][et_pb_column type=\u00bb1_2&#8243; _builder_version=\u00bb4.27.4&#8243; _module_preset=\u00bbdefault\u00bb global_colors_info=\u00bb{}\u00bb][et_pb_image src=\u00bbhttps:\/\/revistaquiote.org\/wp-content\/uploads\/2024\/12\/Codice-Mondiacult.jpg\u00bb title_text=\u00bbC\u00f3dice Mondiacult\u00bb _builder_version=\u00bb4.27.4&#8243; _module_preset=\u00bbdefault\u00bb global_colors_info=\u00bb{}\u00bb][\/et_pb_image][\/et_pb_column][\/et_pb_row][et_pb_row _builder_version=\u00bb4.27.4&#8243; _module_preset=\u00bbdefault\u00bb global_colors_info=\u00bb{}\u00bb][et_pb_column type=\u00bb4_4&#8243; _builder_version=\u00bb4.27.4&#8243; _module_preset=\u00bbdefault\u00bb global_colors_info=\u00bb{}\u00bb][et_pb_text _builder_version=\u00bb4.27.4&#8243; _module_preset=\u00bbdefault\u00bb global_colors_info=\u00bb{}\u00bb]<p style=\"text-align: justify;\">\u00a0 \u00a0Sin embargo, la ponencia m\u00e1s aplaudida fue la de Lituania, que denunci\u00f3 la guerra de Rusia contra Ucrania que actualmente sigue. Un terrible nuevo genocidio ha brotado en el planeta, y me pregunto: \u00bfde todas las ideas que se pusieron sobre la mesa hace dos a\u00f1os, cuantas han podido ser puestas en pr\u00e1cticas?, \u00bflas indudables alianzas y complicidades que se dieron en los pasillos y antesalas, qu\u00e9 frutos han dado?, \u00bfc\u00f3mo medimos los beneficios de esa gran apuesta global y, sobre todo, c\u00f3mo se le da seguimiento a los objetivos acordados en esa agenda com\u00fan?<\/p>[\/et_pb_text][\/et_pb_column][\/et_pb_row][et_pb_row _builder_version=\u00bb4.27.4&#8243; _module_preset=\u00bbdefault\u00bb global_colors_info=\u00bb{}\u00bb][et_pb_column type=\u00bb4_4&#8243; _builder_version=\u00bb4.27.4&#8243; _module_preset=\u00bbdefault\u00bb global_colors_info=\u00bb{}\u00bb][et_pb_text _builder_version=\u00bb4.27.4&#8243; _module_preset=\u00bbdefault\u00bb global_colors_info=\u00bb{}\u00bb]<p style=\"text-align: justify;\">\u00a0 \u00a0Dudas propias de un no-tan-joven-tlacuilo que fue un simple testigo de tan colosal esfuerzo. Quiz\u00e1 las respuestas las encontremos en el cierre del texto que Pablo Raphael public\u00f3 en la <em>Revista Mexicana de Pol\u00edtica Exterior,<\/em> previo al encuentro:<em> \u201c<\/em>Deseamos que, en el mejor de los sentidos, la cultura sea el veh\u00edculo que nos regrese el sentido de humildad m\u00e1s sincero, que nos lleve a comprender el momento desafiante en el que vivimos y nos permita alcanzar objetivos m\u00e1s all\u00e1 de nuestra generaci\u00f3n, d\u00e1ndole viabilidad a este magn\u00edfico proyecto que llamamos humanidad<em>\u201d. <\/em>As\u00ed, sin fronteras y en colectivo.<\/p>\n<p style=\"text-align: justify;\">\u00a0 \u00a0El <strong>C\u00f3dice Mondiacult <\/strong>que realizamos, se encuentra actualmente en exhibici\u00f3n permanente en una sala del Complejo Cultural Los Pinos. Nuestras pinceladas no buscan suplir las m\u00e1s de doce horas de espesas ponencias en video, dudo que si se proyectaran en esa sala, alg\u00fan espectador las vea completas, pero s\u00ed creo que esas piezas pueden atraer la mirada de curiosos que deambulen por el rumbo, para dimensionar la historia de ese gran encuentro con otros ojos. Hoy en d\u00eda, hay que celebrar enormemente a quien apuesta por la creaci\u00f3n art\u00edstica y no por la salida f\u00e1cil del espect\u00e1culo o los <em>influencers <\/em>para solo atraer la atenci\u00f3n de los medios.<\/p>[\/et_pb_text][\/et_pb_column][\/et_pb_row][et_pb_row column_structure=\u00bb1_2,1_2&#8243; _builder_version=\u00bb4.27.4&#8243; _module_preset=\u00bbdefault\u00bb global_colors_info=\u00bb{}\u00bb][et_pb_column type=\u00bb1_2&#8243; _builder_version=\u00bb4.27.4&#8243; _module_preset=\u00bbdefault\u00bb global_colors_info=\u00bb{}\u00bb][et_pb_text _builder_version=\u00bb4.27.4&#8243; _module_preset=\u00bbdefault\u00bb global_colors_info=\u00bb{}\u00bb]<p style=\"text-align: justify;\">\u00a0 \u00a0Meses despu\u00e9s, de manera individual y sin prisas, decid\u00ed que ser\u00eda justo pintar un quinto pliego de papel amate, honrando a la base de la pir\u00e1mide, a esos protagonistas que, a mi parecer, faltaron en el dichoso evento. Lo titul\u00e9 C\u00f3dice 4T o El Peje y el pueblo bueno. En ella, aparecen 43 retratos hechos en grafito l\u00edquido, como los realizados en los cuatro pliegos anteriores, con maestros artesanos, cocineras tradicionales, y hasta una ling\u00fcista defensora del mixe, Yasnaya Aguilar, o el ne\u00f3logo Felipe Ehrenberg. Al centro de la pieza, y al lado de una pir\u00e1mide invertida hecha de libros (interpr\u00e9tese como leyes, educaci\u00f3n o conocimiento hist\u00f3rico) se encuentra nuestro expresidente, Andr\u00e9s Manuel L\u00f3pez Obrador, como eje rector gracias al cual cambiaron muchas de las narrativas nacionales. El paisaje est\u00e1 salpimentado por varias cact\u00e1ceas resilientes y coronado por una pir\u00e1mide dorada iluminada con pintura fluorescente.<\/p>[\/et_pb_text][\/et_pb_column][et_pb_column type=\u00bb1_2&#8243; _builder_version=\u00bb4.27.4&#8243; _module_preset=\u00bbdefault\u00bb global_colors_info=\u00bb{}\u00bb][et_pb_image src=\u00bbhttps:\/\/revistaquiote.org\/wp-content\/uploads\/2024\/12\/Fernando-Llanos_Codice4T-scaled.jpg\u00bb title_text=\u00bbFernando Llanos_C\u00f3dice4T\u00bb _builder_version=\u00bb4.27.4&#8243; _module_preset=\u00bbdefault\u00bb global_colors_info=\u00bb{}\u00bb][\/et_pb_image][\/et_pb_column][\/et_pb_row][et_pb_row _builder_version=\u00bb4.27.4&#8243; _module_preset=\u00bbdefault\u00bb global_colors_info=\u00bb{}\u00bb][et_pb_column type=\u00bb4_4&#8243; _builder_version=\u00bb4.27.4&#8243; _module_preset=\u00bbdefault\u00bb global_colors_info=\u00bb{}\u00bb][et_pb_text _builder_version=\u00bb4.27.4&#8243; _module_preset=\u00bbdefault\u00bb global_colors_info=\u00bb{}\u00bb]<p style=\"text-align: justify;\">\u00a0 \u00a0Celebro la gran apuesta que se hizo por el di\u00e1logo en torno a la cultura y agradezco la invitaci\u00f3n a ser parte de esa inusual memoria en papel mate. Invito a quien no conozca el C\u00f3dice Mondiacult 2022 a que se acerque al Complejo Cultural Los Pinos a conocer las piezas que realizamos con tanto detalle durante tanto tiempo. Puede ser una gran excusa para mantener la palabra activa detonada por el trazo.<\/p>[\/et_pb_text][\/et_pb_column][\/et_pb_row][\/et_pb_section]\n","protected":false},"excerpt":{"rendered":"<p>Fernando LlanosDespu\u00e9s de casi tres a\u00f1os de gesti\u00f3n, de una pandemia que sacudi\u00f3 a todo el planeta, y despu\u00e9s de cuatro d\u00e9cadas de no haber sucedido en nuestro pa\u00eds un evento de esta naturaleza, del 28 al 30 de septiembre de 2022 se realiz\u00f3 en la Ciudad de M\u00e9xico la Conferencia Mundial de la Unesco [&hellip;]<\/p>\n","protected":false},"author":1,"featured_media":1904,"comment_status":"open","ping_status":"closed","sticky":false,"template":"","format":"standard","meta":{"_et_pb_use_builder":"on","_et_pb_old_content":"","_et_gb_content_width":"","_jetpack_memberships_contains_paid_content":false,"footnotes":""},"categories":[185],"tags":[43,189,193,91,192,26,191],"ppma_author":[197],"class_list":["post-1883","post","type-post","status-publish","format-standard","has-post-thumbnail","hentry","category-numero-tres","tag-arte","tag-codice-mondiacult","tag-complejo-cultural-los-pinos","tag-inteligencia-social-colectiva","tag-politicas-culturales","tag-revistaquiote","tag-unesco"],"yoast_head":"<!-- This site is optimized with the Yoast SEO plugin v27.3 - https:\/\/yoast.com\/product\/yoast-seo-wordpress\/ -->\n<title>UNA MEMORIA GLOBAL DE PREOCUPACIONES CULTURALES SOBRE PAPEL AMATE - REVISTA QUIOTE<\/title>\n<meta name=\"robots\" content=\"index, follow, max-snippet:-1, max-image-preview:large, max-video-preview:-1\" \/>\n<link rel=\"canonical\" href=\"https:\/\/revistaquiote.org\/?p=1883\" \/>\n<meta property=\"og:locale\" content=\"es_ES\" \/>\n<meta property=\"og:type\" content=\"article\" \/>\n<meta property=\"og:title\" content=\"UNA MEMORIA GLOBAL DE PREOCUPACIONES CULTURALES SOBRE PAPEL AMATE - REVISTA QUIOTE\" \/>\n<meta property=\"og:description\" content=\"Fernando LlanosDespu\u00e9s de casi tres a\u00f1os de gesti\u00f3n, de una pandemia que sacudi\u00f3 a todo el planeta, y despu\u00e9s de cuatro d\u00e9cadas de no haber sucedido en nuestro pa\u00eds un evento de esta naturaleza, del 28 al 30 de septiembre de 2022 se realiz\u00f3 en la Ciudad de M\u00e9xico la Conferencia Mundial de la Unesco [&hellip;]\" \/>\n<meta property=\"og:url\" content=\"https:\/\/revistaquiote.org\/?p=1883\" \/>\n<meta property=\"og:site_name\" content=\"REVISTA QUIOTE\" \/>\n<meta property=\"article:publisher\" content=\"https:\/\/www.facebook.com\/profile.php?id=61581285934903&amp;rdid=NyTBdLDXXt5DTPla&amp;share_url=httpswww.facebook.comshare16XQGGa34v#\" \/>\n<meta property=\"article:published_time\" content=\"2024-12-13T19:47:22+00:00\" \/>\n<meta property=\"article:modified_time\" content=\"2025-04-29T19:03:20+00:00\" \/>\n<meta property=\"og:image\" content=\"https:\/\/revistaquiote.org\/wp-content\/uploads\/2024\/12\/Mondiacult-COLOR.jpg\" \/>\n\t<meta property=\"og:image:width\" content=\"2101\" \/>\n\t<meta property=\"og:image:height\" content=\"800\" \/>\n\t<meta property=\"og:image:type\" content=\"image\/jpeg\" \/>\n<meta name=\"author\" content=\"Fernando Llanos\" \/>\n<meta name=\"twitter:card\" content=\"summary_large_image\" \/>\n<meta name=\"twitter:creator\" content=\"@RQuiote\" \/>\n<meta name=\"twitter:site\" content=\"@RQuiote\" \/>\n<meta name=\"twitter:label1\" content=\"Escrito por\" \/>\n\t<meta name=\"twitter:data1\" content=\"Miguel Torres\" \/>\n\t<meta name=\"twitter:label2\" content=\"Tiempo de lectura\" \/>\n\t<meta name=\"twitter:data2\" content=\"12 minutos\" \/>\n<script type=\"application\/ld+json\" class=\"yoast-schema-graph\">{\"@context\":\"https:\\\/\\\/schema.org\",\"@graph\":[{\"@type\":\"Article\",\"@id\":\"https:\\\/\\\/revistaquiote.org\\\/?p=1883#article\",\"isPartOf\":{\"@id\":\"https:\\\/\\\/revistaquiote.org\\\/?p=1883\"},\"author\":{\"name\":\"Miguel Torres\",\"@id\":\"https:\\\/\\\/revistaquiote.org\\\/#\\\/schema\\\/person\\\/d7a3f9ed4669a5897b231922e7fc292e\"},\"headline\":\"UNA MEMORIA GLOBAL DE PREOCUPACIONES CULTURALES SOBRE PAPEL AMATE\",\"datePublished\":\"2024-12-13T19:47:22+00:00\",\"dateModified\":\"2025-04-29T19:03:20+00:00\",\"mainEntityOfPage\":{\"@id\":\"https:\\\/\\\/revistaquiote.org\\\/?p=1883\"},\"wordCount\":2348,\"commentCount\":0,\"publisher\":{\"@id\":\"https:\\\/\\\/revistaquiote.org\\\/#organization\"},\"image\":{\"@id\":\"https:\\\/\\\/revistaquiote.org\\\/?p=1883#primaryimage\"},\"thumbnailUrl\":\"https:\\\/\\\/revistaquiote.org\\\/wp-content\\\/uploads\\\/2024\\\/12\\\/Mondiacult-COLOR.jpg\",\"keywords\":[\"arte\",\"C\u00f3dice Mondiacult\",\"Complejo Cultural Los Pinos\",\"inteligencia social colectiva\",\"Pol\u00edticas Culturales\",\"revistaquiote\",\"UNESCO\"],\"articleSection\":[\"N\u00daMERO TRES\"],\"inLanguage\":\"es\",\"potentialAction\":[{\"@type\":\"CommentAction\",\"name\":\"Comment\",\"target\":[\"https:\\\/\\\/revistaquiote.org\\\/?p=1883#respond\"]}]},{\"@type\":\"WebPage\",\"@id\":\"https:\\\/\\\/revistaquiote.org\\\/?p=1883\",\"url\":\"https:\\\/\\\/revistaquiote.org\\\/?p=1883\",\"name\":\"UNA MEMORIA GLOBAL DE PREOCUPACIONES CULTURALES SOBRE PAPEL AMATE - REVISTA QUIOTE\",\"isPartOf\":{\"@id\":\"https:\\\/\\\/revistaquiote.org\\\/#website\"},\"primaryImageOfPage\":{\"@id\":\"https:\\\/\\\/revistaquiote.org\\\/?p=1883#primaryimage\"},\"image\":{\"@id\":\"https:\\\/\\\/revistaquiote.org\\\/?p=1883#primaryimage\"},\"thumbnailUrl\":\"https:\\\/\\\/revistaquiote.org\\\/wp-content\\\/uploads\\\/2024\\\/12\\\/Mondiacult-COLOR.jpg\",\"datePublished\":\"2024-12-13T19:47:22+00:00\",\"dateModified\":\"2025-04-29T19:03:20+00:00\",\"breadcrumb\":{\"@id\":\"https:\\\/\\\/revistaquiote.org\\\/?p=1883#breadcrumb\"},\"inLanguage\":\"es\",\"potentialAction\":[{\"@type\":\"ReadAction\",\"target\":[\"https:\\\/\\\/revistaquiote.org\\\/?p=1883\"]}]},{\"@type\":\"ImageObject\",\"inLanguage\":\"es\",\"@id\":\"https:\\\/\\\/revistaquiote.org\\\/?p=1883#primaryimage\",\"url\":\"https:\\\/\\\/revistaquiote.org\\\/wp-content\\\/uploads\\\/2024\\\/12\\\/Mondiacult-COLOR.jpg\",\"contentUrl\":\"https:\\\/\\\/revistaquiote.org\\\/wp-content\\\/uploads\\\/2024\\\/12\\\/Mondiacult-COLOR.jpg\",\"width\":2101,\"height\":800},{\"@type\":\"BreadcrumbList\",\"@id\":\"https:\\\/\\\/revistaquiote.org\\\/?p=1883#breadcrumb\",\"itemListElement\":[{\"@type\":\"ListItem\",\"position\":1,\"name\":\"Portada\",\"item\":\"https:\\\/\\\/revistaquiote.org\\\/\"},{\"@type\":\"ListItem\",\"position\":2,\"name\":\"UNA MEMORIA GLOBAL DE PREOCUPACIONES CULTURALES SOBRE PAPEL AMATE\"}]},{\"@type\":\"WebSite\",\"@id\":\"https:\\\/\\\/revistaquiote.org\\\/#website\",\"url\":\"https:\\\/\\\/revistaquiote.org\\\/\",\"name\":\"REVISTA QUIOTE\",\"description\":\"N\u00daMERO SEIS\",\"publisher\":{\"@id\":\"https:\\\/\\\/revistaquiote.org\\\/#organization\"},\"potentialAction\":[{\"@type\":\"SearchAction\",\"target\":{\"@type\":\"EntryPoint\",\"urlTemplate\":\"https:\\\/\\\/revistaquiote.org\\\/?s={search_term_string}\"},\"query-input\":{\"@type\":\"PropertyValueSpecification\",\"valueRequired\":true,\"valueName\":\"search_term_string\"}}],\"inLanguage\":\"es\"},{\"@type\":\"Organization\",\"@id\":\"https:\\\/\\\/revistaquiote.org\\\/#organization\",\"name\":\"REVISTA QUIOTE\",\"url\":\"https:\\\/\\\/revistaquiote.org\\\/\",\"logo\":{\"@type\":\"ImageObject\",\"inLanguage\":\"es\",\"@id\":\"https:\\\/\\\/revistaquiote.org\\\/#\\\/schema\\\/logo\\\/image\\\/\",\"url\":\"https:\\\/\\\/revistaquiote.org\\\/wp-content\\\/uploads\\\/2023\\\/06\\\/Quiote-logo_01.png\",\"contentUrl\":\"https:\\\/\\\/revistaquiote.org\\\/wp-content\\\/uploads\\\/2023\\\/06\\\/Quiote-logo_01.png\",\"width\":1042,\"height\":417,\"caption\":\"REVISTA QUIOTE\"},\"image\":{\"@id\":\"https:\\\/\\\/revistaquiote.org\\\/#\\\/schema\\\/logo\\\/image\\\/\"},\"sameAs\":[\"https:\\\/\\\/www.facebook.com\\\/profile.php?id=61581285934903&rdid=NyTBdLDXXt5DTPla&share_url=httpswww.facebook.comshare16XQGGa34v#\",\"https:\\\/\\\/x.com\\\/RQuiote\",\"https:\\\/\\\/www.instagram.com\\\/revista.quiote\\\/\"]},{\"@type\":\"Person\",\"@id\":\"https:\\\/\\\/revistaquiote.org\\\/#\\\/schema\\\/person\\\/d7a3f9ed4669a5897b231922e7fc292e\",\"name\":\"Miguel Torres\",\"image\":{\"@type\":\"ImageObject\",\"inLanguage\":\"es\",\"@id\":\"https:\\\/\\\/secure.gravatar.com\\\/avatar\\\/00c77c9b45fb8ec83854a3fc58bb68a9455f554fb2ed7d93769f39cab7a2c6a4?s=96&d=mm&r=gd1fa56e4f1f0eb1983a3ad9f6827f3c2\",\"url\":\"https:\\\/\\\/secure.gravatar.com\\\/avatar\\\/00c77c9b45fb8ec83854a3fc58bb68a9455f554fb2ed7d93769f39cab7a2c6a4?s=96&d=mm&r=g\",\"contentUrl\":\"https:\\\/\\\/secure.gravatar.com\\\/avatar\\\/00c77c9b45fb8ec83854a3fc58bb68a9455f554fb2ed7d93769f39cab7a2c6a4?s=96&d=mm&r=g\",\"caption\":\"Miguel Torres\"},\"sameAs\":[\"https:\\\/\\\/revistaquiote.org\"],\"url\":\"https:\\\/\\\/revistaquiote.org\\\/?author=1\"}]}<\/script>\n<!-- \/ Yoast SEO plugin. -->","yoast_head_json":{"title":"UNA MEMORIA GLOBAL DE PREOCUPACIONES CULTURALES SOBRE PAPEL AMATE - REVISTA QUIOTE","robots":{"index":"index","follow":"follow","max-snippet":"max-snippet:-1","max-image-preview":"max-image-preview:large","max-video-preview":"max-video-preview:-1"},"canonical":"https:\/\/revistaquiote.org\/?p=1883","og_locale":"es_ES","og_type":"article","og_title":"UNA MEMORIA GLOBAL DE PREOCUPACIONES CULTURALES SOBRE PAPEL AMATE - REVISTA QUIOTE","og_description":"Fernando LlanosDespu\u00e9s de casi tres a\u00f1os de gesti\u00f3n, de una pandemia que sacudi\u00f3 a todo el planeta, y despu\u00e9s de cuatro d\u00e9cadas de no haber sucedido en nuestro pa\u00eds un evento de esta naturaleza, del 28 al 30 de septiembre de 2022 se realiz\u00f3 en la Ciudad de M\u00e9xico la Conferencia Mundial de la Unesco [&hellip;]","og_url":"https:\/\/revistaquiote.org\/?p=1883","og_site_name":"REVISTA QUIOTE","article_publisher":"https:\/\/www.facebook.com\/profile.php?id=61581285934903&rdid=NyTBdLDXXt5DTPla&share_url=httpswww.facebook.comshare16XQGGa34v#","article_published_time":"2024-12-13T19:47:22+00:00","article_modified_time":"2025-04-29T19:03:20+00:00","og_image":[{"width":2101,"height":800,"url":"https:\/\/revistaquiote.org\/wp-content\/uploads\/2024\/12\/Mondiacult-COLOR.jpg","type":"image\/jpeg"}],"author":"Fernando Llanos","twitter_card":"summary_large_image","twitter_creator":"@RQuiote","twitter_site":"@RQuiote","twitter_misc":{"Escrito por":"Miguel Torres","Tiempo de lectura":"12 minutos"},"schema":{"@context":"https:\/\/schema.org","@graph":[{"@type":"Article","@id":"https:\/\/revistaquiote.org\/?p=1883#article","isPartOf":{"@id":"https:\/\/revistaquiote.org\/?p=1883"},"author":{"name":"Miguel Torres","@id":"https:\/\/revistaquiote.org\/#\/schema\/person\/d7a3f9ed4669a5897b231922e7fc292e"},"headline":"UNA MEMORIA GLOBAL DE PREOCUPACIONES CULTURALES SOBRE PAPEL AMATE","datePublished":"2024-12-13T19:47:22+00:00","dateModified":"2025-04-29T19:03:20+00:00","mainEntityOfPage":{"@id":"https:\/\/revistaquiote.org\/?p=1883"},"wordCount":2348,"commentCount":0,"publisher":{"@id":"https:\/\/revistaquiote.org\/#organization"},"image":{"@id":"https:\/\/revistaquiote.org\/?p=1883#primaryimage"},"thumbnailUrl":"https:\/\/revistaquiote.org\/wp-content\/uploads\/2024\/12\/Mondiacult-COLOR.jpg","keywords":["arte","C\u00f3dice Mondiacult","Complejo Cultural Los Pinos","inteligencia social colectiva","Pol\u00edticas Culturales","revistaquiote","UNESCO"],"articleSection":["N\u00daMERO TRES"],"inLanguage":"es","potentialAction":[{"@type":"CommentAction","name":"Comment","target":["https:\/\/revistaquiote.org\/?p=1883#respond"]}]},{"@type":"WebPage","@id":"https:\/\/revistaquiote.org\/?p=1883","url":"https:\/\/revistaquiote.org\/?p=1883","name":"UNA MEMORIA GLOBAL DE PREOCUPACIONES CULTURALES SOBRE PAPEL AMATE - REVISTA QUIOTE","isPartOf":{"@id":"https:\/\/revistaquiote.org\/#website"},"primaryImageOfPage":{"@id":"https:\/\/revistaquiote.org\/?p=1883#primaryimage"},"image":{"@id":"https:\/\/revistaquiote.org\/?p=1883#primaryimage"},"thumbnailUrl":"https:\/\/revistaquiote.org\/wp-content\/uploads\/2024\/12\/Mondiacult-COLOR.jpg","datePublished":"2024-12-13T19:47:22+00:00","dateModified":"2025-04-29T19:03:20+00:00","breadcrumb":{"@id":"https:\/\/revistaquiote.org\/?p=1883#breadcrumb"},"inLanguage":"es","potentialAction":[{"@type":"ReadAction","target":["https:\/\/revistaquiote.org\/?p=1883"]}]},{"@type":"ImageObject","inLanguage":"es","@id":"https:\/\/revistaquiote.org\/?p=1883#primaryimage","url":"https:\/\/revistaquiote.org\/wp-content\/uploads\/2024\/12\/Mondiacult-COLOR.jpg","contentUrl":"https:\/\/revistaquiote.org\/wp-content\/uploads\/2024\/12\/Mondiacult-COLOR.jpg","width":2101,"height":800},{"@type":"BreadcrumbList","@id":"https:\/\/revistaquiote.org\/?p=1883#breadcrumb","itemListElement":[{"@type":"ListItem","position":1,"name":"Portada","item":"https:\/\/revistaquiote.org\/"},{"@type":"ListItem","position":2,"name":"UNA MEMORIA GLOBAL DE PREOCUPACIONES CULTURALES SOBRE PAPEL AMATE"}]},{"@type":"WebSite","@id":"https:\/\/revistaquiote.org\/#website","url":"https:\/\/revistaquiote.org\/","name":"REVISTA QUIOTE","description":"N\u00daMERO SEIS","publisher":{"@id":"https:\/\/revistaquiote.org\/#organization"},"potentialAction":[{"@type":"SearchAction","target":{"@type":"EntryPoint","urlTemplate":"https:\/\/revistaquiote.org\/?s={search_term_string}"},"query-input":{"@type":"PropertyValueSpecification","valueRequired":true,"valueName":"search_term_string"}}],"inLanguage":"es"},{"@type":"Organization","@id":"https:\/\/revistaquiote.org\/#organization","name":"REVISTA QUIOTE","url":"https:\/\/revistaquiote.org\/","logo":{"@type":"ImageObject","inLanguage":"es","@id":"https:\/\/revistaquiote.org\/#\/schema\/logo\/image\/","url":"https:\/\/revistaquiote.org\/wp-content\/uploads\/2023\/06\/Quiote-logo_01.png","contentUrl":"https:\/\/revistaquiote.org\/wp-content\/uploads\/2023\/06\/Quiote-logo_01.png","width":1042,"height":417,"caption":"REVISTA QUIOTE"},"image":{"@id":"https:\/\/revistaquiote.org\/#\/schema\/logo\/image\/"},"sameAs":["https:\/\/www.facebook.com\/profile.php?id=61581285934903&rdid=NyTBdLDXXt5DTPla&share_url=httpswww.facebook.comshare16XQGGa34v#","https:\/\/x.com\/RQuiote","https:\/\/www.instagram.com\/revista.quiote\/"]},{"@type":"Person","@id":"https:\/\/revistaquiote.org\/#\/schema\/person\/d7a3f9ed4669a5897b231922e7fc292e","name":"Miguel Torres","image":{"@type":"ImageObject","inLanguage":"es","@id":"https:\/\/secure.gravatar.com\/avatar\/00c77c9b45fb8ec83854a3fc58bb68a9455f554fb2ed7d93769f39cab7a2c6a4?s=96&d=mm&r=gd1fa56e4f1f0eb1983a3ad9f6827f3c2","url":"https:\/\/secure.gravatar.com\/avatar\/00c77c9b45fb8ec83854a3fc58bb68a9455f554fb2ed7d93769f39cab7a2c6a4?s=96&d=mm&r=g","contentUrl":"https:\/\/secure.gravatar.com\/avatar\/00c77c9b45fb8ec83854a3fc58bb68a9455f554fb2ed7d93769f39cab7a2c6a4?s=96&d=mm&r=g","caption":"Miguel Torres"},"sameAs":["https:\/\/revistaquiote.org"],"url":"https:\/\/revistaquiote.org\/?author=1"}]}},"jetpack_featured_media_url":"https:\/\/revistaquiote.org\/wp-content\/uploads\/2024\/12\/Mondiacult-COLOR.jpg","jetpack_sharing_enabled":true,"authors":[{"term_id":197,"user_id":0,"is_guest":1,"slug":"fernando-llanos","display_name":"Fernando Llanos","avatar_url":"https:\/\/secure.gravatar.com\/avatar\/?s=96&d=mm&r=g","0":null,"1":"","2":"","3":"","4":"","5":"","6":"","7":"","8":""}],"_links":{"self":[{"href":"https:\/\/revistaquiote.org\/index.php?rest_route=\/wp\/v2\/posts\/1883","targetHints":{"allow":["GET"]}}],"collection":[{"href":"https:\/\/revistaquiote.org\/index.php?rest_route=\/wp\/v2\/posts"}],"about":[{"href":"https:\/\/revistaquiote.org\/index.php?rest_route=\/wp\/v2\/types\/post"}],"author":[{"embeddable":true,"href":"https:\/\/revistaquiote.org\/index.php?rest_route=\/wp\/v2\/users\/1"}],"replies":[{"embeddable":true,"href":"https:\/\/revistaquiote.org\/index.php?rest_route=%2Fwp%2Fv2%2Fcomments&post=1883"}],"version-history":[{"count":11,"href":"https:\/\/revistaquiote.org\/index.php?rest_route=\/wp\/v2\/posts\/1883\/revisions"}],"predecessor-version":[{"id":2321,"href":"https:\/\/revistaquiote.org\/index.php?rest_route=\/wp\/v2\/posts\/1883\/revisions\/2321"}],"wp:featuredmedia":[{"embeddable":true,"href":"https:\/\/revistaquiote.org\/index.php?rest_route=\/wp\/v2\/media\/1904"}],"wp:attachment":[{"href":"https:\/\/revistaquiote.org\/index.php?rest_route=%2Fwp%2Fv2%2Fmedia&parent=1883"}],"wp:term":[{"taxonomy":"category","embeddable":true,"href":"https:\/\/revistaquiote.org\/index.php?rest_route=%2Fwp%2Fv2%2Fcategories&post=1883"},{"taxonomy":"post_tag","embeddable":true,"href":"https:\/\/revistaquiote.org\/index.php?rest_route=%2Fwp%2Fv2%2Ftags&post=1883"},{"taxonomy":"author","embeddable":true,"href":"https:\/\/revistaquiote.org\/index.php?rest_route=%2Fwp%2Fv2%2Fppma_author&post=1883"}],"curies":[{"name":"wp","href":"https:\/\/api.w.org\/{rel}","templated":true}]}}