{"id":1916,"date":"2024-12-13T21:55:46","date_gmt":"2024-12-13T21:55:46","guid":{"rendered":"https:\/\/revistaquiote.org\/?p=1916"},"modified":"2025-04-29T19:05:07","modified_gmt":"2025-04-29T19:05:07","slug":"1916","status":"publish","type":"post","link":"https:\/\/revistaquiote.org\/?p=1916","title":{"rendered":"RAM\u00d3N DUR\u00c1N Y EL ESPEJO DE LA PLACA DE GRABADO"},"content":{"rendered":"<p>[et_pb_section fb_built=\u00bb1&#8243; _builder_version=\u00bb4.27.4&#8243; _module_preset=\u00bbdefault\u00bb global_colors_info=\u00bb{}\u00bb][et_pb_row _builder_version=\u00bb4.27.4&#8243; _module_preset=\u00bbdefault\u00bb global_colors_info=\u00bb{}\u00bb][et_pb_column type=\u00bb4_4&#8243; _builder_version=\u00bb4.27.4&#8243; _module_preset=\u00bbdefault\u00bb global_colors_info=\u00bb{}\u00bb][et_pb_heading title=\u00bbRam\u00f3n Dur\u00e1n y el espejo de la placa de grabado\u00bb _builder_version=\u00bb4.27.4&#8243; _module_preset=\u00bbdefault\u00bb global_colors_info=\u00bb{}\u00bb][\/et_pb_heading][\/et_pb_column][\/et_pb_row][et_pb_row _builder_version=\u00bb4.27.4&#8243; _module_preset=\u00bbdefault\u00bb global_colors_info=\u00bb{}\u00bb][et_pb_column type=\u00bb4_4&#8243; _builder_version=\u00bb4.27.4&#8243; _module_preset=\u00bbdefault\u00bb global_colors_info=\u00bb{}\u00bb][et_pb_text _builder_version=\u00bb4.27.4&#8243; _module_preset=\u00bbdefault\u00bb global_colors_info=\u00bb{}\u00bb]<\/p>\n<p style=\"text-align: right;\">Fernando G\u00e1lvez de Aguinaga<\/p>\n<p>[\/et_pb_text][\/et_pb_column][\/et_pb_row][et_pb_row _builder_version=\u00bb4.27.4&#8243; _module_preset=\u00bbdefault\u00bb global_colors_info=\u00bb{}\u00bb][et_pb_column type=\u00bb4_4&#8243; _builder_version=\u00bb4.27.4&#8243; _module_preset=\u00bbdefault\u00bb global_colors_info=\u00bb{}\u00bb][et_pb_image src=\u00bbhttps:\/\/revistaquiote.org\/wp-content\/uploads\/2024\/12\/1-scaled.jpg\u00bb title_text=\u00bb1&#8243; _builder_version=\u00bb4.27.4&#8243; _module_preset=\u00bbdefault\u00bb global_colors_info=\u00bb{}\u00bb][\/et_pb_image][\/et_pb_column][\/et_pb_row][et_pb_row _builder_version=\u00bb4.27.4&#8243; _module_preset=\u00bbdefault\u00bb global_colors_info=\u00bb{}\u00bb][et_pb_column type=\u00bb4_4&#8243; _builder_version=\u00bb4.27.4&#8243; _module_preset=\u00bbdefault\u00bb global_colors_info=\u00bb{}\u00bb][et_pb_text _builder_version=\u00bb4.27.4&#8243; _module_preset=\u00bbdefault\u00bb global_colors_info=\u00bb{}\u00bb]<\/p>\n<p>L<span style=\"font-size: small;\">as obras art\u00edsticas que se incluyen en este art\u00edculo fueron impresas por Ram\u00f3n Dur\u00e1n. <strong>En esta p\u00e1gina:<\/strong> Paulina Jaimes, aguatinta, aguafuerte y esgrafiado<\/span>.<\/p>\n<p>[\/et_pb_text][\/et_pb_column][\/et_pb_row][et_pb_row _builder_version=\u00bb4.27.4&#8243; _module_preset=\u00bbdefault\u00bb global_colors_info=\u00bb{}\u00bb][et_pb_column type=\u00bb4_4&#8243; _builder_version=\u00bb4.27.4&#8243; _module_preset=\u00bbdefault\u00bb global_colors_info=\u00bb{}\u00bb][et_pb_text _builder_version=\u00bb4.27.4&#8243; _module_preset=\u00bbdefault\u00bb custom_padding=\u00bb0px|||||\u00bb global_colors_info=\u00bb{}\u00bb]<\/p>\n<p style=\"text-align: justify;\"><strong>Hace m\u00e1s de cuarenta a\u00f1os que Ram\u00f3n Dur\u00e1n entr\u00f3 al<\/strong> universo de las artes de la estampa por la puerta grande. Sin siquiera intuirlo, ajeno totalmente a los c\u00edrculos art\u00edsticos y a la historia del arte, con el \u00e1nimo para ganarse unos pesos y poder sostenerse, entr\u00f3 a trabajar a uno de los talleres art\u00edsticos m\u00e1s relevantes del siglo XX en M\u00e9xico, el afamado Kyron de Andrew Vlady (vale decir que al momento de escribir estas l\u00edneas se presenta en Oaxaca una gran exposici\u00f3n de ese taller en el Centro Cultural San Pablo). Andrew Vlady me cont\u00f3 que para conseguir impresores, prefer\u00eda formarlos desde muy j\u00f3venes, ense\u00f1arles el oficio desde el mero inicio y que supieran, paso por paso, procedimiento por procedimiento, el camino de las piedras litogr\u00e1ficas, y aunque manejaban y les ense\u00f1aba otras t\u00e9cnicas, la primera y central era la litograf\u00eda.<\/p>\n<p>[\/et_pb_text][\/et_pb_column][\/et_pb_row][et_pb_row _builder_version=\u00bb4.27.4&#8243; _module_preset=\u00bbdefault\u00bb global_colors_info=\u00bb{}\u00bb][et_pb_column type=\u00bb4_4&#8243; _builder_version=\u00bb4.27.4&#8243; _module_preset=\u00bbdefault\u00bb global_colors_info=\u00bb{}\u00bb][et_pb_text _builder_version=\u00bb4.27.4&#8243; _module_preset=\u00bbdefault\u00bb global_colors_info=\u00bb{}\u00bb]<\/p>\n<p style=\"text-align: justify;\">\u00a0 \u00a0Vlady quer\u00eda tener el control de todo lo que ense\u00f1aba, pues no pod\u00eda darse el lujo de esa vieja idea de que echando a perder se aprende. En Kyron no hab\u00eda margen de error, pues se trataba de estampar las ediciones art\u00edsticas de Tamayo, Toledo, Z\u00fa\u00f1iga\u2026 hab\u00eda que ser perfectos, estar a la altura de las l\u00edneas de todos los grandes maestros que por ah\u00ed pasaban. Las impresiones deb\u00edan responder, no s\u00f3lo al dibujo y los colores desarrollados por el artista sobre la piedra caliza, sino ayudar en di\u00e1logo con el creador, a que esas im\u00e1genes fueran la representaci\u00f3n exacta de lo que el artista deseaba, puesto que cada l\u00ednea, cada efecto visual, cada tonalidad crom\u00e1tica era un tesoro invaluable.<\/p>\n<p>[\/et_pb_text][\/et_pb_column][\/et_pb_row][et_pb_row column_structure=\u00bb1_2,1_2&#8243; _builder_version=\u00bb4.27.4&#8243; _module_preset=\u00bbdefault\u00bb global_colors_info=\u00bb{}\u00bb][et_pb_column type=\u00bb1_2&#8243; _builder_version=\u00bb4.27.4&#8243; _module_preset=\u00bbdefault\u00bb global_colors_info=\u00bb{}\u00bb][et_pb_text _builder_version=\u00bb4.27.4&#8243; _module_preset=\u00bbdefault\u00bb global_colors_info=\u00bb{}\u00bb]<\/p>\n<p style=\"text-align: justify;\">\u00a0 \u00a0Dur\u00e1n era un jovencito y no estaba ni de cerca consciente de qui\u00e9nes eran los grandes maestros a los que les ten\u00eda que resolver t\u00e9cnicamente las propuestas que quer\u00edan en la piedra. Cuando, a\u00f1os despu\u00e9s de su iniciaci\u00f3n con Toledo y Tamayo, aquilat\u00f3 la dimensi\u00f3n trascendental de esos nombres y esos trazos. Ram\u00f3n Dur\u00e1n supo que era parte del engranaje de la historia Cultural de M\u00e9xico y que su silencioso aporte era el universo donde quer\u00eda desarrollarse por el resto de sus d\u00edas.<\/p>\n<p>[\/et_pb_text][\/et_pb_column][et_pb_column type=\u00bb1_2&#8243; _builder_version=\u00bb4.27.4&#8243; _module_preset=\u00bbdefault\u00bb global_colors_info=\u00bb{}\u00bb][et_pb_text _builder_version=\u00bb4.27.4&#8243; _module_preset=\u00bbdefault\u00bb global_colors_info=\u00bb{}\u00bb]<\/p>\n<p style=\"text-align: justify;\">\u00a0 \u00a0Entre las cuatro esquinas romas de la roca, en la estricta disciplina casi mon\u00e1stica que Vlady impon\u00eda a sus maestros lit\u00f3grafos, Dur\u00e1n aprendi\u00f3 que la pasi\u00f3n, la locura y la hilaridad vuelta imagen por uno de los grandes maestros con los que trabajaba, requer\u00eda la exactitud de la interpretaci\u00f3n t\u00e9cnica, pues no pod\u00eda desperdiciarse un punto, una l\u00ednea de la expresi\u00f3n sublime y poderosa, a la vez, de cualquiera de los inmensos dibujantes que la vida hab\u00eda puesto en su camino.<\/p>\n<p>[\/et_pb_text][\/et_pb_column][\/et_pb_row][et_pb_row _builder_version=\u00bb4.27.4&#8243; _module_preset=\u00bbdefault\u00bb global_colors_info=\u00bb{}\u00bb][et_pb_column type=\u00bb4_4&#8243; _builder_version=\u00bb4.27.4&#8243; _module_preset=\u00bbdefault\u00bb global_colors_info=\u00bb{}\u00bb][et_pb_image src=\u00bbhttps:\/\/revistaquiote.org\/wp-content\/uploads\/2024\/12\/d9df7b80-7524-4f2b-bf8e-60f532ade03e.jpg\u00bb title_text=\u00bbd9df7b80-7524-4f2b-bf8e-60f532ade03e\u00bb _builder_version=\u00bb4.27.4&#8243; _module_preset=\u00bbdefault\u00bb global_colors_info=\u00bb{}\u00bb][\/et_pb_image][\/et_pb_column][\/et_pb_row][et_pb_row _builder_version=\u00bb4.27.4&#8243; _module_preset=\u00bbdefault\u00bb global_colors_info=\u00bb{}\u00bb][et_pb_column type=\u00bb4_4&#8243; _builder_version=\u00bb4.27.4&#8243; _module_preset=\u00bbdefault\u00bb global_colors_info=\u00bb{}\u00bb][et_pb_text _builder_version=\u00bb4.27.4&#8243; _module_preset=\u00bbdefault\u00bb global_colors_info=\u00bb{}\u00bb]<\/p>\n<p style=\"text-align: justify;\">\u00a0 \u00a0As\u00ed, su vida se pobl\u00f3 de poemas visuales. Despu\u00e9s de una d\u00e9cada, comenz\u00f3 a recorrer otros talleres y aprendi\u00f3 otras t\u00e9cnicas de impresi\u00f3n: el grabado en metal, la xilograf\u00eda en madera, los lin\u00f3leos tradicionales y los monotipos. Cuando al fin pudo armar su propio taller de artes gr\u00e1ficas, le puso simplemente su nombre, Taller de Gr\u00e1fica Ram\u00f3n Dur\u00e1n, pues las prensas y t\u00f3rculos ya eran su biograf\u00eda; la tinta, su sangre y sus l\u00e1grimas; el papel, la piel que deja hecha girones en cada jornada con los grandes nombres de la cultura mexicana.<\/p>\n<p>[\/et_pb_text][\/et_pb_column][\/et_pb_row][et_pb_row _builder_version=\u00bb4.27.4&#8243; _module_preset=\u00bbdefault\u00bb global_colors_info=\u00bb{}\u00bb][et_pb_column type=\u00bb4_4&#8243; _builder_version=\u00bb4.27.4&#8243; _module_preset=\u00bbdefault\u00bb global_colors_info=\u00bb{}\u00bb][et_pb_text _builder_version=\u00bb4.27.4&#8243; _module_preset=\u00bbdefault\u00bb global_colors_info=\u00bb{}\u00bb]<\/p>\n<p style=\"text-align: justify;\">\u00a0 \u00a0El rostro de Dur\u00e1n usa cotidianamente el espejo de las placas met\u00e1licas de zinc o cobre, o aluminio. Al ver su rostro en las l\u00e1minas recortadas, sabe que es el amanecer de su verdadero d\u00eda, mientras que la cara que le devuelve la superficie de azogue de su espejo en el ba\u00f1o, parece que todav\u00eda no est\u00e1 terminada de dibujar. Cuando llega, en cambio, a ver una exposici\u00f3n, como la retrospectiva gr\u00e1fica de Rufino Tamayo que se mostr\u00f3 en a\u00f1os recientes, y ve alguna estampa del gran maestro oaxaque\u00f1o en la que le toc\u00f3 participar, siente que est\u00e1 ante una p\u00e1gina de su diario. Se emociona, empieza a mandarle a sus amigos fotos de la pieza art\u00edstica y de las sesiones que tuvo con aquellos gigantes de la imaginaci\u00f3n.<\/p>\n<p>[\/et_pb_text][\/et_pb_column][\/et_pb_row][et_pb_row column_structure=\u00bb3_4,1_4&#8243; _builder_version=\u00bb4.27.4&#8243; _module_preset=\u00bbdefault\u00bb global_colors_info=\u00bb{}\u00bb][et_pb_column type=\u00bb3_4&#8243; _builder_version=\u00bb4.27.4&#8243; _module_preset=\u00bbdefault\u00bb global_colors_info=\u00bb{}\u00bb][et_pb_image src=\u00bbhttps:\/\/revistaquiote.org\/wp-content\/uploads\/2024\/12\/3-scaled.jpg\u00bb title_text=\u00bb3&#8243; _builder_version=\u00bb4.27.4&#8243; _module_preset=\u00bbdefault\u00bb global_colors_info=\u00bb{}\u00bb][\/et_pb_image][\/et_pb_column][et_pb_column type=\u00bb1_4&#8243; _builder_version=\u00bb4.27.4&#8243; _module_preset=\u00bbdefault\u00bb global_colors_info=\u00bb{}\u00bb][et_pb_text _builder_version=\u00bb4.27.4&#8243; _module_preset=\u00bbdefault\u00bb locked=\u00bboff\u00bb global_colors_info=\u00bb{}\u00bb]<\/p>\n<p style=\"text-align: left;\">Daniel Lezama, monotipo.<\/p>\n<p>[\/et_pb_text][\/et_pb_column][\/et_pb_row][et_pb_row column_structure=\u00bb1_4,3_4&#8243; _builder_version=\u00bb4.27.4&#8243; _module_preset=\u00bbdefault\u00bb global_colors_info=\u00bb{}\u00bb][et_pb_column type=\u00bb1_4&#8243; _builder_version=\u00bb4.27.4&#8243; _module_preset=\u00bbdefault\u00bb global_colors_info=\u00bb{}\u00bb][et_pb_text _builder_version=\u00bb4.27.4&#8243; _module_preset=\u00bbdefault\u00bb global_colors_info=\u00bb{}\u00bb]<\/p>\n<p>Samuel Mel\u00e9ndez, monotipo<\/p>\n<p>[\/et_pb_text][\/et_pb_column][et_pb_column type=\u00bb3_4&#8243; _builder_version=\u00bb4.27.4&#8243; _module_preset=\u00bbdefault\u00bb global_colors_info=\u00bb{}\u00bb][et_pb_image src=\u00bbhttps:\/\/revistaquiote.org\/wp-content\/uploads\/2024\/12\/Fernando-Galvez-4.jpg\u00bb title_text=\u00bbFernando-G\u00e1lvez-4&#8243; _builder_version=\u00bb4.27.4&#8243; _module_preset=\u00bbdefault\u00bb global_colors_info=\u00bb{}\u00bb][\/et_pb_image][\/et_pb_column][\/et_pb_row][et_pb_row _builder_version=\u00bb4.27.4&#8243; _module_preset=\u00bbdefault\u00bb global_colors_info=\u00bb{}\u00bb][et_pb_column type=\u00bb4_4&#8243; _builder_version=\u00bb4.27.4&#8243; _module_preset=\u00bbdefault\u00bb global_colors_info=\u00bb{}\u00bb][et_pb_text _builder_version=\u00bb4.27.4&#8243; _module_preset=\u00bbdefault\u00bb global_colors_info=\u00bb{}\u00bb]<\/p>\n<p style=\"text-align: justify;\">\u00a0 \u00a0Como empez\u00f3 tan joven en estos rumbos entintados, ya son tres o cuatro generaciones que se han puesto en sus manos para imprimir sus ideas. De Tamayo a Toledo, de Toledo a los Casto Le\u00f1ero, de los Castro Le\u00f1ero a Daniel Lezama y \u00c9rik P\u00e9rez, de estos \u00faltimos, a los chicos que participan en sus cursos en el Taller del Complejo Cultural los Pinos. La hilera de las impresiones que ha hecho pueden contar ya una larga historia de la gr\u00e1fica mexicana.<\/p>\n<p>[\/et_pb_text][\/et_pb_column][\/et_pb_row][et_pb_row _builder_version=\u00bb4.27.4&#8243; _module_preset=\u00bbdefault\u00bb global_colors_info=\u00bb{}\u00bb][et_pb_column type=\u00bb4_4&#8243; _builder_version=\u00bb4.27.4&#8243; _module_preset=\u00bbdefault\u00bb global_colors_info=\u00bb{}\u00bb][et_pb_image src=\u00bbhttps:\/\/revistaquiote.org\/wp-content\/uploads\/2024\/12\/2.jpg\u00bb title_text=\u00bb2&#8243; _builder_version=\u00bb4.27.4&#8243; _module_preset=\u00bbdefault\u00bb global_colors_info=\u00bb{}\u00bb][\/et_pb_image][\/et_pb_column][\/et_pb_row][et_pb_row _builder_version=\u00bb4.27.4&#8243; _module_preset=\u00bbdefault\u00bb global_colors_info=\u00bb{}\u00bb][et_pb_column type=\u00bb4_4&#8243; _builder_version=\u00bb4.27.4&#8243; _module_preset=\u00bbdefault\u00bb global_colors_info=\u00bb{}\u00bb][et_pb_text _builder_version=\u00bb4.27.4&#8243; _module_preset=\u00bbdefault\u00bb global_colors_info=\u00bb{}\u00bb]<\/p>\n<p style=\"text-align: right;\">Patricia S\u00e1nchez saiffe, monotipo<\/p>\n<p>[\/et_pb_text][\/et_pb_column][\/et_pb_row][\/et_pb_section]<\/p>\n","protected":false},"excerpt":{"rendered":"<p>Fernando G\u00e1lvez de AguinagaLas obras art\u00edsticas que se incluyen en este art\u00edculo fueron impresas por Ram\u00f3n Dur\u00e1n. En esta p\u00e1gina: Paulina Jaimes, aguatinta, aguafuerte y esgrafiado.Hace m\u00e1s de cuarenta a\u00f1os que Ram\u00f3n Dur\u00e1n entr\u00f3 al universo de las artes de la estampa por la puerta grande. Sin siquiera intuirlo, ajeno totalmente a los c\u00edrculos art\u00edsticos [&hellip;]<\/p>\n","protected":false},"author":1,"featured_media":1919,"comment_status":"open","ping_status":"closed","sticky":false,"template":"","format":"standard","meta":{"_et_pb_use_builder":"on","_et_pb_old_content":"","_et_gb_content_width":"","_jetpack_memberships_contains_paid_content":false,"footnotes":""},"categories":[185],"tags":[204,205,14,206,203,207,201,202],"ppma_author":[196],"class_list":["post-1916","post","type-post","status-publish","format-standard","has-post-thumbnail","hentry","category-numero-tres","tag-andrew-vlady","tag-centro-cultural-san-pablo","tag-grabado","tag-grafica-mexicana","tag-kyron","tag-monotipo","tag-ramon-duran","tag-rufino-tamayo"],"yoast_head":"<!-- This site is optimized with the Yoast SEO plugin v27.3 - https:\/\/yoast.com\/product\/yoast-seo-wordpress\/ -->\n<title>RAM\u00d3N DUR\u00c1N Y EL ESPEJO DE LA PLACA DE GRABADO - REVISTA QUIOTE<\/title>\n<meta name=\"robots\" content=\"index, follow, max-snippet:-1, max-image-preview:large, max-video-preview:-1\" \/>\n<link rel=\"canonical\" href=\"https:\/\/revistaquiote.org\/?p=1916\" \/>\n<meta property=\"og:locale\" content=\"es_ES\" \/>\n<meta property=\"og:type\" content=\"article\" \/>\n<meta property=\"og:title\" content=\"RAM\u00d3N DUR\u00c1N Y EL ESPEJO DE LA PLACA DE GRABADO - REVISTA QUIOTE\" \/>\n<meta property=\"og:description\" content=\"Fernando G\u00e1lvez de AguinagaLas obras art\u00edsticas que se incluyen en este art\u00edculo fueron impresas por Ram\u00f3n Dur\u00e1n. En esta p\u00e1gina: Paulina Jaimes, aguatinta, aguafuerte y esgrafiado.Hace m\u00e1s de cuarenta a\u00f1os que Ram\u00f3n Dur\u00e1n entr\u00f3 al universo de las artes de la estampa por la puerta grande. Sin siquiera intuirlo, ajeno totalmente a los c\u00edrculos art\u00edsticos [&hellip;]\" \/>\n<meta property=\"og:url\" content=\"https:\/\/revistaquiote.org\/?p=1916\" \/>\n<meta property=\"og:site_name\" content=\"REVISTA QUIOTE\" \/>\n<meta property=\"article:publisher\" content=\"https:\/\/www.facebook.com\/profile.php?id=61581285934903&amp;rdid=NyTBdLDXXt5DTPla&amp;share_url=httpswww.facebook.comshare16XQGGa34v#\" \/>\n<meta property=\"article:published_time\" content=\"2024-12-13T21:55:46+00:00\" \/>\n<meta property=\"article:modified_time\" content=\"2025-04-29T19:05:07+00:00\" \/>\n<meta property=\"og:image\" content=\"https:\/\/revistaquiote.org\/wp-content\/uploads\/2024\/12\/1-scaled.jpg\" \/>\n\t<meta property=\"og:image:width\" content=\"1744\" \/>\n\t<meta property=\"og:image:height\" content=\"2560\" \/>\n\t<meta property=\"og:image:type\" content=\"image\/jpeg\" \/>\n<meta name=\"author\" content=\"Fernando G\u00e1lvez de Aguinaga\" \/>\n<meta name=\"twitter:card\" content=\"summary_large_image\" \/>\n<meta name=\"twitter:creator\" content=\"@RQuiote\" \/>\n<meta name=\"twitter:site\" content=\"@RQuiote\" \/>\n<meta name=\"twitter:label1\" content=\"Escrito por\" \/>\n\t<meta name=\"twitter:data1\" content=\"Miguel Torres\" \/>\n\t<meta name=\"twitter:label2\" content=\"Tiempo de lectura\" \/>\n\t<meta name=\"twitter:data2\" content=\"9 minutos\" \/>\n<script type=\"application\/ld+json\" class=\"yoast-schema-graph\">{\"@context\":\"https:\\\/\\\/schema.org\",\"@graph\":[{\"@type\":\"Article\",\"@id\":\"https:\\\/\\\/revistaquiote.org\\\/?p=1916#article\",\"isPartOf\":{\"@id\":\"https:\\\/\\\/revistaquiote.org\\\/?p=1916\"},\"author\":{\"name\":\"Miguel Torres\",\"@id\":\"https:\\\/\\\/revistaquiote.org\\\/#\\\/schema\\\/person\\\/d7a3f9ed4669a5897b231922e7fc292e\"},\"headline\":\"RAM\u00d3N DUR\u00c1N Y EL ESPEJO DE LA PLACA DE GRABADO\",\"datePublished\":\"2024-12-13T21:55:46+00:00\",\"dateModified\":\"2025-04-29T19:05:07+00:00\",\"mainEntityOfPage\":{\"@id\":\"https:\\\/\\\/revistaquiote.org\\\/?p=1916\"},\"wordCount\":1721,\"commentCount\":0,\"publisher\":{\"@id\":\"https:\\\/\\\/revistaquiote.org\\\/#organization\"},\"image\":{\"@id\":\"https:\\\/\\\/revistaquiote.org\\\/?p=1916#primaryimage\"},\"thumbnailUrl\":\"https:\\\/\\\/revistaquiote.org\\\/wp-content\\\/uploads\\\/2024\\\/12\\\/1-scaled.jpg\",\"keywords\":[\"Andrew Vlady\",\"Centro Cultural San Pablo\",\"grabado\",\"gr\u00e1fica mexicana\",\"Kyron\",\"monotipo\",\"Ram\u00f3n Dur\u00e1n\",\"Rufino Tamayo\"],\"articleSection\":[\"N\u00daMERO TRES\"],\"inLanguage\":\"es\",\"potentialAction\":[{\"@type\":\"CommentAction\",\"name\":\"Comment\",\"target\":[\"https:\\\/\\\/revistaquiote.org\\\/?p=1916#respond\"]}]},{\"@type\":\"WebPage\",\"@id\":\"https:\\\/\\\/revistaquiote.org\\\/?p=1916\",\"url\":\"https:\\\/\\\/revistaquiote.org\\\/?p=1916\",\"name\":\"RAM\u00d3N DUR\u00c1N Y EL ESPEJO DE LA PLACA DE GRABADO - REVISTA QUIOTE\",\"isPartOf\":{\"@id\":\"https:\\\/\\\/revistaquiote.org\\\/#website\"},\"primaryImageOfPage\":{\"@id\":\"https:\\\/\\\/revistaquiote.org\\\/?p=1916#primaryimage\"},\"image\":{\"@id\":\"https:\\\/\\\/revistaquiote.org\\\/?p=1916#primaryimage\"},\"thumbnailUrl\":\"https:\\\/\\\/revistaquiote.org\\\/wp-content\\\/uploads\\\/2024\\\/12\\\/1-scaled.jpg\",\"datePublished\":\"2024-12-13T21:55:46+00:00\",\"dateModified\":\"2025-04-29T19:05:07+00:00\",\"breadcrumb\":{\"@id\":\"https:\\\/\\\/revistaquiote.org\\\/?p=1916#breadcrumb\"},\"inLanguage\":\"es\",\"potentialAction\":[{\"@type\":\"ReadAction\",\"target\":[\"https:\\\/\\\/revistaquiote.org\\\/?p=1916\"]}]},{\"@type\":\"ImageObject\",\"inLanguage\":\"es\",\"@id\":\"https:\\\/\\\/revistaquiote.org\\\/?p=1916#primaryimage\",\"url\":\"https:\\\/\\\/revistaquiote.org\\\/wp-content\\\/uploads\\\/2024\\\/12\\\/1-scaled.jpg\",\"contentUrl\":\"https:\\\/\\\/revistaquiote.org\\\/wp-content\\\/uploads\\\/2024\\\/12\\\/1-scaled.jpg\",\"width\":1744,\"height\":2560},{\"@type\":\"BreadcrumbList\",\"@id\":\"https:\\\/\\\/revistaquiote.org\\\/?p=1916#breadcrumb\",\"itemListElement\":[{\"@type\":\"ListItem\",\"position\":1,\"name\":\"Portada\",\"item\":\"https:\\\/\\\/revistaquiote.org\\\/\"},{\"@type\":\"ListItem\",\"position\":2,\"name\":\"RAM\u00d3N DUR\u00c1N Y EL ESPEJO DE LA PLACA DE GRABADO\"}]},{\"@type\":\"WebSite\",\"@id\":\"https:\\\/\\\/revistaquiote.org\\\/#website\",\"url\":\"https:\\\/\\\/revistaquiote.org\\\/\",\"name\":\"REVISTA QUIOTE\",\"description\":\"N\u00daMERO SEIS\",\"publisher\":{\"@id\":\"https:\\\/\\\/revistaquiote.org\\\/#organization\"},\"potentialAction\":[{\"@type\":\"SearchAction\",\"target\":{\"@type\":\"EntryPoint\",\"urlTemplate\":\"https:\\\/\\\/revistaquiote.org\\\/?s={search_term_string}\"},\"query-input\":{\"@type\":\"PropertyValueSpecification\",\"valueRequired\":true,\"valueName\":\"search_term_string\"}}],\"inLanguage\":\"es\"},{\"@type\":\"Organization\",\"@id\":\"https:\\\/\\\/revistaquiote.org\\\/#organization\",\"name\":\"REVISTA QUIOTE\",\"url\":\"https:\\\/\\\/revistaquiote.org\\\/\",\"logo\":{\"@type\":\"ImageObject\",\"inLanguage\":\"es\",\"@id\":\"https:\\\/\\\/revistaquiote.org\\\/#\\\/schema\\\/logo\\\/image\\\/\",\"url\":\"https:\\\/\\\/revistaquiote.org\\\/wp-content\\\/uploads\\\/2023\\\/06\\\/Quiote-logo_01.png\",\"contentUrl\":\"https:\\\/\\\/revistaquiote.org\\\/wp-content\\\/uploads\\\/2023\\\/06\\\/Quiote-logo_01.png\",\"width\":1042,\"height\":417,\"caption\":\"REVISTA QUIOTE\"},\"image\":{\"@id\":\"https:\\\/\\\/revistaquiote.org\\\/#\\\/schema\\\/logo\\\/image\\\/\"},\"sameAs\":[\"https:\\\/\\\/www.facebook.com\\\/profile.php?id=61581285934903&rdid=NyTBdLDXXt5DTPla&share_url=httpswww.facebook.comshare16XQGGa34v#\",\"https:\\\/\\\/x.com\\\/RQuiote\",\"https:\\\/\\\/www.instagram.com\\\/revista.quiote\\\/\"]},{\"@type\":\"Person\",\"@id\":\"https:\\\/\\\/revistaquiote.org\\\/#\\\/schema\\\/person\\\/d7a3f9ed4669a5897b231922e7fc292e\",\"name\":\"Miguel Torres\",\"image\":{\"@type\":\"ImageObject\",\"inLanguage\":\"es\",\"@id\":\"https:\\\/\\\/secure.gravatar.com\\\/avatar\\\/00c77c9b45fb8ec83854a3fc58bb68a9455f554fb2ed7d93769f39cab7a2c6a4?s=96&d=mm&r=gd1fa56e4f1f0eb1983a3ad9f6827f3c2\",\"url\":\"https:\\\/\\\/secure.gravatar.com\\\/avatar\\\/00c77c9b45fb8ec83854a3fc58bb68a9455f554fb2ed7d93769f39cab7a2c6a4?s=96&d=mm&r=g\",\"contentUrl\":\"https:\\\/\\\/secure.gravatar.com\\\/avatar\\\/00c77c9b45fb8ec83854a3fc58bb68a9455f554fb2ed7d93769f39cab7a2c6a4?s=96&d=mm&r=g\",\"caption\":\"Miguel Torres\"},\"sameAs\":[\"https:\\\/\\\/revistaquiote.org\"],\"url\":\"https:\\\/\\\/revistaquiote.org\\\/?author=1\"}]}<\/script>\n<!-- \/ Yoast SEO plugin. -->","yoast_head_json":{"title":"RAM\u00d3N DUR\u00c1N Y EL ESPEJO DE LA PLACA DE GRABADO - REVISTA QUIOTE","robots":{"index":"index","follow":"follow","max-snippet":"max-snippet:-1","max-image-preview":"max-image-preview:large","max-video-preview":"max-video-preview:-1"},"canonical":"https:\/\/revistaquiote.org\/?p=1916","og_locale":"es_ES","og_type":"article","og_title":"RAM\u00d3N DUR\u00c1N Y EL ESPEJO DE LA PLACA DE GRABADO - REVISTA QUIOTE","og_description":"Fernando G\u00e1lvez de AguinagaLas obras art\u00edsticas que se incluyen en este art\u00edculo fueron impresas por Ram\u00f3n Dur\u00e1n. En esta p\u00e1gina: Paulina Jaimes, aguatinta, aguafuerte y esgrafiado.Hace m\u00e1s de cuarenta a\u00f1os que Ram\u00f3n Dur\u00e1n entr\u00f3 al universo de las artes de la estampa por la puerta grande. Sin siquiera intuirlo, ajeno totalmente a los c\u00edrculos art\u00edsticos [&hellip;]","og_url":"https:\/\/revistaquiote.org\/?p=1916","og_site_name":"REVISTA QUIOTE","article_publisher":"https:\/\/www.facebook.com\/profile.php?id=61581285934903&rdid=NyTBdLDXXt5DTPla&share_url=httpswww.facebook.comshare16XQGGa34v#","article_published_time":"2024-12-13T21:55:46+00:00","article_modified_time":"2025-04-29T19:05:07+00:00","og_image":[{"width":1744,"height":2560,"url":"https:\/\/revistaquiote.org\/wp-content\/uploads\/2024\/12\/1-scaled.jpg","type":"image\/jpeg"}],"author":"Fernando G\u00e1lvez de Aguinaga","twitter_card":"summary_large_image","twitter_creator":"@RQuiote","twitter_site":"@RQuiote","twitter_misc":{"Escrito por":"Miguel Torres","Tiempo de lectura":"9 minutos"},"schema":{"@context":"https:\/\/schema.org","@graph":[{"@type":"Article","@id":"https:\/\/revistaquiote.org\/?p=1916#article","isPartOf":{"@id":"https:\/\/revistaquiote.org\/?p=1916"},"author":{"name":"Miguel Torres","@id":"https:\/\/revistaquiote.org\/#\/schema\/person\/d7a3f9ed4669a5897b231922e7fc292e"},"headline":"RAM\u00d3N DUR\u00c1N Y EL ESPEJO DE LA PLACA DE GRABADO","datePublished":"2024-12-13T21:55:46+00:00","dateModified":"2025-04-29T19:05:07+00:00","mainEntityOfPage":{"@id":"https:\/\/revistaquiote.org\/?p=1916"},"wordCount":1721,"commentCount":0,"publisher":{"@id":"https:\/\/revistaquiote.org\/#organization"},"image":{"@id":"https:\/\/revistaquiote.org\/?p=1916#primaryimage"},"thumbnailUrl":"https:\/\/revistaquiote.org\/wp-content\/uploads\/2024\/12\/1-scaled.jpg","keywords":["Andrew Vlady","Centro Cultural San Pablo","grabado","gr\u00e1fica mexicana","Kyron","monotipo","Ram\u00f3n Dur\u00e1n","Rufino Tamayo"],"articleSection":["N\u00daMERO TRES"],"inLanguage":"es","potentialAction":[{"@type":"CommentAction","name":"Comment","target":["https:\/\/revistaquiote.org\/?p=1916#respond"]}]},{"@type":"WebPage","@id":"https:\/\/revistaquiote.org\/?p=1916","url":"https:\/\/revistaquiote.org\/?p=1916","name":"RAM\u00d3N DUR\u00c1N Y EL ESPEJO DE LA PLACA DE GRABADO - REVISTA QUIOTE","isPartOf":{"@id":"https:\/\/revistaquiote.org\/#website"},"primaryImageOfPage":{"@id":"https:\/\/revistaquiote.org\/?p=1916#primaryimage"},"image":{"@id":"https:\/\/revistaquiote.org\/?p=1916#primaryimage"},"thumbnailUrl":"https:\/\/revistaquiote.org\/wp-content\/uploads\/2024\/12\/1-scaled.jpg","datePublished":"2024-12-13T21:55:46+00:00","dateModified":"2025-04-29T19:05:07+00:00","breadcrumb":{"@id":"https:\/\/revistaquiote.org\/?p=1916#breadcrumb"},"inLanguage":"es","potentialAction":[{"@type":"ReadAction","target":["https:\/\/revistaquiote.org\/?p=1916"]}]},{"@type":"ImageObject","inLanguage":"es","@id":"https:\/\/revistaquiote.org\/?p=1916#primaryimage","url":"https:\/\/revistaquiote.org\/wp-content\/uploads\/2024\/12\/1-scaled.jpg","contentUrl":"https:\/\/revistaquiote.org\/wp-content\/uploads\/2024\/12\/1-scaled.jpg","width":1744,"height":2560},{"@type":"BreadcrumbList","@id":"https:\/\/revistaquiote.org\/?p=1916#breadcrumb","itemListElement":[{"@type":"ListItem","position":1,"name":"Portada","item":"https:\/\/revistaquiote.org\/"},{"@type":"ListItem","position":2,"name":"RAM\u00d3N DUR\u00c1N Y EL ESPEJO DE LA PLACA DE GRABADO"}]},{"@type":"WebSite","@id":"https:\/\/revistaquiote.org\/#website","url":"https:\/\/revistaquiote.org\/","name":"REVISTA QUIOTE","description":"N\u00daMERO SEIS","publisher":{"@id":"https:\/\/revistaquiote.org\/#organization"},"potentialAction":[{"@type":"SearchAction","target":{"@type":"EntryPoint","urlTemplate":"https:\/\/revistaquiote.org\/?s={search_term_string}"},"query-input":{"@type":"PropertyValueSpecification","valueRequired":true,"valueName":"search_term_string"}}],"inLanguage":"es"},{"@type":"Organization","@id":"https:\/\/revistaquiote.org\/#organization","name":"REVISTA QUIOTE","url":"https:\/\/revistaquiote.org\/","logo":{"@type":"ImageObject","inLanguage":"es","@id":"https:\/\/revistaquiote.org\/#\/schema\/logo\/image\/","url":"https:\/\/revistaquiote.org\/wp-content\/uploads\/2023\/06\/Quiote-logo_01.png","contentUrl":"https:\/\/revistaquiote.org\/wp-content\/uploads\/2023\/06\/Quiote-logo_01.png","width":1042,"height":417,"caption":"REVISTA QUIOTE"},"image":{"@id":"https:\/\/revistaquiote.org\/#\/schema\/logo\/image\/"},"sameAs":["https:\/\/www.facebook.com\/profile.php?id=61581285934903&rdid=NyTBdLDXXt5DTPla&share_url=httpswww.facebook.comshare16XQGGa34v#","https:\/\/x.com\/RQuiote","https:\/\/www.instagram.com\/revista.quiote\/"]},{"@type":"Person","@id":"https:\/\/revistaquiote.org\/#\/schema\/person\/d7a3f9ed4669a5897b231922e7fc292e","name":"Miguel Torres","image":{"@type":"ImageObject","inLanguage":"es","@id":"https:\/\/secure.gravatar.com\/avatar\/00c77c9b45fb8ec83854a3fc58bb68a9455f554fb2ed7d93769f39cab7a2c6a4?s=96&d=mm&r=gd1fa56e4f1f0eb1983a3ad9f6827f3c2","url":"https:\/\/secure.gravatar.com\/avatar\/00c77c9b45fb8ec83854a3fc58bb68a9455f554fb2ed7d93769f39cab7a2c6a4?s=96&d=mm&r=g","contentUrl":"https:\/\/secure.gravatar.com\/avatar\/00c77c9b45fb8ec83854a3fc58bb68a9455f554fb2ed7d93769f39cab7a2c6a4?s=96&d=mm&r=g","caption":"Miguel Torres"},"sameAs":["https:\/\/revistaquiote.org"],"url":"https:\/\/revistaquiote.org\/?author=1"}]}},"jetpack_featured_media_url":"https:\/\/revistaquiote.org\/wp-content\/uploads\/2024\/12\/1-scaled.jpg","jetpack_sharing_enabled":true,"authors":[{"term_id":196,"user_id":0,"is_guest":1,"slug":"fernando-galvez-de-aguinaga","display_name":"Fernando G\u00e1lvez de Aguinaga","avatar_url":"https:\/\/secure.gravatar.com\/avatar\/?s=96&d=mm&r=g","0":null,"1":"","2":"","3":"","4":"","5":"","6":"","7":"","8":""}],"_links":{"self":[{"href":"https:\/\/revistaquiote.org\/index.php?rest_route=\/wp\/v2\/posts\/1916","targetHints":{"allow":["GET"]}}],"collection":[{"href":"https:\/\/revistaquiote.org\/index.php?rest_route=\/wp\/v2\/posts"}],"about":[{"href":"https:\/\/revistaquiote.org\/index.php?rest_route=\/wp\/v2\/types\/post"}],"author":[{"embeddable":true,"href":"https:\/\/revistaquiote.org\/index.php?rest_route=\/wp\/v2\/users\/1"}],"replies":[{"embeddable":true,"href":"https:\/\/revistaquiote.org\/index.php?rest_route=%2Fwp%2Fv2%2Fcomments&post=1916"}],"version-history":[{"count":7,"href":"https:\/\/revistaquiote.org\/index.php?rest_route=\/wp\/v2\/posts\/1916\/revisions"}],"predecessor-version":[{"id":2322,"href":"https:\/\/revistaquiote.org\/index.php?rest_route=\/wp\/v2\/posts\/1916\/revisions\/2322"}],"wp:featuredmedia":[{"embeddable":true,"href":"https:\/\/revistaquiote.org\/index.php?rest_route=\/wp\/v2\/media\/1919"}],"wp:attachment":[{"href":"https:\/\/revistaquiote.org\/index.php?rest_route=%2Fwp%2Fv2%2Fmedia&parent=1916"}],"wp:term":[{"taxonomy":"category","embeddable":true,"href":"https:\/\/revistaquiote.org\/index.php?rest_route=%2Fwp%2Fv2%2Fcategories&post=1916"},{"taxonomy":"post_tag","embeddable":true,"href":"https:\/\/revistaquiote.org\/index.php?rest_route=%2Fwp%2Fv2%2Ftags&post=1916"},{"taxonomy":"author","embeddable":true,"href":"https:\/\/revistaquiote.org\/index.php?rest_route=%2Fwp%2Fv2%2Fppma_author&post=1916"}],"curies":[{"name":"wp","href":"https:\/\/api.w.org\/{rel}","templated":true}]}}