{"id":1993,"date":"2024-12-15T13:59:00","date_gmt":"2024-12-15T13:59:00","guid":{"rendered":"https:\/\/revistaquiote.org\/?p=1993"},"modified":"2024-12-15T14:06:42","modified_gmt":"2024-12-15T14:06:42","slug":"editorial-tres","status":"publish","type":"post","link":"https:\/\/revistaquiote.org\/?p=1993","title":{"rendered":"EDITORIAL TRES"},"content":{"rendered":"<p>[et_pb_section fb_built=\u00bb1&#8243; _builder_version=\u00bb4.21.0&#8243; _module_preset=\u00bbdefault\u00bb background_color=\u00bbRGBA(255,255,255,0)\u00bb custom_margin=\u00bb||-6px|||\u00bb custom_padding=\u00bb||0px|||\u00bb global_colors_info=\u00bb{}\u00bb theme_builder_area=\u00bbpost_content\u00bb][et_pb_row _builder_version=\u00bb4.21.0&#8243; _module_preset=\u00bbdefault\u00bb custom_padding=\u00bb||0px|||\u00bb global_colors_info=\u00bb{}\u00bb theme_builder_area=\u00bbpost_content\u00bb][et_pb_column type=\u00bb4_4&#8243; _builder_version=\u00bb4.21.0&#8243; _module_preset=\u00bbdefault\u00bb global_colors_info=\u00bb{}\u00bb theme_builder_area=\u00bbpost_content\u00bb][et_pb_text _builder_version=\u00bb4.21.0&#8243; _module_preset=\u00bbdefault\u00bb background_color=\u00bbRGBA(255,255,255,0)\u00bb custom_margin=\u00bb||-1px|||\u00bb custom_padding=\u00bb||0px|||\u00bb global_colors_info=\u00bb{}\u00bb theme_builder_area=\u00bbpost_content\u00bb]<\/p>\n<p class=\"p1\"><strong><em>Juntos haremos historia<\/em> no fue s\u00f3lo un lema.<\/strong> Aterriz\u00f3 fuertemente en la realidad de nuestro pa\u00eds. Dif\u00edcilmente alguien estar\u00eda en desacuerdo con que vivimos un cambio hist\u00f3rico, afortunado para la mayor\u00eda del pueblo, deplorable para unos cuantos que se esfuerzan en pasar a la intrascendencia.<br \/>\u00a0 \u00a0 \u00a0La historia deja de ser el concepto lejano con el que nos familiarizamos en la infancia: una palabra construida por fechas y datos sobre descubrimientos, guerras y batallas de todos los tama\u00f1os, llevada a cabo por hero\u00ednas y h\u00e9roes, por personajes siniestros, actos de grandeza y actos tan abominables que, pens\u00e1bamos ingenuamente, resultar\u00edan irrepetibles.<br \/>\u00a0 \u00a0 \u00a0Recordando esos per\u00edodos oscuros dibujamos cartulinas con palomas que anunciaban PAZ, salimos a las calles exigiendo que las organizaciones internacionales, responsables de garantizar la armon\u00eda entre las naciones, se ocuparan de que nadie tuviera que huir de su casa, sentirse perseguido ni morir debido a sus creencias o procedencias.<\/p>\n<blockquote>\n<p class=\"p1\">Pero la guerra es ese \u201cmonstruo grande\u201d que \u201cpisa fuerte toda la pobre inocencia de la gente\u201d, como cantaba la gran Mercedes Sosa. Por m\u00e1s que los confrontamientos han sido una gran constante a lo largo de nuestras vidas, \u00bfalguien pudo esperar la crueldad con la que se est\u00e1n desarrollando los eventos en Gaza? Claro que han existido actos peores en la historia humana, incluso recientes, pero \u00e9ste est\u00e1 siendo televisado, y en la transmisi\u00f3n de sus im\u00e1genes en tiempo real, los perpetradores sonr\u00eden impunemente a la c\u00e1mara y declaran al mundo ser las verdaderas v\u00edctimas.<\/p>\n<\/blockquote>\n<p class=\"p1\">\u00a0 \u00a0 \u00a0Se trata de la cara negativa, aterradora, del hacer de la historia que no nos pregunta, sino que nos arrasa. A\u00fan as\u00ed, en la revista Quiote no apostamos por las distop\u00edas, para combatirlas existimos y creemos que una de las muchas formas de resistir es informarnos, sumar al debate p\u00fablico y pol\u00edtico, para contribuir desde la imagen y la palabra a perfilar el mundo y los sue\u00f1os de las presentes y futuras generaciones.<br \/>\u00a0 \u00a0 \u00a0As\u00ed que aqu\u00ed estamos, una vez m\u00e1s, con nuestro tercer n\u00famero donde el matem\u00e1tico y coleccionista <strong>C\u00e9sar Guevara<\/strong>, con su texto \u201cSiempre nos podemos sorprender de nuestro entorno\u201d, nos cuenta detalles, desde la historiograf\u00eda, sobre uno de los s\u00edmbolos m\u00e1s emblem\u00e1ticos de nuestro pa\u00eds, el tan querido y legendario maguey. En su magn\u00edfico texto \u201cHuizacht\u00e9petl, mi cerro en Iztapalapa\u201d, la maestra y cronista de la alcald\u00eda Iztapalapa, <strong>Beatriz Ram\u00edrez<\/strong>, nos narra las caracter\u00edsticas e historia de dicho entorno, hoy conocido como el Cerro de la Estrella, culminando la entrega con un bello poema de su inspiraci\u00f3n.<br \/><strong>\u00a0 \u00a0 \u00a0Santiago Robles<\/strong> nos ofrece un texto introductorio a la pintura dividida en tres partes titulada <em>Ixtlapalapan. El pueblo puede salvar al pueblo<\/em>, la cual se muestra de manera permanente en el recientemente restaurado Museo Fuego Nuevo de la alcald\u00eda Iztapalapa en la Ciudad de M\u00e9xico.<br \/><strong>\u00a0 \u00a0 \u00a0H\u00e9ctor Rodr\u00edguez de la Vega<\/strong> nos entrega la segunda parte de su reflexi\u00f3n sobre el valor-trabajo y sus trasferencias, ahora abordando el tema de \u201cEl localismo y sus limitaciones\u201d, donde se cuestiona en qu\u00e9 escalas se debe intentar incidir sobre las relaciones entre lo local y el resto del mundo. Y, para reafirmar que la vida tambi\u00e9n es poes\u00eda, <strong>Mariana Castillo<\/strong> se suma en este n\u00famero con un texto dedicado a la flor de iris.<br \/>\u00a0 \u00a0 \u00a0Por su parte, en <em>Calaveras y Diablitos<\/em>, <strong>Miguel Torres<\/strong> nos regala \u201cPoes\u00eda en subdesarrollo o <em>Al este del para\u00edso<\/em>\u201d, texto que aborda temas relacionados con el poeta Mario Santiago Papasquiaro, el movimiento infrarrealista y sus procesos editoriales piratas.<br \/>\u00a0 \u00a0 \u00a0En \u201cRam\u00f3n Dur\u00e1n y el espejo de la placa de grabado\u201d, el curador de arte <strong>Fernando G\u00e1lvez<\/strong> nos relata la iniciaci\u00f3n dentro de la gr\u00e1fica mexicana por parte del maestro impresor y c\u00f3mo fue que las l\u00e1minas se convirtieron en materia prima para plasmar visualmente el d\u00eda a d\u00eda.<br \/><strong>\u00a0 \u00a0 \u00a0Christian Barrag\u00e1n<\/strong>, en esta ocasi\u00f3n, nos lleva de la mano por las constantes de la obra <em>El \u00faltimo astronauta<\/em> del artista Agust\u00edn Gonz\u00e1lez (Ciudad de M\u00e9xico, 1978), las cu\u00e1les se agrupan en reinterpretaciones, derivaciones y liberaciones, es decir, en \u201cdejar pasar lo que est\u00e1 pasando\u201d.<\/p>\n<p class=\"p1\"><strong><\/strong><\/p>\n<p>[\/et_pb_text][\/et_pb_column][\/et_pb_row][et_pb_row column_structure=\u00bb1_2,1_2&#8243; _builder_version=\u00bb4.27.4&#8243; _module_preset=\u00bbdefault\u00bb custom_padding=\u00bb0px|||||\u00bb global_colors_info=\u00bb{}\u00bb theme_builder_area=\u00bbpost_content\u00bb][et_pb_column type=\u00bb1_2&#8243; _builder_version=\u00bb4.27.4&#8243; _module_preset=\u00bbdefault\u00bb global_colors_info=\u00bb{}\u00bb theme_builder_area=\u00bbpost_content\u00bb][et_pb_text _builder_version=\u00bb4.27.4&#8243; _module_preset=\u00bbdefault\u00bb custom_padding=\u00bb1px|||||\u00bb global_colors_info=\u00bb{}\u00bb theme_builder_area=\u00bbpost_content\u00bb]<\/p>\n<p class=\"p1\">\u00a0 \u00a0 \u00a0El artista visual e historiador <strong>Fernando Llanos<\/strong> presenta \u201cUna memoria global de preocupaciones culturales sobre el papel amate\u201d, texto donde nos relata la experiencia que dio lugar al C\u00f3dice Mondiacult 2022, el cual se elabor\u00f3 en el Complejo Cultural Los Pinos de Chapultepec.<br \/>\u00a0 \u00a0 \u00a0Para finalizar, en la secci\u00f3n <em>Show Blitzkrieg<\/em> de este n\u00famero, el escritor <strong>C\u00e9sar Cort\u00e9s Vega<\/strong> presenta \u201cArte y fetiches objetivados en el mercadeo pol\u00edtico\u201d, una deliberaci\u00f3n sobre arte, belleza, pol\u00edtica, peluches contra peluches y fetiches contra fetiches.<\/p>\n<p>[\/et_pb_text][\/et_pb_column][et_pb_column type=\u00bb1_2&#8243; _builder_version=\u00bb4.27.4&#8243; _module_preset=\u00bbdefault\u00bb global_colors_info=\u00bb{}\u00bb theme_builder_area=\u00bbpost_content\u00bb][et_pb_image src=\u00bbhttps:\/\/revistaquiote.org\/wp-content\/uploads\/2024\/12\/quiote_id_n03edc.png\u00bb title_text=\u00bbquiote_id_n03edc\u00bb _builder_version=\u00bb4.27.4&#8243; _module_preset=\u00bbdefault\u00bb hover_enabled=\u00bb0&#8243; global_colors_info=\u00bb{}\u00bb theme_builder_area=\u00bbpost_content\u00bb sticky_enabled=\u00bb0&#8243; transform_scale=\u00bb95%|95%\u00bb][\/et_pb_image][\/et_pb_column][\/et_pb_row][\/et_pb_section]<\/p>\n","protected":false},"excerpt":{"rendered":"<p>Juntos haremos historia no fue s\u00f3lo un lema. Aterriz\u00f3 fuertemente en la realidad de nuestro pa\u00eds. Dif\u00edcilmente alguien estar\u00eda en desacuerdo con que vivimos un cambio hist\u00f3rico, afortunado para la mayor\u00eda del pueblo, deplorable para unos cuantos que se esfuerzan en pasar a la intrascendencia.\u00a0 \u00a0 \u00a0La historia deja de ser el concepto lejano con [&hellip;]<\/p>\n","protected":false},"author":12,"featured_media":1994,"comment_status":"open","ping_status":"closed","sticky":false,"template":"","format":"standard","meta":{"_et_pb_use_builder":"on","_et_pb_old_content":"","_et_gb_content_width":"","_jetpack_memberships_contains_paid_content":false,"footnotes":""},"categories":[185],"tags":[139],"ppma_author":[81],"class_list":["post-1993","post","type-post","status-publish","format-standard","has-post-thumbnail","hentry","category-numero-tres","tag-editorial"],"yoast_head":"<!-- This site is optimized with the Yoast SEO plugin v27.3 - https:\/\/yoast.com\/product\/yoast-seo-wordpress\/ -->\n<title>EDITORIAL TRES - REVISTA QUIOTE<\/title>\n<meta name=\"robots\" content=\"index, follow, max-snippet:-1, max-image-preview:large, max-video-preview:-1\" \/>\n<link rel=\"canonical\" href=\"https:\/\/revistaquiote.org\/?p=1993\" \/>\n<meta property=\"og:locale\" content=\"es_ES\" \/>\n<meta property=\"og:type\" content=\"article\" \/>\n<meta property=\"og:title\" content=\"EDITORIAL TRES - REVISTA QUIOTE\" \/>\n<meta property=\"og:description\" content=\"Juntos haremos historia no fue s\u00f3lo un lema. Aterriz\u00f3 fuertemente en la realidad de nuestro pa\u00eds. Dif\u00edcilmente alguien estar\u00eda en desacuerdo con que vivimos un cambio hist\u00f3rico, afortunado para la mayor\u00eda del pueblo, deplorable para unos cuantos que se esfuerzan en pasar a la intrascendencia.\u00a0 \u00a0 \u00a0La historia deja de ser el concepto lejano con [&hellip;]\" \/>\n<meta property=\"og:url\" content=\"https:\/\/revistaquiote.org\/?p=1993\" \/>\n<meta property=\"og:site_name\" content=\"REVISTA QUIOTE\" \/>\n<meta property=\"article:publisher\" content=\"https:\/\/www.facebook.com\/profile.php?id=61581285934903&amp;rdid=NyTBdLDXXt5DTPla&amp;share_url=httpswww.facebook.comshare16XQGGa34v#\" \/>\n<meta property=\"article:published_time\" content=\"2024-12-15T13:59:00+00:00\" \/>\n<meta property=\"article:modified_time\" content=\"2024-12-15T14:06:42+00:00\" \/>\n<meta property=\"og:image\" content=\"https:\/\/revistaquiote.org\/wp-content\/uploads\/2024\/12\/quiote_id_n03eda-1024x717.png\" \/>\n\t<meta property=\"og:image:width\" content=\"1024\" \/>\n\t<meta property=\"og:image:height\" content=\"717\" \/>\n\t<meta property=\"og:image:type\" content=\"image\/png\" \/>\n<meta name=\"author\" content=\"Revista Quiote\" \/>\n<meta name=\"twitter:card\" content=\"summary_large_image\" \/>\n<meta name=\"twitter:creator\" content=\"@RQuiote\" \/>\n<meta name=\"twitter:site\" content=\"@RQuiote\" \/>\n<meta name=\"twitter:label1\" content=\"Escrito por\" \/>\n\t<meta name=\"twitter:data1\" content=\"Revista Quiote\" \/>\n\t<meta name=\"twitter:label2\" content=\"Tiempo de lectura\" \/>\n\t<meta name=\"twitter:data2\" content=\"5 minutos\" \/>\n<script type=\"application\/ld+json\" class=\"yoast-schema-graph\">{\"@context\":\"https:\\\/\\\/schema.org\",\"@graph\":[{\"@type\":\"Article\",\"@id\":\"https:\\\/\\\/revistaquiote.org\\\/?p=1993#article\",\"isPartOf\":{\"@id\":\"https:\\\/\\\/revistaquiote.org\\\/?p=1993\"},\"author\":{\"name\":\"Revista Quiote\",\"@id\":\"https:\\\/\\\/revistaquiote.org\\\/#\\\/schema\\\/person\\\/da4f03b210a0eb161061c9500f5c269e\"},\"headline\":\"EDITORIAL TRES\",\"datePublished\":\"2024-12-15T13:59:00+00:00\",\"dateModified\":\"2024-12-15T14:06:42+00:00\",\"mainEntityOfPage\":{\"@id\":\"https:\\\/\\\/revistaquiote.org\\\/?p=1993\"},\"wordCount\":1048,\"commentCount\":0,\"publisher\":{\"@id\":\"https:\\\/\\\/revistaquiote.org\\\/#organization\"},\"image\":{\"@id\":\"https:\\\/\\\/revistaquiote.org\\\/?p=1993#primaryimage\"},\"thumbnailUrl\":\"https:\\\/\\\/revistaquiote.org\\\/wp-content\\\/uploads\\\/2024\\\/12\\\/quiote_id_n03eda.png\",\"keywords\":[\"editorial\"],\"articleSection\":[\"N\u00daMERO TRES\"],\"inLanguage\":\"es\",\"potentialAction\":[{\"@type\":\"CommentAction\",\"name\":\"Comment\",\"target\":[\"https:\\\/\\\/revistaquiote.org\\\/?p=1993#respond\"]}]},{\"@type\":\"WebPage\",\"@id\":\"https:\\\/\\\/revistaquiote.org\\\/?p=1993\",\"url\":\"https:\\\/\\\/revistaquiote.org\\\/?p=1993\",\"name\":\"EDITORIAL TRES - REVISTA QUIOTE\",\"isPartOf\":{\"@id\":\"https:\\\/\\\/revistaquiote.org\\\/#website\"},\"primaryImageOfPage\":{\"@id\":\"https:\\\/\\\/revistaquiote.org\\\/?p=1993#primaryimage\"},\"image\":{\"@id\":\"https:\\\/\\\/revistaquiote.org\\\/?p=1993#primaryimage\"},\"thumbnailUrl\":\"https:\\\/\\\/revistaquiote.org\\\/wp-content\\\/uploads\\\/2024\\\/12\\\/quiote_id_n03eda.png\",\"datePublished\":\"2024-12-15T13:59:00+00:00\",\"dateModified\":\"2024-12-15T14:06:42+00:00\",\"breadcrumb\":{\"@id\":\"https:\\\/\\\/revistaquiote.org\\\/?p=1993#breadcrumb\"},\"inLanguage\":\"es\",\"potentialAction\":[{\"@type\":\"ReadAction\",\"target\":[\"https:\\\/\\\/revistaquiote.org\\\/?p=1993\"]}]},{\"@type\":\"ImageObject\",\"inLanguage\":\"es\",\"@id\":\"https:\\\/\\\/revistaquiote.org\\\/?p=1993#primaryimage\",\"url\":\"https:\\\/\\\/revistaquiote.org\\\/wp-content\\\/uploads\\\/2024\\\/12\\\/quiote_id_n03eda.png\",\"contentUrl\":\"https:\\\/\\\/revistaquiote.org\\\/wp-content\\\/uploads\\\/2024\\\/12\\\/quiote_id_n03eda.png\",\"width\":2084,\"height\":1459},{\"@type\":\"BreadcrumbList\",\"@id\":\"https:\\\/\\\/revistaquiote.org\\\/?p=1993#breadcrumb\",\"itemListElement\":[{\"@type\":\"ListItem\",\"position\":1,\"name\":\"Portada\",\"item\":\"https:\\\/\\\/revistaquiote.org\\\/\"},{\"@type\":\"ListItem\",\"position\":2,\"name\":\"EDITORIAL TRES\"}]},{\"@type\":\"WebSite\",\"@id\":\"https:\\\/\\\/revistaquiote.org\\\/#website\",\"url\":\"https:\\\/\\\/revistaquiote.org\\\/\",\"name\":\"REVISTA QUIOTE\",\"description\":\"N\u00daMERO SEIS\",\"publisher\":{\"@id\":\"https:\\\/\\\/revistaquiote.org\\\/#organization\"},\"potentialAction\":[{\"@type\":\"SearchAction\",\"target\":{\"@type\":\"EntryPoint\",\"urlTemplate\":\"https:\\\/\\\/revistaquiote.org\\\/?s={search_term_string}\"},\"query-input\":{\"@type\":\"PropertyValueSpecification\",\"valueRequired\":true,\"valueName\":\"search_term_string\"}}],\"inLanguage\":\"es\"},{\"@type\":\"Organization\",\"@id\":\"https:\\\/\\\/revistaquiote.org\\\/#organization\",\"name\":\"REVISTA QUIOTE\",\"url\":\"https:\\\/\\\/revistaquiote.org\\\/\",\"logo\":{\"@type\":\"ImageObject\",\"inLanguage\":\"es\",\"@id\":\"https:\\\/\\\/revistaquiote.org\\\/#\\\/schema\\\/logo\\\/image\\\/\",\"url\":\"https:\\\/\\\/revistaquiote.org\\\/wp-content\\\/uploads\\\/2023\\\/06\\\/Quiote-logo_01.png\",\"contentUrl\":\"https:\\\/\\\/revistaquiote.org\\\/wp-content\\\/uploads\\\/2023\\\/06\\\/Quiote-logo_01.png\",\"width\":1042,\"height\":417,\"caption\":\"REVISTA QUIOTE\"},\"image\":{\"@id\":\"https:\\\/\\\/revistaquiote.org\\\/#\\\/schema\\\/logo\\\/image\\\/\"},\"sameAs\":[\"https:\\\/\\\/www.facebook.com\\\/profile.php?id=61581285934903&rdid=NyTBdLDXXt5DTPla&share_url=httpswww.facebook.comshare16XQGGa34v#\",\"https:\\\/\\\/x.com\\\/RQuiote\",\"https:\\\/\\\/www.instagram.com\\\/revista.quiote\\\/\"]},{\"@type\":\"Person\",\"@id\":\"https:\\\/\\\/revistaquiote.org\\\/#\\\/schema\\\/person\\\/da4f03b210a0eb161061c9500f5c269e\",\"name\":\"Revista Quiote\",\"image\":{\"@type\":\"ImageObject\",\"inLanguage\":\"es\",\"@id\":\"https:\\\/\\\/secure.gravatar.com\\\/avatar\\\/5591823d73fd4ad2e97cfc10be8618d7607c26e0d4befc30859a560b7dd58326?s=96&d=mm&r=g15b55b169427740447f0bd6f07ca3ba0\",\"url\":\"https:\\\/\\\/secure.gravatar.com\\\/avatar\\\/5591823d73fd4ad2e97cfc10be8618d7607c26e0d4befc30859a560b7dd58326?s=96&d=mm&r=g\",\"contentUrl\":\"https:\\\/\\\/secure.gravatar.com\\\/avatar\\\/5591823d73fd4ad2e97cfc10be8618d7607c26e0d4befc30859a560b7dd58326?s=96&d=mm&r=g\",\"caption\":\"Revista Quiote\"},\"url\":\"https:\\\/\\\/revistaquiote.org\\\/?author=12\"}]}<\/script>\n<!-- \/ Yoast SEO plugin. -->","yoast_head_json":{"title":"EDITORIAL TRES - REVISTA QUIOTE","robots":{"index":"index","follow":"follow","max-snippet":"max-snippet:-1","max-image-preview":"max-image-preview:large","max-video-preview":"max-video-preview:-1"},"canonical":"https:\/\/revistaquiote.org\/?p=1993","og_locale":"es_ES","og_type":"article","og_title":"EDITORIAL TRES - REVISTA QUIOTE","og_description":"Juntos haremos historia no fue s\u00f3lo un lema. Aterriz\u00f3 fuertemente en la realidad de nuestro pa\u00eds. Dif\u00edcilmente alguien estar\u00eda en desacuerdo con que vivimos un cambio hist\u00f3rico, afortunado para la mayor\u00eda del pueblo, deplorable para unos cuantos que se esfuerzan en pasar a la intrascendencia.\u00a0 \u00a0 \u00a0La historia deja de ser el concepto lejano con [&hellip;]","og_url":"https:\/\/revistaquiote.org\/?p=1993","og_site_name":"REVISTA QUIOTE","article_publisher":"https:\/\/www.facebook.com\/profile.php?id=61581285934903&rdid=NyTBdLDXXt5DTPla&share_url=httpswww.facebook.comshare16XQGGa34v#","article_published_time":"2024-12-15T13:59:00+00:00","article_modified_time":"2024-12-15T14:06:42+00:00","og_image":[{"width":1024,"height":717,"url":"https:\/\/revistaquiote.org\/wp-content\/uploads\/2024\/12\/quiote_id_n03eda-1024x717.png","type":"image\/png"}],"author":"Revista Quiote","twitter_card":"summary_large_image","twitter_creator":"@RQuiote","twitter_site":"@RQuiote","twitter_misc":{"Escrito por":"Revista Quiote","Tiempo de lectura":"5 minutos"},"schema":{"@context":"https:\/\/schema.org","@graph":[{"@type":"Article","@id":"https:\/\/revistaquiote.org\/?p=1993#article","isPartOf":{"@id":"https:\/\/revistaquiote.org\/?p=1993"},"author":{"name":"Revista Quiote","@id":"https:\/\/revistaquiote.org\/#\/schema\/person\/da4f03b210a0eb161061c9500f5c269e"},"headline":"EDITORIAL TRES","datePublished":"2024-12-15T13:59:00+00:00","dateModified":"2024-12-15T14:06:42+00:00","mainEntityOfPage":{"@id":"https:\/\/revistaquiote.org\/?p=1993"},"wordCount":1048,"commentCount":0,"publisher":{"@id":"https:\/\/revistaquiote.org\/#organization"},"image":{"@id":"https:\/\/revistaquiote.org\/?p=1993#primaryimage"},"thumbnailUrl":"https:\/\/revistaquiote.org\/wp-content\/uploads\/2024\/12\/quiote_id_n03eda.png","keywords":["editorial"],"articleSection":["N\u00daMERO TRES"],"inLanguage":"es","potentialAction":[{"@type":"CommentAction","name":"Comment","target":["https:\/\/revistaquiote.org\/?p=1993#respond"]}]},{"@type":"WebPage","@id":"https:\/\/revistaquiote.org\/?p=1993","url":"https:\/\/revistaquiote.org\/?p=1993","name":"EDITORIAL TRES - REVISTA QUIOTE","isPartOf":{"@id":"https:\/\/revistaquiote.org\/#website"},"primaryImageOfPage":{"@id":"https:\/\/revistaquiote.org\/?p=1993#primaryimage"},"image":{"@id":"https:\/\/revistaquiote.org\/?p=1993#primaryimage"},"thumbnailUrl":"https:\/\/revistaquiote.org\/wp-content\/uploads\/2024\/12\/quiote_id_n03eda.png","datePublished":"2024-12-15T13:59:00+00:00","dateModified":"2024-12-15T14:06:42+00:00","breadcrumb":{"@id":"https:\/\/revistaquiote.org\/?p=1993#breadcrumb"},"inLanguage":"es","potentialAction":[{"@type":"ReadAction","target":["https:\/\/revistaquiote.org\/?p=1993"]}]},{"@type":"ImageObject","inLanguage":"es","@id":"https:\/\/revistaquiote.org\/?p=1993#primaryimage","url":"https:\/\/revistaquiote.org\/wp-content\/uploads\/2024\/12\/quiote_id_n03eda.png","contentUrl":"https:\/\/revistaquiote.org\/wp-content\/uploads\/2024\/12\/quiote_id_n03eda.png","width":2084,"height":1459},{"@type":"BreadcrumbList","@id":"https:\/\/revistaquiote.org\/?p=1993#breadcrumb","itemListElement":[{"@type":"ListItem","position":1,"name":"Portada","item":"https:\/\/revistaquiote.org\/"},{"@type":"ListItem","position":2,"name":"EDITORIAL TRES"}]},{"@type":"WebSite","@id":"https:\/\/revistaquiote.org\/#website","url":"https:\/\/revistaquiote.org\/","name":"REVISTA QUIOTE","description":"N\u00daMERO SEIS","publisher":{"@id":"https:\/\/revistaquiote.org\/#organization"},"potentialAction":[{"@type":"SearchAction","target":{"@type":"EntryPoint","urlTemplate":"https:\/\/revistaquiote.org\/?s={search_term_string}"},"query-input":{"@type":"PropertyValueSpecification","valueRequired":true,"valueName":"search_term_string"}}],"inLanguage":"es"},{"@type":"Organization","@id":"https:\/\/revistaquiote.org\/#organization","name":"REVISTA QUIOTE","url":"https:\/\/revistaquiote.org\/","logo":{"@type":"ImageObject","inLanguage":"es","@id":"https:\/\/revistaquiote.org\/#\/schema\/logo\/image\/","url":"https:\/\/revistaquiote.org\/wp-content\/uploads\/2023\/06\/Quiote-logo_01.png","contentUrl":"https:\/\/revistaquiote.org\/wp-content\/uploads\/2023\/06\/Quiote-logo_01.png","width":1042,"height":417,"caption":"REVISTA QUIOTE"},"image":{"@id":"https:\/\/revistaquiote.org\/#\/schema\/logo\/image\/"},"sameAs":["https:\/\/www.facebook.com\/profile.php?id=61581285934903&rdid=NyTBdLDXXt5DTPla&share_url=httpswww.facebook.comshare16XQGGa34v#","https:\/\/x.com\/RQuiote","https:\/\/www.instagram.com\/revista.quiote\/"]},{"@type":"Person","@id":"https:\/\/revistaquiote.org\/#\/schema\/person\/da4f03b210a0eb161061c9500f5c269e","name":"Revista Quiote","image":{"@type":"ImageObject","inLanguage":"es","@id":"https:\/\/secure.gravatar.com\/avatar\/5591823d73fd4ad2e97cfc10be8618d7607c26e0d4befc30859a560b7dd58326?s=96&d=mm&r=g15b55b169427740447f0bd6f07ca3ba0","url":"https:\/\/secure.gravatar.com\/avatar\/5591823d73fd4ad2e97cfc10be8618d7607c26e0d4befc30859a560b7dd58326?s=96&d=mm&r=g","contentUrl":"https:\/\/secure.gravatar.com\/avatar\/5591823d73fd4ad2e97cfc10be8618d7607c26e0d4befc30859a560b7dd58326?s=96&d=mm&r=g","caption":"Revista Quiote"},"url":"https:\/\/revistaquiote.org\/?author=12"}]}},"jetpack_featured_media_url":"https:\/\/revistaquiote.org\/wp-content\/uploads\/2024\/12\/quiote_id_n03eda.png","jetpack_sharing_enabled":true,"authors":[{"term_id":81,"user_id":12,"is_guest":0,"slug":"quiote_revistaweb","display_name":"Revista Quiote","avatar_url":"https:\/\/secure.gravatar.com\/avatar\/5591823d73fd4ad2e97cfc10be8618d7607c26e0d4befc30859a560b7dd58326?s=96&d=mm&r=g","0":null,"1":"","2":"","3":"","4":"","5":"","6":"","7":"","8":""}],"_links":{"self":[{"href":"https:\/\/revistaquiote.org\/index.php?rest_route=\/wp\/v2\/posts\/1993","targetHints":{"allow":["GET"]}}],"collection":[{"href":"https:\/\/revistaquiote.org\/index.php?rest_route=\/wp\/v2\/posts"}],"about":[{"href":"https:\/\/revistaquiote.org\/index.php?rest_route=\/wp\/v2\/types\/post"}],"author":[{"embeddable":true,"href":"https:\/\/revistaquiote.org\/index.php?rest_route=\/wp\/v2\/users\/12"}],"replies":[{"embeddable":true,"href":"https:\/\/revistaquiote.org\/index.php?rest_route=%2Fwp%2Fv2%2Fcomments&post=1993"}],"version-history":[{"count":7,"href":"https:\/\/revistaquiote.org\/index.php?rest_route=\/wp\/v2\/posts\/1993\/revisions"}],"predecessor-version":[{"id":2005,"href":"https:\/\/revistaquiote.org\/index.php?rest_route=\/wp\/v2\/posts\/1993\/revisions\/2005"}],"wp:featuredmedia":[{"embeddable":true,"href":"https:\/\/revistaquiote.org\/index.php?rest_route=\/wp\/v2\/media\/1994"}],"wp:attachment":[{"href":"https:\/\/revistaquiote.org\/index.php?rest_route=%2Fwp%2Fv2%2Fmedia&parent=1993"}],"wp:term":[{"taxonomy":"category","embeddable":true,"href":"https:\/\/revistaquiote.org\/index.php?rest_route=%2Fwp%2Fv2%2Fcategories&post=1993"},{"taxonomy":"post_tag","embeddable":true,"href":"https:\/\/revistaquiote.org\/index.php?rest_route=%2Fwp%2Fv2%2Ftags&post=1993"},{"taxonomy":"author","embeddable":true,"href":"https:\/\/revistaquiote.org\/index.php?rest_route=%2Fwp%2Fv2%2Fppma_author&post=1993"}],"curies":[{"name":"wp","href":"https:\/\/api.w.org\/{rel}","templated":true}]}}