{"id":2107,"date":"2024-12-16T13:07:13","date_gmt":"2024-12-16T13:07:13","guid":{"rendered":"https:\/\/revistaquiote.org\/?p=2107"},"modified":"2025-04-29T19:07:40","modified_gmt":"2025-04-29T19:07:40","slug":"el-localismo-y-sus-limitaciones","status":"publish","type":"post","link":"https:\/\/revistaquiote.org\/?p=2107","title":{"rendered":"EL LOCALISMO Y SUS LIMITACIONES"},"content":{"rendered":"<p>[et_pb_section fb_built=\u00bb1&#8243; _builder_version=\u00bb4.27.4&#8243; _module_preset=\u00bbdefault\u00bb global_colors_info=\u00bb{}\u00bb][et_pb_row _builder_version=\u00bb4.27.4&#8243; _module_preset=\u00bbdefault\u00bb global_colors_info=\u00bb{}\u00bb][et_pb_column type=\u00bb4_4&#8243; _builder_version=\u00bb4.27.4&#8243; _module_preset=\u00bbdefault\u00bb global_colors_info=\u00bb{}\u00bb][et_pb_text _builder_version=\u00bb4.27.4&#8243; _module_preset=\u00bbdefault\u00bb text_font_size=\u00bb12px\u00bb global_colors_info=\u00bb{}\u00bb]<\/p>\n<p>Gabriel Cruz Zamudio, El rey, Tinta y acr\u00edlico sobre papel de algod\u00f3n, 25 \u00d7 34.5 cm, 2024.<\/p>\n<p>[\/et_pb_text][et_pb_text _builder_version=\u00bb4.27.4&#8243; _module_preset=\u00bbdefault\u00bb global_colors_info=\u00bb{}\u00bb]<\/p>\n<p>El presente art\u00edculo es la segunda parte de la reflexi\u00f3n iniciada en el n\u00famero anterior sobre las implicaciones de considerar la teor\u00eda del valor como postulado normativo. En particular, se propone en esta entrega que es necesario trascender algunos planteamientos de que la escala local es en la que pueden combatirse los males del capitalismo, para, en su lugar, centrar la mirada en las relaciones que se establecen entre lo local y el resto del mundo como objeto de reflexi\u00f3n sobre el que debe incidir la acci\u00f3n pol\u00edtica.<\/p>\n<p><strong>Introducci\u00f3n: De c\u00f3mo se hacen chiquitos los objetivos<\/strong><\/p>\n<p>En la Primera declaraci\u00f3n de la Selva Lacandona del 1 de enero de 1994, el ezln advert\u00eda sobre su intenci\u00f3n de avanzar hacia la capital del pa\u00eds, emancipando a comunidades a su paso y \u201cpermitiendo a los pueblos liberados elegir, libre y democr\u00e1ticamente, a sus propias autoridades administrativas\u201d. Convocaba, adem\u00e1s, a la poblaci\u00f3n de M\u00e9xico a apoyar su plan de lucha. En la declaraci\u00f3n no se mencion\u00f3 una sola vez la palabra \u201cind\u00edgena\u201d, ni \u201cpueblos originarios\u201d pues se parti\u00f3 de una reivindicaci\u00f3n del pueblo trabajador, consider\u00e1ndolo el verdadero forjador de la \u201cnacionalidad\u201d (el singular es significativo).<\/p>\n<p>[\/et_pb_text][\/et_pb_column][\/et_pb_row][et_pb_row column_structure=\u00bb3_4,1_4&#8243; _builder_version=\u00bb4.27.4&#8243; _module_preset=\u00bbdefault\u00bb global_colors_info=\u00bb{}\u00bb][et_pb_column type=\u00bb3_4&#8243; _builder_version=\u00bb4.27.4&#8243; _module_preset=\u00bbdefault\u00bb global_colors_info=\u00bb{}\u00bb][et_pb_image src=\u00bbhttps:\/\/revistaquiote.org\/wp-content\/uploads\/2024\/12\/Imagen-2-1-scaled.jpg\u00bb title_text=\u00bbViejito\u00bb _builder_version=\u00bb4.27.4&#8243; _module_preset=\u00bbdefault\u00bb global_colors_info=\u00bb{}\u00bb][\/et_pb_image][\/et_pb_column][et_pb_column type=\u00bb1_4&#8243; _builder_version=\u00bb4.27.4&#8243; _module_preset=\u00bbdefault\u00bb global_colors_info=\u00bb{}\u00bb][et_pb_text _builder_version=\u00bb4.27.4&#8243; _module_preset=\u00bbdefault\u00bb text_font_size=\u00bb12px\u00bb text_orientation=\u00bbright\u00bb custom_margin=\u00bb450px||||false|false\u00bb global_colors_info=\u00bb{}\u00bb]<\/p>\n<p>Gabriel Cruz Zamudio, Viejito, Tinta y acr\u00edlico sobre papel de algod\u00f3n, 25 \u00d7 34.5 cm, 2024<\/p>\n<p>[\/et_pb_text][\/et_pb_column][\/et_pb_row][et_pb_row _builder_version=\u00bb4.27.4&#8243; _module_preset=\u00bbdefault\u00bb global_colors_info=\u00bb{}\u00bb][et_pb_column type=\u00bb4_4&#8243; _builder_version=\u00bb4.27.4&#8243; _module_preset=\u00bbdefault\u00bb global_colors_info=\u00bb{}\u00bb][et_pb_text _builder_version=\u00bb4.27.4&#8243; _module_preset=\u00bbdefault\u00bb global_colors_info=\u00bb{}\u00bb]<\/p>\n<p>El alcance que se pretend\u00eda en el alzamiento zapatista ten\u00eda un car\u00e1cter nacional expl\u00edcito y central. Cuando la respuesta popular no fue la uni\u00f3n al alzamiento armado, sino el llamado a la no represi\u00f3n del ej\u00e9rcito mexicano y a la paz, el EZLN opt\u00f3 por recular en su \u201cavance\u201d militar a la Ciudadde M\u00e9xico, pero ni remotamente renunci\u00f3 a sus intenciones de extender el movimiento a la naci\u00f3n. Ese mismo a\u00f1o convoc\u00f3 a la Convenci\u00f3n Nacional de Aguascalientes como un esfuerzo para que todos los movimientos del pa\u00eds se reconocieran, definieran objetivos en com\u00fan y establecieran relaciones de organizaci\u00f3n para avanzar agendas y establecer redes de solidaridad con miras en resistir la represi\u00f3n.<\/p>\n<p>La emergencia de un discurso que desafiaba al neoliberalismo y a la globalizaci\u00f3n en un mundo en que el \u201csocialismo real\u201d hab\u00eda ca\u00eddo y en el que occidente declaraba el Fin de la Historia,<span style=\"background-color: #ffffff; font-size: 15px;\">[1]<\/span><span style=\"font-size: 15px;\">\u00a0interpel\u00f3 al mundo entero, en especial porque se hac\u00eda desde un sitio insospechado: la periferia de la periferia, las comunidades originarias de M\u00e9xico. Las izquierdas de Occidente encontraron formas de salir de atolladeros mentales, \u201cel partido\u201d tan central como estrategia, fue reemplazado por intentos de encontrar nuevas formas de organizarse. El EZLN percibi\u00f3 ese alcance y ampli\u00f3 sus miras.<\/span><\/p>\n<p>En 1996 convoc\u00f3 al Primer encuentro intercontinental por la Humanidad y contra el Neoliberalismo, mejor conocido como Encuentro intergal\u00e1ctico, en las monta\u00f1as del sureste mexicano. Un a\u00f1o despu\u00e9s, el segundo encuentro tuvo lugar en Espa\u00f1a.<\/p>\n<p>El Ej\u00e9rcito Zapatista apuntaba a los monstruos que estaban devorando personas y al planeta en su conjunto: el neoliberalismo y la globalizaci\u00f3n como dos caras de la misma moneda, las transnacionales como sus conductores. Se\u00f1alaba, adem\u00e1s, estrategias de movilizaci\u00f3n, con el internet como herramienta de resistencia y organizaci\u00f3n y la horizontalidad en la toma de decisiones como \u00fanica pr\u00e1ctica leg\u00edtima de acci\u00f3n pol\u00edtica. Todo ello fue un aporte del EZLN al mundo, el cual se puede rastrear en diversas materializaciones.<\/p>\n<p>Para 1999 estalla la llamada \u201cBatalla de Seattle\u201d, un movimiento en contra de una reuni\u00f3n de la Organizaci\u00f3n Mundial de Comercio, la primera de una andanada de protestas en contra de estos monstruos. La ciudad estadounidense vio con asombro c\u00f3mo un movimiento sin l\u00edderes centrales, y haciendo alarde de imaginaci\u00f3n, puso en jaque al aparato represor policiaco y no s\u00f3lo \u201cimportun\u00f3\u201d a los directores corporativos de trasnacionales y a sus lisonjeros representantes de gobiernos, sino que alcanz\u00f3 a minar la hegemon\u00eda del discurso dominante.<\/p>\n<p>[\/et_pb_text][\/et_pb_column][\/et_pb_row][et_pb_row column_structure=\u00bb1_2,1_2&#8243; _builder_version=\u00bb4.27.4&#8243; _module_preset=\u00bbdefault\u00bb global_colors_info=\u00bb{}\u00bb][et_pb_column type=\u00bb1_2&#8243; _builder_version=\u00bb4.27.4&#8243; _module_preset=\u00bbdefault\u00bb global_colors_info=\u00bb{}\u00bb][et_pb_text _builder_version=\u00bb4.27.4&#8243; _module_preset=\u00bbdefault\u00bb global_colors_info=\u00bb{}\u00bb]<\/p>\n<p>\u00bfC\u00f3mo se transit\u00f3 de ese alcance internacional al \u201cestamos solos\u201d con que el subcomandante Mois\u00e9s describi\u00f3 el estado del movimiento zapatista y sus comunidades en enero de 2024, 30 a\u00f1os despu\u00e9s del alzamiento?[2], \u00bfc\u00f3mo, el movimiento de movimientos, la red de nodos, donde cada uno era un colectivo organizado, una comunidad, termin\u00f3 para los zapatistas en s\u00f3lo nodos aislados?<\/p>\n<p>Muchas causas jugaron evidentemente y pocos las conocen del todo (yo no me encuentro entre ellos). Es evidente que las pr\u00e1cticas contrainsurgentes permanecieron con gobiernos de todos los colores, acciones que van desde la promoci\u00f3n de la divisi\u00f3n entre comunidades mediante la introducci\u00f3n de alcohol o -plantean los zapatistas- programas sociales,[3]pasando por el apoyo a grupos antag\u00f3nicos para agudizar conflictos por tierra, agua y\/o religiosos, hasta llegar a la formaci\u00f3n de grupos paramilitares. Para empeorar las cosas, actualmente se enfrenta una escalada de crimen organizado que deriva en el control territorial por los c\u00e1rteles en disputa.<\/p>\n<p>[\/et_pb_text][\/et_pb_column][et_pb_column type=\u00bb1_2&#8243; _builder_version=\u00bb4.27.4&#8243; _module_preset=\u00bbdefault\u00bb global_colors_info=\u00bb{}\u00bb][et_pb_image src=\u00bbhttps:\/\/revistaquiote.org\/wp-content\/uploads\/2024\/12\/Imagen-3-1-scaled.jpg\u00bb title_text=\u00bbTecuani\u00bb _builder_version=\u00bb4.27.4&#8243; _module_preset=\u00bbdefault\u00bb global_colors_info=\u00bb{}\u00bb][\/et_pb_image][et_pb_text _builder_version=\u00bb4.27.4&#8243; _module_preset=\u00bbdefault\u00bb text_font_size=\u00bb12px\u00bb global_colors_info=\u00bb{}\u00bb]<\/p>\n<p style=\"text-align: right;\">Gabriel Cruz Zamudio, Tecuani, Tinta y acr\u00edlico sobre papel de algod\u00f3n,\u00a02024.<\/p>\n<p>[\/et_pb_text][\/et_pb_column][\/et_pb_row][et_pb_row _builder_version=\u00bb4.27.4&#8243; _module_preset=\u00bbdefault\u00bb global_colors_info=\u00bb{}\u00bb][et_pb_column type=\u00bb4_4&#8243; _builder_version=\u00bb4.27.4&#8243; _module_preset=\u00bbdefault\u00bb global_colors_info=\u00bb{}\u00bb][et_pb_text _builder_version=\u00bb4.27.4&#8243; _module_preset=\u00bbdefault\u00bb global_colors_info=\u00bb{}\u00bb]<\/p>\n<p>Pero adem\u00e1s de causas externas y de la respuesta del jugador contrario (que no se iba a quedar con las manos cruzadas por supuesto), hay causas m\u00e1s pr\u00f3ximas, como la traici\u00f3n de la izquierda partidaria en 2001, faltando a la palabra de votar a favor de la ley Cocopa[4] y, m\u00e1s \u00edntimamente, el sectarismo acostumbrado en las izquierdas y que floreci\u00f3 con fuerza en el ezln en multitud de juicios que terminaron en la expulsi\u00f3n de quienes hab\u00edan servido como aliados y que tuvo como uno de sus momentos m\u00e1s importantes el llamado a la abstenci\u00f3n en 2006, cuando el fraude que coloc\u00f3 a Calder\u00f3n en la silla presidencial dio origen a una escalada de violencia que a\u00fan parece lejos de ser revertida.[5]<\/p>\n<p>Ac\u00e1 se pretende llamar la atenci\u00f3n a otro factor m\u00e1s: el repliegue del ezln en la autonom\u00eda local, el reemplazo progresivo de las pretensiones de cambio nacional por la noci\u00f3n de que, si esa escala no se dejaba, habr\u00eda de crearse a nivel local el \u201cotro mundo posible\u201d. Los caracoles fueron el m\u00e1s luminoso esfuerzo en ese programa.<\/p>\n<p>El problema que se plantea en el presente ensayo es que el localismo tiene una sentencia de fracaso si no es capaz de trabajar al mismo tiempo en otras escalas. Advierto al lector que en lo subsiguiente se estar\u00e1n reduciendo las posturas localistas a una versi\u00f3n muy espec\u00edfica, la que plantea que es la escala comunitaria, rural, cooperativista en la que pueden resolverse los problemas civilizatorios, pero, como se ver\u00e1 al final, aunque este modelo es puesto como ejemplo extremo para atacarlo como hombre de paja, en realidad la sentencia es v\u00e1lida para cualquier otro movimiento que obvie las escalas mucho mayores en las que se definen los problemas que se enfrentan en el entorno inmediato.<\/p>\n<p><strong>Piensa global, act\u00faa local\u2026 y en las mayores escalas que puedas<\/strong><\/p>\n<p>Como generaci\u00f3n, abrazamos un conjunto de conceptos del zapatismo y del movimiento antiglobalizaci\u00f3n. Y una parte muy importante de nosotres acompa\u00f1amos la evoluci\u00f3n de planteamientos que transitaron desde los alcances nacionales y\/o globales, hasta pensar, no s\u00f3lo que lo local era lo prioritario para construir y resolver para avanzar en escalas mayores (no hay redes de nodos si no hay nodos), sino que posiblemente era la medida en que hab\u00eda de dise\u00f1arse esa otra forma de relacionarse de las personas entre s\u00ed y con la naturaleza que permitiera el arribo de la nueva y verdadera humanidad (lo que en el patriarcal lenguaje es conocido como \u201cla era del hombre\u201d).<\/p>\n<p>Para muchas personas de nuestra generaci\u00f3n, lo local devino en la escala de acci\u00f3n desde d\u00f3nde construir un modelo civilizatorio, uno de escala razonable, con relaciones humanas de confianza, democracia directa y hasta pr\u00e1cticas amigables con el ambiente, para dar la verdadera lucha contra los cimientos del capitalismo. En el horizonte, una red de cooperativas y colectivos con gesti\u00f3n horizontal donde la enajenaci\u00f3n del trabajo no existiera. La idea es preciosa, pero tiene limitaciones que han pegado con tubo, las cuales se analizan a continuaci\u00f3n para el caso del localismo rural mexicano.<a href=\"#_ftnref1\" name=\"_ftn1\"><span><\/span><\/a><\/p>\n<p>&nbsp;<\/p>\n<p>[\/et_pb_text][\/et_pb_column][\/et_pb_row][et_pb_row column_structure=\u00bb1_2,1_2&#8243; _builder_version=\u00bb4.27.4&#8243; _module_preset=\u00bbdefault\u00bb global_colors_info=\u00bb{}\u00bb][et_pb_column type=\u00bb1_2&#8243; _builder_version=\u00bb4.27.4&#8243; _module_preset=\u00bbdefault\u00bb global_colors_info=\u00bb{}\u00bb][et_pb_image src=\u00bbhttps:\/\/revistaquiote.org\/wp-content\/uploads\/2024\/12\/Imagen-4-1-scaled.jpg\u00bb title_text=\u00bbImagen 4&#8243; _builder_version=\u00bb4.27.4&#8243; _module_preset=\u00bbdefault\u00bb global_colors_info=\u00bb{}\u00bb][\/et_pb_image][et_pb_text _builder_version=\u00bb4.27.4&#8243; _module_preset=\u00bbdefault\u00bb text_font_size=\u00bb12px\u00bb global_colors_info=\u00bb{}\u00bb]<\/p>\n<p>Gabriel Cruz Zamudio, Santiago, Tinta y acr\u00edlico sobre papel de algod\u00f3n,\u00a02024.<\/p>\n<p>[\/et_pb_text][\/et_pb_column][et_pb_column type=\u00bb1_2&#8243; _builder_version=\u00bb4.27.4&#8243; _module_preset=\u00bbdefault\u00bb global_colors_info=\u00bb{}\u00bb][et_pb_text _builder_version=\u00bb4.27.4&#8243; _module_preset=\u00bbdefault\u00bb custom_margin=\u00bb36px||||false|false\u00bb global_colors_info=\u00bb{}\u00bb]<\/p>\n<p>En M\u00e9xico, el localismo, si bien ha tendido vertientes urbanas, tiene su coraz\u00f3n en lo rural, principalmente por la caracter\u00edstica singular de tener una propiedad \u201csocial\u201d (ejidos y comunidades agrarias), con sus propios sistemas de gobierno fincados en asambleas donde se ejerce la democracia directa (aunque s\u00f3lo para los ejidatarios y comuneros, en general hombres y en general siendo una peque\u00f1a parte de la poblaci\u00f3n de las localidades centros urbanos de n\u00facleo agrario). La capacidad de decisi\u00f3n de los ejidos y comunidades agrarias fue hasta los ochenta mayor a la de los municipios, de forma que, pr\u00e1cticamente, constituy\u00f3 un cuarto orden de gobierno con amplios espacios de autonom\u00eda (definici\u00f3n de zonas productivas, ordenamiento urbano, potestad para establecer y asignar \u201csolares urbanos\u201d y control de los recursos h\u00eddricos en el territorio, entre otras singularidades), con una interlocuci\u00f3n directa con el gobierno federal, es decir, casi no requer\u00edan establecer relaciones con los municipios y los gobiernos estatales.<\/p>\n<p>[\/et_pb_text][\/et_pb_column][\/et_pb_row][et_pb_row _builder_version=\u00bb4.27.4&#8243; _module_preset=\u00bbdefault\u00bb global_colors_info=\u00bb{}\u00bb][et_pb_column type=\u00bb4_4&#8243; _builder_version=\u00bb4.27.4&#8243; _module_preset=\u00bbdefault\u00bb global_colors_info=\u00bb{}\u00bb][et_pb_text _builder_version=\u00bb4.27.4&#8243; _module_preset=\u00bbdefault\u00bb global_colors_info=\u00bb{}\u00bb]<\/p>\n<p>Esta propiedad social y la matriz ind\u00edgena de gran parte del campo mexicano, constituyeron un contexto para el desarrollo de una versi\u00f3n extrema de localismo que tiene en las comunidades rurales su locus de desarrollo perfecto: los intentos por la independencia del sistema capitalista promet\u00edan tener sentido en una escala que, aparentemente, podr\u00eda lograr la autarqu\u00eda, entendida como la autonom\u00eda completa respecto de las pr\u00e1cticas de explotaci\u00f3n de personas y naturaleza.<\/p>\n<p>El problema de todo esto es que, apenas se necesite vender un producto agr\u00edcola, todo vale queso, no s\u00f3lo en M\u00e9xico, sino en el mundo: como resultado de la tecnolog\u00eda de la revoluci\u00f3n verde \u2013es decir, del paquete tecnol\u00f3gico ambientalmente terrible de tecnificaci\u00f3n (principalmente de tractores), agroqu\u00edmicos (principalmente fertilizantes y pesticidas) y monocultivos\u2013 y de subsecuentes avances en la productividad, la agricultura sostuvo la sextuplicaci\u00f3n de poblaci\u00f3n en tan solo un siglo. Como resultado, tambi\u00e9n, los precios de los productos agr\u00edcolas se fueron a los suelos, resultando en que el trabajo en el campo fuera menos remunerado y propiciando una transferencia de plusval\u00eda masiva del trabajo del campo hacia la ciudad.<\/p>\n<p>Durante todo el siglo increment\u00f3 la producci\u00f3n agr\u00edcola y el sector primario perdi\u00f3 participaci\u00f3n en la econom\u00eda mundial, de modo que los precios son tan bajos que, o puedes producir a lo bestia o desapareces del mercado. La econom\u00eda campesina ni remotamente puede tener acceso a las inversiones necesarias para ser \u201ccompetitiva\u201d, de forma que termina por ser aut\u00e1rtica en la pobreza m\u00e1s miserable, quedan en ella millones de personas desechables para el modelo econ\u00f3mico (no el neoliberal, el capitalista en general) en un proceso de agon\u00eda que, para M\u00e9xico, es descrito por Carton de Grammont,[6] a partir de las Encuestas Nacionales de Gastos e Ingresos en los Hogares, como \u201cdesagrarizaci\u00f3n\u201d y que tiene dos v\u00edas: 1) la progresivamente menor cantidad de familias campesinas, es decir, de familias que tengan parte de su econom\u00eda vinculada a la producci\u00f3n agropecuaria en terrenos propios, y 2) la participaci\u00f3n cada vez mayor de los ingresos no campesinos en las familias campesinas (salarios, remesas y trasferencias de gobierno principalmente).<\/p>\n<p>[\/et_pb_text][\/et_pb_column][\/et_pb_row][et_pb_row column_structure=\u00bb1_2,1_2&#8243; _builder_version=\u00bb4.27.4&#8243; _module_preset=\u00bbdefault\u00bb global_colors_info=\u00bb{}\u00bb][et_pb_column type=\u00bb1_2&#8243; _builder_version=\u00bb4.27.4&#8243; _module_preset=\u00bbdefault\u00bb global_colors_info=\u00bb{}\u00bb][et_pb_image src=\u00bbhttps:\/\/revistaquiote.org\/wp-content\/uploads\/2024\/12\/Imagen-5-1-scaled.jpg\u00bb title_text=\u00bbDiabla\u00bb force_fullwidth=\u00bbon\u00bb _builder_version=\u00bb4.27.4&#8243; _module_preset=\u00bbdefault\u00bb custom_margin=\u00bb0px||||false|false\u00bb global_colors_info=\u00bb{}\u00bb][\/et_pb_image][et_pb_text _builder_version=\u00bb4.27.4&#8243; _module_preset=\u00bbdefault\u00bb text_font_size=\u00bb13px\u00bb global_colors_info=\u00bb{}\u00bb]<\/p>\n<p>Gariel Cruz Zamudio, Diabla, Tinta y acr\u00edlico sobre papel de algod\u00f3n,\u00a02024.<\/p>\n<p>[\/et_pb_text][\/et_pb_column][et_pb_column type=\u00bb1_2&#8243; _builder_version=\u00bb4.27.4&#8243; _module_preset=\u00bbdefault\u00bb global_colors_info=\u00bb{}\u00bb][et_pb_text _builder_version=\u00bb4.27.4&#8243; _module_preset=\u00bbdefault\u00bb global_colors_info=\u00bb{}\u00bb]<\/p>\n<p>Esta descripci\u00f3n del proceso de empobrecimiento del campo en el siglo XX entra\u00f1a una contradicci\u00f3n de escalas que m\u00e1s vale empezar a sacudirse, pues si bien se reconoce en general que el empobrecimiento campesino es un resultado hist\u00f3rico del sistema capitalista tras la revoluci\u00f3n industrial, primero, tras la terciarizaci\u00f3n econ\u00f3mica, despu\u00e9s[7] y con el neoliberalismo casi como tiro de gracia,[8] a pesar de ese reconocimiento de que se trata de un fen\u00f3meno mundial de larga data, se cree que en lo local est\u00e1 la soluci\u00f3n. Es un absurdo may\u00fasculo.<\/p>\n<p>Si se quiere evitar la condena de muerte que el mercado impone a la econom\u00eda campesina, quedan dos opciones:<\/p>\n<p>1) Se cierran fronteras, se limita la producci\u00f3n de grandes corporativos, se regulan las pr\u00e1cticas agr\u00edcolas campesinas para evitar carreras productivistas, se incentivan pr\u00e1cticas amigables \u201csustentables\u201d y se permite que los precios de los productos agr\u00edcolas se eleven hasta que empiecen a reflejar el trabajo real invertido por el campesino mediante pr\u00e1cticas productivas poco eficientes (a veces, ineficiencia ambientalmente deseable), con lo que se favorece al campo pero se desprotege a los pobres urbanos.<\/p>\n<p>[\/et_pb_text][\/et_pb_column][\/et_pb_row][et_pb_row _builder_version=\u00bb4.27.4&#8243; _module_preset=\u00bbdefault\u00bb global_colors_info=\u00bb{}\u00bb][et_pb_column type=\u00bb4_4&#8243; _builder_version=\u00bb4.27.4&#8243; _module_preset=\u00bbdefault\u00bb global_colors_info=\u00bb{}\u00bb][et_pb_text _builder_version=\u00bb4.27.4&#8243; _module_preset=\u00bbdefault\u00bb global_colors_info=\u00bb{}\u00bb]<\/p>\n<p>2) Se subsidia la producci\u00f3n campesina, estableciendo precios de garant\u00eda, facilitando insumos y propiciando (financiando parcialmente) regulaciones productivas, es decir, programas sociales como Sembrando Vida, la entrega de fertilizantes y los precios de garant\u00eda a productos clave, todos ellos medidas del sexenio de L\u00f3pez Obrador. Tambi\u00e9n pueden mencionarse otras estrategias que no fueron tan explotadas, como los seguros a la producci\u00f3n, el pago por compensaci\u00f3n de no producci\u00f3n (requerido por motivos ambientales o para sostener el precio de algunos productos) y la promoci\u00f3n de la articulaci\u00f3n entre centros urbanos y su entorno rural pr\u00f3ximo, por ejemplo, mediante la obligaci\u00f3n de que los desayunos escolares se elaboren con productos campesinos estatales o regionales. Debe se\u00f1alarse que a\u00fan no se han publicado estudios para saber si con los programas de la 4T se ha detenido o no la tendencia a la desagrarizaci\u00f3n.<\/p>\n<p>Las opciones anteriores no son excluyentes, pueden idearse diversas combinaciones entre ellas. Cada alternativa generada tendr\u00e1 complicaciones t\u00e9cnicas tremendamente dif\u00edciles de operar y a\u00fan quedar\u00e1 fuera del esquema la creciente poblaci\u00f3n rural que no tiene acceso a tierra, pero n\u00f3tese el punto: cualquiera que sea la opci\u00f3n EL FUTURO DE LAS Y LOS CAMPESINOS NO EST\u00c1 <em>SOLO <\/em>EN SUS MANOS, cualquier cosa que ocurra con ese sector de la poblaci\u00f3n, requiere un acuerdo colectivo que involucre lucha pol\u00edtica, al Estado y soluciones no \u00f3ptimas, sino mediadas por los alcances pol\u00edticos de cada actor (la dichosa correlaci\u00f3n de fuerzas). Cualquier opci\u00f3n significar\u00e1 una refuncionalizaci\u00f3n del campesinado frente al resto de la sociedad en la que \u00e9ste resto de la sociedad ha de transferir recursos, o sea, trasformar la forma en que se est\u00e1 dando el intercambio de valor entre distintos sectores productivos. Eso rompe de tajo los principios de autosuficiencia y autogesti\u00f3n que gu\u00edan al localismo.<\/p>\n<p>Al pensar que mediante mecanismos de desarrollo end\u00f3geno locales (l\u00e9ase proyectos de agricultura org\u00e1nica, peque\u00f1as redes de comercio solidario o desarrollo de cadenas productivas para agregaci\u00f3n de valor), se pueden resolver los problemas campesinos, se confunde la escala de la tienda elitista Green corner con la de la Central de Abasto y se cae en una tonter\u00eda casi tan liberal como la de asegurar que todo pobre puede salir de su condici\u00f3n por su propio esfuerzo.<\/p>\n<p>El localismo, entendido como postura que plantea que es en esa escala donde se construyen modelos civilizatorios y utop\u00edas, es voluntarismo puro en el mejor de los casos y liberalismo escondido, en el peor. Por ello, no es de extra\u00f1ar que los organismos multinacionales vean tan favorablemente los esfuerzos por generar peque\u00f1os proyectos productivos en el campo.<\/p>\n<p>Por supuesto, lo anterior toca los proyectos auton\u00f3micos, pero tambi\u00e9n por supuesto, no los niega. Ese es uno de los grandes temas a discutir a partir del reconocimiento de las relaciones de mutua dependencia y de la transferencia de plusval\u00edas que implica, lo que ser\u00e1 materia de la siguiente entrega.<\/p>\n<p>[\/et_pb_text][\/et_pb_column][\/et_pb_row][et_pb_row column_structure=\u00bb1_3,2_3&#8243; _builder_version=\u00bb4.27.4&#8243; _module_preset=\u00bbdefault\u00bb global_colors_info=\u00bb{}\u00bb][et_pb_column type=\u00bb1_3&#8243; _builder_version=\u00bb4.27.4&#8243; _module_preset=\u00bbdefault\u00bb global_colors_info=\u00bb{}\u00bb][et_pb_text _builder_version=\u00bb4.27.4&#8243; _module_preset=\u00bbdefault\u00bb text_font_size=\u00bb12px\u00bb global_colors_info=\u00bb{}\u00bb]<\/p>\n<p>Gabriel Cruz Zamudio, Diablo, Tinta y acr\u00edlico sobre papel de algod\u00f3n,\u00a02024<\/p>\n<p>[\/et_pb_text][\/et_pb_column][et_pb_column type=\u00bb2_3&#8243; _builder_version=\u00bb4.27.4&#8243; _module_preset=\u00bbdefault\u00bb global_colors_info=\u00bb{}\u00bb][et_pb_image src=\u00bbhttps:\/\/revistaquiote.org\/wp-content\/uploads\/2024\/12\/Imagen-6-1-scaled.jpg\u00bb title_text=\u00bbImagen 6&#8243; _builder_version=\u00bb4.27.4&#8243; _module_preset=\u00bbdefault\u00bb global_colors_info=\u00bb{}\u00bb][\/et_pb_image][\/et_pb_column][\/et_pb_row][et_pb_row _builder_version=\u00bb4.27.4&#8243; _module_preset=\u00bbdefault\u00bb][et_pb_column _builder_version=\u00bb4.27.4&#8243; _module_preset=\u00bbdefault\u00bb type=\u00bb4_4&#8243;][et_pb_text _builder_version=\u00bb4.27.4&#8243; _module_preset=\u00bbdefault\u00bb hover_enabled=\u00bb0&#8243; sticky_enabled=\u00bb0&#8243;]<\/p>\n<p><strong>Notas<\/strong><\/p>\n<ol>\n<li>El concepto fue acu\u00f1ado por Fukuyama en 1992 en el <em>libro El fin de la historia y el \u00faltimo hombre <\/em>que se convirti\u00f3 en un cl\u00e1sico neoliberal instant\u00e1neo. En la obra, Fukuyama pretende \u201cdescubrir\u201d que tendencialmente los reg\u00edmenes de gobierno se dirigen a la democracia liberal, lo que \u201cexplica\u201d, a partir de que ese r\u00e9gimen resolver\u00eda los enfrentamientos sociales de la manera m\u00e1s estable posible.<\/li>\n<li>La primera vez que el subcomandante Mois\u00e9s pronunci\u00f3 esa frase fue en el evento del 25\u00b0 aniversario del alzamiento 2019, en un evento que se celebr\u00f3 a puerta cerrada, es decir, s\u00f3lo entre miembros del ezln; 5000 de ellos se dieron cita y compartieron, en medio de un ambiente que \u00c1ngeles Mariscal, en su reportaje en \u201cPie de p\u00e1gina\u201d describi\u00f3 como con \u201cun dejo desolador\u201d, por m\u00e1s que se reivindic\u00f3 la estrategia de lucha porque \u201ctodo lo que hemos construido lo tenemos cargado nosotros\u201d(v\u00e9ase, Mariscal, 2019 enero 1, \u00a1Estamos solos!, <em>P\u00ede de p\u00e1gina<\/em>, https:\/\/piedepagina.mx\/estamos-solos-ezln\/); En contraste, el aniversario de 30 a\u00f1os fue festivo y abierto, con una reflexi\u00f3n sobre \u201clo com\u00fan\u201d que puede considerarse muestra de la persistencia zapatista, como tambi\u00e9n la reiteraci\u00f3n del \u201cestamos solos\u201d, aunque se haya hecho en un tono m\u00e1s optimista, seg\u00fan se recupera en la nota de Gloria Mu\u00f1oz (2024 enero 2, ezln, 30 a\u00f1os, \u201cCelebran zapatistas con desfile, baile, teatro y hasta mariachis\u201d, <em>La jornada<\/em>).<\/li>\n<li>El argumento de los zapatistas es que los programas de gobierno han servido para dividir a las comunidades e inhibir la organizaci\u00f3n colectiva que s\u00f3lo puede gestarse \u201crealmente\u201d si se renuncia a los apoyos de gobierno. El argumento podr\u00eda ser entendible si los programas fueran otorgados selectivamente comprometiendo posiciones pol\u00edticas para ser beneficiario. Sin embargo, no es este el caso si son los zapatistas los que exigen a sus miembros no recibir los programas y expulsan a quien los recibe. Claro que ante esa posici\u00f3n zapatista, una medida \u201ccontrainsurgente\u201d podr\u00eda ser otorgar m\u00e1s apoyos, pero si as\u00ed ha de leerse la atenci\u00f3n a problemas sociales por parte del gobierno, pues estamos fritos, todo programa ser\u00e1 entendido como s\u00f3lo hecho para la \u201cdesmovilizaci\u00f3n\u201d, lo que es un sinsentido may\u00fasculo.<\/li>\n<li>La propuesta de Ley tom\u00f3 el nombre de la Comisi\u00f3n de Concordia y Pacificaci\u00f3n, un \u00f3rgano oficial de la c\u00e1mara de diputados que ten\u00eda la obligaci\u00f3n de traducir en propuesta de ley a los acuerdos alcanzados en 1995 entre el gobierno federal y el EZLN en los di\u00e1logos llevados a cabo en San Andr\u00e9s Larrainzar. La propuesta de la Cocopa, que conten\u00eda de forma central el reconocimiento de los pueblos ind\u00edgenas como sujetos de derecho, fue aceptada por ambas partes; sin embargo, Ernesto Zedillo traicion\u00f3 la palabra y nunca llev\u00f3 la iniciativa al congreso, mientras que, cuando Fox s\u00ed lo hizo en 2001, el senado, con la participaci\u00f3n de la izquierda electoral encarnada en el PRD, realiz\u00f3 cambios profundos en la propuesta de ley, desdibujando el derecho a la autodeterminaci\u00f3n y coloc\u00e1ndolos, nuevamente, como objetos de inter\u00e9s p\u00fablico.<\/li>\n<li>No ser\u00e1 nunca posible saber el peso de la convocatoria a la abstenci\u00f3n en la facilitaci\u00f3n del fraude, quiz\u00e1 \u00e9ste hubiera ocurrido igual sin ese llamado, pero visto en retrospectiva, desde la cual siempre es f\u00e1cil juzgar, el pecado en t\u00e9rminos de sangre de la posici\u00f3n pol\u00edtica zapatista es muy severo.<\/li>\n<li>Carton de Gramamont, H. (2009) La desagrarizaci\u00f3n del campo mexicano, <em>Convergencia Revista de Ciencias Sociales<\/em>, 50: 13-55.<\/li>\n<li>Se conoce como sector terciario al comercio y a los servicios (es decir, productos intangibles como una consulta m\u00e9dica, una obra de teatro, una asesor\u00eda jur\u00eddica o un pr\u00e9stamo bancario) que son, desde hace d\u00e9cadas, el sector dominante econ\u00f3micamente. Debe mencionarse tambi\u00e9n que es un sector que tiene tantos componentes, que deber\u00eda ser considerado, en realidad, sectores diferentes, divididos en, por ejemplo, comercio, servicios culturales y servicios financieros.<\/li>\n<li>El neoliberalismo abati\u00f3 a\u00fan m\u00e1s los precios agr\u00edcolas locales al abrir las fronteras, adem\u00e1s de eliminar subsidios vitales para la supervivencia campesina.<\/li>\n<\/ol>\n<p>[\/et_pb_text][\/et_pb_column][\/et_pb_row][\/et_pb_section]<\/p>\n","protected":false},"excerpt":{"rendered":"<p>Para muchas personas de nuestra generaci\u00f3n, lo local devino en la escala de acci\u00f3n desde d\u00f3nde construir un modelo civilizatorio, uno de escala razonable, con relaciones humanas de confianza, democracia directa y hasta pr\u00e1cticas amigables con el ambiente, para dar la verdadera lucha contra los cimientos del capitalismo. La idea es preciosa, pero tiene limitaciones que han pegado con tubo.<\/p>\n","protected":false},"author":3,"featured_media":2125,"comment_status":"open","ping_status":"closed","sticky":false,"template":"","format":"standard","meta":{"_et_pb_use_builder":"on","_et_pb_old_content":"","_et_gb_content_width":"","_jetpack_memberships_contains_paid_content":false,"footnotes":""},"categories":[185],"tags":[210,212,211,160,209],"ppma_author":[79],"class_list":["post-2107","post","type-post","status-publish","format-standard","has-post-thumbnail","hentry","category-numero-tres","tag-desarrollo-rural","tag-hector-r-de-la-vega","tag-localismo","tag-teoria-del-valor","tag-transferencia-de-plusvalia"],"yoast_head":"<!-- This site is optimized with the Yoast SEO plugin v27.3 - https:\/\/yoast.com\/product\/yoast-seo-wordpress\/ -->\n<title>EL LOCALISMO Y SUS LIMITACIONES - REVISTA QUIOTE<\/title>\n<meta name=\"robots\" content=\"index, follow, max-snippet:-1, max-image-preview:large, max-video-preview:-1\" \/>\n<link rel=\"canonical\" href=\"https:\/\/revistaquiote.org\/?p=2107\" \/>\n<meta property=\"og:locale\" content=\"es_ES\" \/>\n<meta property=\"og:type\" content=\"article\" \/>\n<meta property=\"og:title\" content=\"EL LOCALISMO Y SUS LIMITACIONES - REVISTA QUIOTE\" \/>\n<meta property=\"og:description\" content=\"Para muchas personas de nuestra generaci\u00f3n, lo local devino en la escala de acci\u00f3n desde d\u00f3nde construir un modelo civilizatorio, uno de escala razonable, con relaciones humanas de confianza, democracia directa y hasta pr\u00e1cticas amigables con el ambiente, para dar la verdadera lucha contra los cimientos del capitalismo. La idea es preciosa, pero tiene limitaciones que han pegado con tubo.\" \/>\n<meta property=\"og:url\" content=\"https:\/\/revistaquiote.org\/?p=2107\" \/>\n<meta property=\"og:site_name\" content=\"REVISTA QUIOTE\" \/>\n<meta property=\"article:publisher\" content=\"https:\/\/www.facebook.com\/profile.php?id=61581285934903&amp;rdid=NyTBdLDXXt5DTPla&amp;share_url=httpswww.facebook.comshare16XQGGa34v#\" \/>\n<meta property=\"article:published_time\" content=\"2024-12-16T13:07:13+00:00\" \/>\n<meta property=\"article:modified_time\" content=\"2025-04-29T19:07:40+00:00\" \/>\n<meta property=\"og:image\" content=\"https:\/\/revistaquiote.org\/wp-content\/uploads\/2024\/12\/Imagen-1-1-scaled.jpg\" \/>\n\t<meta property=\"og:image:width\" content=\"1659\" \/>\n\t<meta property=\"og:image:height\" content=\"2560\" \/>\n\t<meta property=\"og:image:type\" content=\"image\/jpeg\" \/>\n<meta name=\"author\" content=\"H\u00e9ctor Rodr\u00edguez\" \/>\n<meta name=\"twitter:card\" content=\"summary_large_image\" \/>\n<meta name=\"twitter:creator\" content=\"@RQuiote\" \/>\n<meta name=\"twitter:site\" content=\"@RQuiote\" \/>\n<meta name=\"twitter:label1\" content=\"Escrito por\" \/>\n\t<meta name=\"twitter:data1\" content=\"H\u00e9ctor Rodr\u00edguez\" \/>\n\t<meta name=\"twitter:label2\" content=\"Tiempo de lectura\" \/>\n\t<meta name=\"twitter:data2\" content=\"21 minutos\" \/>\n<script type=\"application\/ld+json\" class=\"yoast-schema-graph\">{\"@context\":\"https:\\\/\\\/schema.org\",\"@graph\":[{\"@type\":\"Article\",\"@id\":\"https:\\\/\\\/revistaquiote.org\\\/?p=2107#article\",\"isPartOf\":{\"@id\":\"https:\\\/\\\/revistaquiote.org\\\/?p=2107\"},\"author\":{\"name\":\"H\u00e9ctor Rodr\u00edguez\",\"@id\":\"https:\\\/\\\/revistaquiote.org\\\/#\\\/schema\\\/person\\\/15d0a2c5ecfb9690dd2485893b44d9e0\"},\"headline\":\"EL LOCALISMO Y SUS LIMITACIONES\",\"datePublished\":\"2024-12-16T13:07:13+00:00\",\"dateModified\":\"2025-04-29T19:07:40+00:00\",\"mainEntityOfPage\":{\"@id\":\"https:\\\/\\\/revistaquiote.org\\\/?p=2107\"},\"wordCount\":4237,\"commentCount\":0,\"publisher\":{\"@id\":\"https:\\\/\\\/revistaquiote.org\\\/#organization\"},\"image\":{\"@id\":\"https:\\\/\\\/revistaquiote.org\\\/?p=2107#primaryimage\"},\"thumbnailUrl\":\"https:\\\/\\\/revistaquiote.org\\\/wp-content\\\/uploads\\\/2024\\\/12\\\/Imagen-1-1-scaled.jpg\",\"keywords\":[\"Desarrollo rural\",\"H\u00e9ctor R de la Vega\",\"Localismo\",\"Teor\u00eda del valor\",\"Transferencia de plusval\u00eda\"],\"articleSection\":[\"N\u00daMERO TRES\"],\"inLanguage\":\"es\",\"potentialAction\":[{\"@type\":\"CommentAction\",\"name\":\"Comment\",\"target\":[\"https:\\\/\\\/revistaquiote.org\\\/?p=2107#respond\"]}]},{\"@type\":\"WebPage\",\"@id\":\"https:\\\/\\\/revistaquiote.org\\\/?p=2107\",\"url\":\"https:\\\/\\\/revistaquiote.org\\\/?p=2107\",\"name\":\"EL LOCALISMO Y SUS LIMITACIONES - REVISTA QUIOTE\",\"isPartOf\":{\"@id\":\"https:\\\/\\\/revistaquiote.org\\\/#website\"},\"primaryImageOfPage\":{\"@id\":\"https:\\\/\\\/revistaquiote.org\\\/?p=2107#primaryimage\"},\"image\":{\"@id\":\"https:\\\/\\\/revistaquiote.org\\\/?p=2107#primaryimage\"},\"thumbnailUrl\":\"https:\\\/\\\/revistaquiote.org\\\/wp-content\\\/uploads\\\/2024\\\/12\\\/Imagen-1-1-scaled.jpg\",\"datePublished\":\"2024-12-16T13:07:13+00:00\",\"dateModified\":\"2025-04-29T19:07:40+00:00\",\"breadcrumb\":{\"@id\":\"https:\\\/\\\/revistaquiote.org\\\/?p=2107#breadcrumb\"},\"inLanguage\":\"es\",\"potentialAction\":[{\"@type\":\"ReadAction\",\"target\":[\"https:\\\/\\\/revistaquiote.org\\\/?p=2107\"]}]},{\"@type\":\"ImageObject\",\"inLanguage\":\"es\",\"@id\":\"https:\\\/\\\/revistaquiote.org\\\/?p=2107#primaryimage\",\"url\":\"https:\\\/\\\/revistaquiote.org\\\/wp-content\\\/uploads\\\/2024\\\/12\\\/Imagen-1-1-scaled.jpg\",\"contentUrl\":\"https:\\\/\\\/revistaquiote.org\\\/wp-content\\\/uploads\\\/2024\\\/12\\\/Imagen-1-1-scaled.jpg\",\"width\":1659,\"height\":2560,\"caption\":\"Gabriel Cruz Zamudio \\\/ Tinta y acr\u00edlico sobre papel de algod\u00f3n \\\/ 2024.\"},{\"@type\":\"BreadcrumbList\",\"@id\":\"https:\\\/\\\/revistaquiote.org\\\/?p=2107#breadcrumb\",\"itemListElement\":[{\"@type\":\"ListItem\",\"position\":1,\"name\":\"Portada\",\"item\":\"https:\\\/\\\/revistaquiote.org\\\/\"},{\"@type\":\"ListItem\",\"position\":2,\"name\":\"EL LOCALISMO Y SUS LIMITACIONES\"}]},{\"@type\":\"WebSite\",\"@id\":\"https:\\\/\\\/revistaquiote.org\\\/#website\",\"url\":\"https:\\\/\\\/revistaquiote.org\\\/\",\"name\":\"REVISTA QUIOTE\",\"description\":\"N\u00daMERO SEIS\",\"publisher\":{\"@id\":\"https:\\\/\\\/revistaquiote.org\\\/#organization\"},\"potentialAction\":[{\"@type\":\"SearchAction\",\"target\":{\"@type\":\"EntryPoint\",\"urlTemplate\":\"https:\\\/\\\/revistaquiote.org\\\/?s={search_term_string}\"},\"query-input\":{\"@type\":\"PropertyValueSpecification\",\"valueRequired\":true,\"valueName\":\"search_term_string\"}}],\"inLanguage\":\"es\"},{\"@type\":\"Organization\",\"@id\":\"https:\\\/\\\/revistaquiote.org\\\/#organization\",\"name\":\"REVISTA QUIOTE\",\"url\":\"https:\\\/\\\/revistaquiote.org\\\/\",\"logo\":{\"@type\":\"ImageObject\",\"inLanguage\":\"es\",\"@id\":\"https:\\\/\\\/revistaquiote.org\\\/#\\\/schema\\\/logo\\\/image\\\/\",\"url\":\"https:\\\/\\\/revistaquiote.org\\\/wp-content\\\/uploads\\\/2023\\\/06\\\/Quiote-logo_01.png\",\"contentUrl\":\"https:\\\/\\\/revistaquiote.org\\\/wp-content\\\/uploads\\\/2023\\\/06\\\/Quiote-logo_01.png\",\"width\":1042,\"height\":417,\"caption\":\"REVISTA QUIOTE\"},\"image\":{\"@id\":\"https:\\\/\\\/revistaquiote.org\\\/#\\\/schema\\\/logo\\\/image\\\/\"},\"sameAs\":[\"https:\\\/\\\/www.facebook.com\\\/profile.php?id=61581285934903&rdid=NyTBdLDXXt5DTPla&share_url=httpswww.facebook.comshare16XQGGa34v#\",\"https:\\\/\\\/x.com\\\/RQuiote\",\"https:\\\/\\\/www.instagram.com\\\/revista.quiote\\\/\"]},{\"@type\":\"Person\",\"@id\":\"https:\\\/\\\/revistaquiote.org\\\/#\\\/schema\\\/person\\\/15d0a2c5ecfb9690dd2485893b44d9e0\",\"name\":\"H\u00e9ctor Rodr\u00edguez\",\"image\":{\"@type\":\"ImageObject\",\"inLanguage\":\"es\",\"@id\":\"https:\\\/\\\/secure.gravatar.com\\\/avatar\\\/3ef46d10618d6095e919ff0537e04d028722e49afe6058cbb37538d7153aee3e?s=96&d=mm&r=g2635489dbf9c418fb36d7e52555492bb\",\"url\":\"https:\\\/\\\/secure.gravatar.com\\\/avatar\\\/3ef46d10618d6095e919ff0537e04d028722e49afe6058cbb37538d7153aee3e?s=96&d=mm&r=g\",\"contentUrl\":\"https:\\\/\\\/secure.gravatar.com\\\/avatar\\\/3ef46d10618d6095e919ff0537e04d028722e49afe6058cbb37538d7153aee3e?s=96&d=mm&r=g\",\"caption\":\"H\u00e9ctor Rodr\u00edguez\"},\"url\":\"https:\\\/\\\/revistaquiote.org\\\/?author=3\"}]}<\/script>\n<!-- \/ Yoast SEO plugin. -->","yoast_head_json":{"title":"EL LOCALISMO Y SUS LIMITACIONES - REVISTA QUIOTE","robots":{"index":"index","follow":"follow","max-snippet":"max-snippet:-1","max-image-preview":"max-image-preview:large","max-video-preview":"max-video-preview:-1"},"canonical":"https:\/\/revistaquiote.org\/?p=2107","og_locale":"es_ES","og_type":"article","og_title":"EL LOCALISMO Y SUS LIMITACIONES - REVISTA QUIOTE","og_description":"Para muchas personas de nuestra generaci\u00f3n, lo local devino en la escala de acci\u00f3n desde d\u00f3nde construir un modelo civilizatorio, uno de escala razonable, con relaciones humanas de confianza, democracia directa y hasta pr\u00e1cticas amigables con el ambiente, para dar la verdadera lucha contra los cimientos del capitalismo. La idea es preciosa, pero tiene limitaciones que han pegado con tubo.","og_url":"https:\/\/revistaquiote.org\/?p=2107","og_site_name":"REVISTA QUIOTE","article_publisher":"https:\/\/www.facebook.com\/profile.php?id=61581285934903&rdid=NyTBdLDXXt5DTPla&share_url=httpswww.facebook.comshare16XQGGa34v#","article_published_time":"2024-12-16T13:07:13+00:00","article_modified_time":"2025-04-29T19:07:40+00:00","og_image":[{"width":1659,"height":2560,"url":"https:\/\/revistaquiote.org\/wp-content\/uploads\/2024\/12\/Imagen-1-1-scaled.jpg","type":"image\/jpeg"}],"author":"H\u00e9ctor Rodr\u00edguez","twitter_card":"summary_large_image","twitter_creator":"@RQuiote","twitter_site":"@RQuiote","twitter_misc":{"Escrito por":"H\u00e9ctor Rodr\u00edguez","Tiempo de lectura":"21 minutos"},"schema":{"@context":"https:\/\/schema.org","@graph":[{"@type":"Article","@id":"https:\/\/revistaquiote.org\/?p=2107#article","isPartOf":{"@id":"https:\/\/revistaquiote.org\/?p=2107"},"author":{"name":"H\u00e9ctor Rodr\u00edguez","@id":"https:\/\/revistaquiote.org\/#\/schema\/person\/15d0a2c5ecfb9690dd2485893b44d9e0"},"headline":"EL LOCALISMO Y SUS LIMITACIONES","datePublished":"2024-12-16T13:07:13+00:00","dateModified":"2025-04-29T19:07:40+00:00","mainEntityOfPage":{"@id":"https:\/\/revistaquiote.org\/?p=2107"},"wordCount":4237,"commentCount":0,"publisher":{"@id":"https:\/\/revistaquiote.org\/#organization"},"image":{"@id":"https:\/\/revistaquiote.org\/?p=2107#primaryimage"},"thumbnailUrl":"https:\/\/revistaquiote.org\/wp-content\/uploads\/2024\/12\/Imagen-1-1-scaled.jpg","keywords":["Desarrollo rural","H\u00e9ctor R de la Vega","Localismo","Teor\u00eda del valor","Transferencia de plusval\u00eda"],"articleSection":["N\u00daMERO TRES"],"inLanguage":"es","potentialAction":[{"@type":"CommentAction","name":"Comment","target":["https:\/\/revistaquiote.org\/?p=2107#respond"]}]},{"@type":"WebPage","@id":"https:\/\/revistaquiote.org\/?p=2107","url":"https:\/\/revistaquiote.org\/?p=2107","name":"EL LOCALISMO Y SUS LIMITACIONES - REVISTA QUIOTE","isPartOf":{"@id":"https:\/\/revistaquiote.org\/#website"},"primaryImageOfPage":{"@id":"https:\/\/revistaquiote.org\/?p=2107#primaryimage"},"image":{"@id":"https:\/\/revistaquiote.org\/?p=2107#primaryimage"},"thumbnailUrl":"https:\/\/revistaquiote.org\/wp-content\/uploads\/2024\/12\/Imagen-1-1-scaled.jpg","datePublished":"2024-12-16T13:07:13+00:00","dateModified":"2025-04-29T19:07:40+00:00","breadcrumb":{"@id":"https:\/\/revistaquiote.org\/?p=2107#breadcrumb"},"inLanguage":"es","potentialAction":[{"@type":"ReadAction","target":["https:\/\/revistaquiote.org\/?p=2107"]}]},{"@type":"ImageObject","inLanguage":"es","@id":"https:\/\/revistaquiote.org\/?p=2107#primaryimage","url":"https:\/\/revistaquiote.org\/wp-content\/uploads\/2024\/12\/Imagen-1-1-scaled.jpg","contentUrl":"https:\/\/revistaquiote.org\/wp-content\/uploads\/2024\/12\/Imagen-1-1-scaled.jpg","width":1659,"height":2560,"caption":"Gabriel Cruz Zamudio \/ Tinta y acr\u00edlico sobre papel de algod\u00f3n \/ 2024."},{"@type":"BreadcrumbList","@id":"https:\/\/revistaquiote.org\/?p=2107#breadcrumb","itemListElement":[{"@type":"ListItem","position":1,"name":"Portada","item":"https:\/\/revistaquiote.org\/"},{"@type":"ListItem","position":2,"name":"EL LOCALISMO Y SUS LIMITACIONES"}]},{"@type":"WebSite","@id":"https:\/\/revistaquiote.org\/#website","url":"https:\/\/revistaquiote.org\/","name":"REVISTA QUIOTE","description":"N\u00daMERO SEIS","publisher":{"@id":"https:\/\/revistaquiote.org\/#organization"},"potentialAction":[{"@type":"SearchAction","target":{"@type":"EntryPoint","urlTemplate":"https:\/\/revistaquiote.org\/?s={search_term_string}"},"query-input":{"@type":"PropertyValueSpecification","valueRequired":true,"valueName":"search_term_string"}}],"inLanguage":"es"},{"@type":"Organization","@id":"https:\/\/revistaquiote.org\/#organization","name":"REVISTA QUIOTE","url":"https:\/\/revistaquiote.org\/","logo":{"@type":"ImageObject","inLanguage":"es","@id":"https:\/\/revistaquiote.org\/#\/schema\/logo\/image\/","url":"https:\/\/revistaquiote.org\/wp-content\/uploads\/2023\/06\/Quiote-logo_01.png","contentUrl":"https:\/\/revistaquiote.org\/wp-content\/uploads\/2023\/06\/Quiote-logo_01.png","width":1042,"height":417,"caption":"REVISTA QUIOTE"},"image":{"@id":"https:\/\/revistaquiote.org\/#\/schema\/logo\/image\/"},"sameAs":["https:\/\/www.facebook.com\/profile.php?id=61581285934903&rdid=NyTBdLDXXt5DTPla&share_url=httpswww.facebook.comshare16XQGGa34v#","https:\/\/x.com\/RQuiote","https:\/\/www.instagram.com\/revista.quiote\/"]},{"@type":"Person","@id":"https:\/\/revistaquiote.org\/#\/schema\/person\/15d0a2c5ecfb9690dd2485893b44d9e0","name":"H\u00e9ctor Rodr\u00edguez","image":{"@type":"ImageObject","inLanguage":"es","@id":"https:\/\/secure.gravatar.com\/avatar\/3ef46d10618d6095e919ff0537e04d028722e49afe6058cbb37538d7153aee3e?s=96&d=mm&r=g2635489dbf9c418fb36d7e52555492bb","url":"https:\/\/secure.gravatar.com\/avatar\/3ef46d10618d6095e919ff0537e04d028722e49afe6058cbb37538d7153aee3e?s=96&d=mm&r=g","contentUrl":"https:\/\/secure.gravatar.com\/avatar\/3ef46d10618d6095e919ff0537e04d028722e49afe6058cbb37538d7153aee3e?s=96&d=mm&r=g","caption":"H\u00e9ctor Rodr\u00edguez"},"url":"https:\/\/revistaquiote.org\/?author=3"}]}},"jetpack_featured_media_url":"https:\/\/revistaquiote.org\/wp-content\/uploads\/2024\/12\/Imagen-1-1-scaled.jpg","jetpack_sharing_enabled":true,"authors":[{"term_id":79,"user_id":3,"is_guest":0,"slug":"hector_revistaweb","display_name":"H\u00e9ctor Rodr\u00edguez","avatar_url":"https:\/\/secure.gravatar.com\/avatar\/3ef46d10618d6095e919ff0537e04d028722e49afe6058cbb37538d7153aee3e?s=96&d=mm&r=g","0":null,"1":"","2":"","3":"","4":"","5":"","6":"","7":"","8":""}],"_links":{"self":[{"href":"https:\/\/revistaquiote.org\/index.php?rest_route=\/wp\/v2\/posts\/2107","targetHints":{"allow":["GET"]}}],"collection":[{"href":"https:\/\/revistaquiote.org\/index.php?rest_route=\/wp\/v2\/posts"}],"about":[{"href":"https:\/\/revistaquiote.org\/index.php?rest_route=\/wp\/v2\/types\/post"}],"author":[{"embeddable":true,"href":"https:\/\/revistaquiote.org\/index.php?rest_route=\/wp\/v2\/users\/3"}],"replies":[{"embeddable":true,"href":"https:\/\/revistaquiote.org\/index.php?rest_route=%2Fwp%2Fv2%2Fcomments&post=2107"}],"version-history":[{"count":7,"href":"https:\/\/revistaquiote.org\/index.php?rest_route=\/wp\/v2\/posts\/2107\/revisions"}],"predecessor-version":[{"id":2326,"href":"https:\/\/revistaquiote.org\/index.php?rest_route=\/wp\/v2\/posts\/2107\/revisions\/2326"}],"wp:featuredmedia":[{"embeddable":true,"href":"https:\/\/revistaquiote.org\/index.php?rest_route=\/wp\/v2\/media\/2125"}],"wp:attachment":[{"href":"https:\/\/revistaquiote.org\/index.php?rest_route=%2Fwp%2Fv2%2Fmedia&parent=2107"}],"wp:term":[{"taxonomy":"category","embeddable":true,"href":"https:\/\/revistaquiote.org\/index.php?rest_route=%2Fwp%2Fv2%2Fcategories&post=2107"},{"taxonomy":"post_tag","embeddable":true,"href":"https:\/\/revistaquiote.org\/index.php?rest_route=%2Fwp%2Fv2%2Ftags&post=2107"},{"taxonomy":"author","embeddable":true,"href":"https:\/\/revistaquiote.org\/index.php?rest_route=%2Fwp%2Fv2%2Fppma_author&post=2107"}],"curies":[{"name":"wp","href":"https:\/\/api.w.org\/{rel}","templated":true}]}}