{"id":2219,"date":"2025-05-02T00:02:25","date_gmt":"2025-05-02T00:02:25","guid":{"rendered":"https:\/\/revistaquiote.org\/?p=2219"},"modified":"2025-05-09T22:34:52","modified_gmt":"2025-05-09T22:34:52","slug":"pilares-seis-anos-de-transformacion","status":"publish","type":"post","link":"https:\/\/revistaquiote.org\/?p=2219","title":{"rendered":"PILARES, SEIS A\u00d1OS DE TRANSFORMACI\u00d3N"},"content":{"rendered":"<p>[et_pb_section fb_built=\u00bb1&#8243; _builder_version=\u00bb4.27.4&#8243; _module_preset=\u00bbdefault\u00bb global_colors_info=\u00bb{}\u00bb][et_pb_row _builder_version=\u00bb4.27.4&#8243; _module_preset=\u00bbdefault\u00bb global_colors_info=\u00bb{}\u00bb][et_pb_column type=\u00bb4_4&#8243; _builder_version=\u00bb4.27.4&#8243; _module_preset=\u00bbdefault\u00bb global_colors_info=\u00bb{}\u00bb][et_pb_image src=\u00bbhttps:\/\/revistaquiote.org\/wp-content\/uploads\/2025\/05\/IMG_3218.jpg\u00bb title_text=\u00bbScreenshot\u00bb _builder_version=\u00bb4.27.4&#8243; _module_preset=\u00bbdefault\u00bb global_colors_info=\u00bb{}\u00bb][\/et_pb_image][\/et_pb_column][\/et_pb_row][et_pb_row _builder_version=\u00bb4.27.4&#8243; _module_preset=\u00bbdefault\u00bb global_colors_info=\u00bb{}\u00bb][et_pb_column type=\u00bb4_4&#8243; _builder_version=\u00bb4.27.4&#8243; _module_preset=\u00bbdefault\u00bb global_colors_info=\u00bb{}\u00bb][et_pb_text _builder_version=\u00bb4.27.4&#8243; _module_preset=\u00bbdefault\u00bb global_colors_info=\u00bb{}\u00bb]<\/p>\n<p style=\"text-align: center;\"><strong>Para Coco, gracias por tu convicci\u00f3n<\/strong><\/p>\n<p>[\/et_pb_text][\/et_pb_column][\/et_pb_row][et_pb_row _builder_version=\u00bb4.27.4&#8243; _module_preset=\u00bbdefault\u00bb global_colors_info=\u00bb{}\u00bb][et_pb_column type=\u00bb4_4&#8243; _builder_version=\u00bb4.27.4&#8243; _module_preset=\u00bbdefault\u00bb global_colors_info=\u00bb{}\u00bb][et_pb_text _builder_version=\u00bb4.27.4&#8243; _module_preset=\u00bbdefault\u00bb global_colors_info=\u00bb{}\u00bb]<\/p>\n<p style=\"text-align: justify;\"><strong>Pilares es un claro ejemplo de que \u00ab<em>todo pasa y todo queda<\/em>\u00bb<\/strong>. Y como dec\u00eda el poeta, lo nuestro es pasar. Los programas, los espacios, los rostros y los objetivos ya no son los mismos que conoc\u00ed. Hoy podemos ver la evoluci\u00f3n natural de un proyecto que ha crecido junto con las comunidades de nuestra ciudad, adapt\u00e1ndose a la diversidad territorial y a sus din\u00e1micas, en una evoluci\u00f3n que busco destacar brevemente en este ensayo.<\/p>\n<p>[\/et_pb_text][\/et_pb_column][\/et_pb_row][et_pb_row column_structure=\u00bb1_2,1_2&#8243; _builder_version=\u00bb4.27.4&#8243; _module_preset=\u00bbdefault\u00bb custom_margin=\u00bb-30px|auto||auto||\u00bb global_colors_info=\u00bb{}\u00bb][et_pb_column type=\u00bb1_2&#8243; _builder_version=\u00bb4.27.4&#8243; _module_preset=\u00bbdefault\u00bb global_colors_info=\u00bb{}\u00bb][et_pb_text _builder_version=\u00bb4.27.4&#8243; _module_preset=\u00bbdefault\u00bb global_colors_info=\u00bb{}\u00bb]<\/p>\n<p style=\"text-align: justify;\"><span style=\"font-size: 11.0pt; font-family: 'Noto Sans',sans-serif;\">El 28 de enero de 2019, en la Ciudad de M\u00e9xico, nacieron los Pilares (Puntos de Innovaci\u00f3n, Libertad, Arte, Educaci\u00f3n y Saberes), con una misi\u00f3n clara: combatir las desigualdades sociales y mejorar las condiciones de vida en las colonias, los barrios y los pueblos originarios m\u00e1s marginados de la ciudad. Las zonas m\u00e1s afectadas por la violencia, la pobreza y la deserci\u00f3n escolar fueron el coraz\u00f3n de un esfuerzo gubernamental que buscaba cambiar la realidad a trav\u00e9s de la educaci\u00f3n, la cultura y la integraci\u00f3n social.<o:p><\/o:p><\/span><\/p>\n<p>[\/et_pb_text][\/et_pb_column][et_pb_column type=\u00bb1_2&#8243; _builder_version=\u00bb4.27.4&#8243; _module_preset=\u00bbdefault\u00bb global_colors_info=\u00bb{}\u00bb][et_pb_text _builder_version=\u00bb4.27.4&#8243; _module_preset=\u00bbdefault\u00bb global_colors_info=\u00bb{}\u00bb]<\/p>\n<p style=\"text-align: justify;\">Se plante\u00f3 la creaci\u00f3n de 300 Puntos distribuidos por toda la ciudad, para proporcionar \u00a0herramientas a las comunidades para que al hacer uso de ellas, lograran ser \u00a0protagonistas de su propio cambio. El enfoque especial hacia mujeres y j\u00f3venes de entre 15 y 29 a\u00f1os fue clave para dotarlos de las capacidades necesarias para so\u00f1ar en grande, aprender y actuar.<\/p>\n<p>[\/et_pb_text][\/et_pb_column][\/et_pb_row][et_pb_row _builder_version=\u00bb4.27.4&#8243; _module_preset=\u00bbdefault\u00bb global_colors_info=\u00bb{}\u00bb][et_pb_column type=\u00bb4_4&#8243; _builder_version=\u00bb4.27.4&#8243; _module_preset=\u00bbdefault\u00bb global_colors_info=\u00bb{}\u00bb][et_pb_image src=\u00bbhttps:\/\/revistaquiote.org\/wp-content\/uploads\/2025\/04\/1-scaled.jpg\u00bb title_text=\u00bb1&#8243; _builder_version=\u00bb4.27.4&#8243; _module_preset=\u00bbdefault\u00bb global_colors_info=\u00bb{}\u00bb][\/et_pb_image][et_pb_text _builder_version=\u00bb4.27.4&#8243; _module_preset=\u00bbdefault\u00bb text_font_size=\u00bb11px\u00bb global_colors_info=\u00bb{}\u00bb]<\/p>\n<p style=\"text-align: right;\"><span style=\"font-size: 11.0pt; font-family: 'Noto Sans','sans-serif';\">Grupo de j\u00f3venes tomando uno de los talleres gratuitos en el Pilares Frida Kahlo <o:p><\/o:p><\/span><\/p>\n<p>[\/et_pb_text][\/et_pb_column][\/et_pb_row][et_pb_row _builder_version=\u00bb4.27.4&#8243; _module_preset=\u00bbdefault\u00bb custom_padding=\u00bb0px|||||\u00bb global_colors_info=\u00bb{}\u00bb][et_pb_column type=\u00bb4_4&#8243; _builder_version=\u00bb4.27.4&#8243; _module_preset=\u00bbdefault\u00bb global_colors_info=\u00bb{}\u00bb][et_pb_text _builder_version=\u00bb4.27.4&#8243; _module_preset=\u00bbdefault\u00bb global_colors_info=\u00bb{}\u00bb]<\/p>\n<p style=\"text-align: justify;\"><strong>Antes todo esto era monte: de las Ciberescuelas al cambio de paradigma<\/strong><br \/>Aunque Pilares naci\u00f3 en 2019, sus ra\u00edces se encuentran en las Ciberescuelas, que comenzaron a operar en 2016 bajo la administraci\u00f3n de la Dra. Claudia Sheinbaum en la Delegaci\u00f3n Tlalpan con el programa social \u00abAsesor\u00edas Educativas presenciales y en l\u00ednea en Cibercentros de Aprendizaje con j\u00f3venes Tlalpan 2016\u00bb. \u00a0Para el a\u00f1o 2017, el programa social se llam\u00f3: \u00abCiberescuelas 2017\u00bb y tuvo como objetivo combatir el abandono y la exclusi\u00f3n del sistema educativo, asegurando el acceso a conocimientos y herramientas para el desarrollo personal a trav\u00e9s de asesor\u00edas educativas presenciales y a distancia, talleres de capacitaci\u00f3n art\u00edstica, oficios, habilidades digitales y ajedrez.<\/p>\n<p style=\"text-align: justify;\">Con la llegada de la Dra. Sheinbaum al gobierno de la Ciudad de M\u00e9xico en 2018, las Ciberescuelas evolucionaron y se transformaron en Pilares, con lo que se ampli\u00f3 su visi\u00f3n hacia un modelo integral que abarcaba educaci\u00f3n, desarrollo cultural, autonom\u00eda econ\u00f3mica y deporte. Este cambio se sum\u00f3 a la Estrategia 333, que ten\u00eda como objetivo mejorar las condiciones de vida y reducir la violencia en las colonias m\u00e1s vulnerables de la ciudad.<\/p>\n<p>[\/et_pb_text][\/et_pb_column][\/et_pb_row][et_pb_row _builder_version=\u00bb4.27.4&#8243; _module_preset=\u00bbdefault\u00bb global_colors_info=\u00bb{}\u00bb][et_pb_column type=\u00bb4_4&#8243; _builder_version=\u00bb4.27.4&#8243; _module_preset=\u00bbdefault\u00bb global_colors_info=\u00bb{}\u00bb][et_pb_image src=\u00bbhttps:\/\/revistaquiote.org\/wp-content\/uploads\/2025\/04\/2.-Parque-Abasolo.jpeg\u00bb title_text=\u00bb2. Parque Abasolo\u00bb _builder_version=\u00bb4.27.4&#8243; _module_preset=\u00bbdefault\u00bb global_colors_info=\u00bb{}\u00bb][\/et_pb_image][\/et_pb_column][\/et_pb_row][et_pb_row _builder_version=\u00bb4.27.4&#8243; _module_preset=\u00bbdefault\u00bb custom_margin=\u00bb-50px|auto||auto||\u00bb global_colors_info=\u00bb{}\u00bb][et_pb_column type=\u00bb4_4&#8243; _builder_version=\u00bb4.27.4&#8243; _module_preset=\u00bbdefault\u00bb global_colors_info=\u00bb{}\u00bb][et_pb_text _builder_version=\u00bb4.27.4&#8243; _module_preset=\u00bbdefault\u00bb text_font_size=\u00bb11px\u00bb global_colors_info=\u00bb{}\u00bb]<\/p>\n<p style=\"text-align: right;\">Pilares parque Abasolo, Buenavista, Cuauht\u00e9moc<\/p>\n<p>[\/et_pb_text][\/et_pb_column][\/et_pb_row][et_pb_row column_structure=\u00bb1_2,1_2&#8243; _builder_version=\u00bb4.27.4&#8243; _module_preset=\u00bbdefault\u00bb custom_padding=\u00bb0px|||||\u00bb global_colors_info=\u00bb{}\u00bb][et_pb_column type=\u00bb1_2&#8243; _builder_version=\u00bb4.27.4&#8243; _module_preset=\u00bbdefault\u00bb global_colors_info=\u00bb{}\u00bb][et_pb_text _builder_version=\u00bb4.27.4&#8243; _module_preset=\u00bbdefault\u00bb global_colors_info=\u00bb{}\u00bb]<\/p>\n<p style=\"text-align: justify;\">Pilares se insertaba en la parte de desarrollo social, pero iba mucho m\u00e1s all\u00e1, porque la transformaci\u00f3n va m\u00e1s all\u00e1 de indicadores, normas y reglas; se trataba de \u00abtejer fino\u00bb desde las entra\u00f1as de los pueblos, los barrios y las colonias, la m\u00edstica era casi po\u00e9tica: \u00abEn la calle, codo a codo, somos mucho m\u00e1s que dos\u00bb.\u00a0 Y as\u00ed, recorriendo calles y avenidas se invit\u00f3 a las personas a conocer a los Puntos de Innovaci\u00f3n:<\/p>\n<p>[\/et_pb_text][\/et_pb_column][et_pb_column type=\u00bb1_2&#8243; _builder_version=\u00bb4.27.4&#8243; _module_preset=\u00bbdefault\u00bb global_colors_info=\u00bb{}\u00bb][et_pb_text _builder_version=\u00bb4.27.4&#8243; _module_preset=\u00bbdefault\u00bb global_colors_info=\u00bb{}\u00bb]<\/p>\n<p style=\"text-align: justify;\"><span style=\"font-size: 11.0pt; font-family: 'Noto Sans',sans-serif;\">\u00bfNecesitas apoyo para las matem\u00e1ticas? \u00bfQuieres aprender plomer\u00eda? \u00bfTe interesa aprender Java? \u00bfQuieres trabajar en tus emociones? \u00bfTe gustar\u00eda aprender n\u00e1huatl? \u00bfQuieres aprender a cultivar tus propios vegetales? \u00bfTe gusta la cartoner\u00eda? \u00bfQuieres hacer zumba? \u00bfQuieres aprender lengua de se\u00f1as? \u00a1Ven a Pilares!<o:p><\/o:p><\/span><\/p>\n<p>[\/et_pb_text][\/et_pb_column][\/et_pb_row][et_pb_row _builder_version=\u00bb4.27.4&#8243; _module_preset=\u00bbdefault\u00bb min_height=\u00bb340.2px\u00bb custom_margin=\u00bb-45px|auto||auto||\u00bb custom_padding=\u00bb78px|||||\u00bb global_colors_info=\u00bb{}\u00bb][et_pb_column type=\u00bb4_4&#8243; _builder_version=\u00bb4.27.4&#8243; _module_preset=\u00bbdefault\u00bb global_colors_info=\u00bb{}\u00bb][et_pb_text _builder_version=\u00bb4.27.4&#8243; _module_preset=\u00bbdefault\u00bb global_colors_info=\u00bb{}\u00bb]<\/p>\n<p style=\"text-align: justify;\"><strong>Mi t\u00e1ctica es hablarte y escucharte\u2026 la Estrategia 333 y su impacto social<\/strong><br \/>La Estrategia 333, en su conjunto, ten\u00eda como objetivo garantizar un entorno m\u00e1s seguro, inclusivo y justo para las personas que viven en las zonas m\u00e1s afectadas por la desigualdad. Dicho programa se enfocaba en tres \u00e1reas principales:<\/p>\n<ol>\n<li style=\"text-align: justify;\">Seguridad Integral: prevenci\u00f3n de delitos y mejora de las condiciones sociales en zonas con altos \u00edndices de delincuencia.<\/li>\n<li style=\"text-align: justify;\">Desarrollo Social: programas educativos y culturales para promover la inclusi\u00f3n social y mejorar la calidad de vida.<\/li>\n<li style=\"text-align: justify;\">Atenci\u00f3n Integral a las Comunidades: fomentar la colaboraci\u00f3n entre autoridades y ciudadan\u00eda para solucionar problemas de manera conjunta.<\/li>\n<\/ol>\n<p>[\/et_pb_text][\/et_pb_column][\/et_pb_row][et_pb_row _builder_version=\u00bb4.27.4&#8243; _module_preset=\u00bbdefault\u00bb global_colors_info=\u00bb{}\u00bb][et_pb_column type=\u00bb4_4&#8243; _builder_version=\u00bb4.27.4&#8243; _module_preset=\u00bbdefault\u00bb global_colors_info=\u00bb{}\u00bb][et_pb_image src=\u00bbhttps:\/\/revistaquiote.org\/wp-content\/uploads\/2025\/04\/3.jpg\u00bb title_text=\u00bbFolleto_333 colonias, pueblos y barrios_03&#8243; _builder_version=\u00bb4.27.4&#8243; _module_preset=\u00bbdefault\u00bb global_colors_info=\u00bb{}\u00bb][\/et_pb_image][et_pb_text _builder_version=\u00bb4.27.4&#8243; _module_preset=\u00bbdefault\u00bb text_font_size=\u00bb11px\u00bb global_colors_info=\u00bb{}\u00bb]<\/p>\n<p style=\"text-align: right;\">Portada de folleto Bienestar en 333 colonias prioritarias. Gobierno de la Ciudad de M\u00e9xico, 2023.<\/p>\n<p>[\/et_pb_text][\/et_pb_column][\/et_pb_row][et_pb_row _builder_version=\u00bb4.27.4&#8243; _module_preset=\u00bbdefault\u00bb global_colors_info=\u00bb{}\u00bb][et_pb_column type=\u00bb4_4&#8243; _builder_version=\u00bb4.27.4&#8243; _module_preset=\u00bbdefault\u00bb global_colors_info=\u00bb{}\u00bb][et_pb_text _builder_version=\u00bb4.27.4&#8243; _module_preset=\u00bbdefault\u00bb global_colors_info=\u00bb{}\u00bb]<\/p>\n<p style=\"text-align: justify;\"><span style=\"font-size: 11.0pt; font-family: 'Noto Sans',sans-serif;\">\u00bfQu\u00e9 si est\u00e1bamos innovando? \u00a1Por supuesto que s\u00ed! Todas las actividades y talleres se establecieron en cada espacio de acuerdo con las necesidades de la comunidad, porque tan diversa es nuestra ciudad como lo son las necesidades de sus habitantes. Pero el prop\u00f3sito siempre fue claro: integrar a las comunidades y dotarlas de las herramientas necesarias para la inclusi\u00f3n social, creando espacios en los que todas y todos tuvieran voz, acceso a sus derechos y un lugar al que pertenecer.<o:p><\/o:p><\/span><\/p>\n<p style=\"text-align: justify;\"><span style=\"font-size: 11.0pt; font-family: 'Noto Sans',sans-serif;\">Lo que distingue a Pilares de otros programas sociales es su enfoque de participaci\u00f3n activa de las comunidades, su valor radica en la capacidad para involucrar a las personas en la toma de decisiones y en la ejecuci\u00f3n de los proyectos. Desde su inicio, se apost\u00f3 a la idea de que las comunidades sean protagonistas en la b\u00fasqueda de soluciones a los problemas que las afectan. Este enfoque ha fortalecido el tejido social y ha permitido que las y los ciudadanos se sientan parte de un proyecto colectivo, en el que sus necesidades son atendidas de manera directa y eficaz.<o:p><\/o:p><\/span><\/p>\n<p style=\"text-align: justify;\"><span style=\"font-size: 11.0pt; font-family: 'Noto Sans',sans-serif;\">Este modelo de gobernanza territorializada contribuye a la cohesi\u00f3n social, creando un ambiente donde las personas interact\u00faan y son clave en el proceso de cambio social.<o:p><\/o:p><\/span><\/p>\n<p>[\/et_pb_text][\/et_pb_column][\/et_pb_row][et_pb_row _builder_version=\u00bb4.27.4&#8243; _module_preset=\u00bbdefault\u00bb global_colors_info=\u00bb{}\u00bb][et_pb_column type=\u00bb4_4&#8243; _builder_version=\u00bb4.27.4&#8243; _module_preset=\u00bbdefault\u00bb global_colors_info=\u00bb{}\u00bb][et_pb_text _builder_version=\u00bb4.27.4&#8243; _module_preset=\u00bbdefault\u00bb global_colors_info=\u00bb{}\u00bb]<\/p>\n<p style=\"text-align: justify;\"><strong>Adaptabilidad e innovaci\u00f3n durante la pandemia: el combo inesperado<\/strong><br \/>Uno de los logros m\u00e1s notables de Pilares ha sido su capacidad para adaptarse a los desaf\u00edos, como lo demostr\u00f3 su respuesta a la pandemia de COVID-19. Ante el cierre de los centros y la suspensi\u00f3n de actividades presenciales, los espacios se reinventaron \u00a0con iniciativas como Pilares en L\u00ednea, que permiti\u00f3 seguir ofreciendo cursos y talleres virtuales. Tambi\u00e9n naci\u00f3 el programa televisivo <em>Ciudad M\u00f3vil<\/em>, una producci\u00f3n que mantuvo la presencia de los programas sociales en la vida colectiva, alcanzando a miles de personas durante el confinamiento. Si quieres conocer todos los detalles de c\u00f3mo Pilares enfrent\u00f3 ese reto, \u00e9chale un ojo al n\u00famero 2 de esta revista, donde ya les cont\u00e9 la historia completa. \u00a1No te quedes con la duda!<\/p>\n<p>[\/et_pb_text][\/et_pb_column][\/et_pb_row][et_pb_row _builder_version=\u00bb4.27.4&#8243; _module_preset=\u00bbdefault\u00bb global_colors_info=\u00bb{}\u00bb][et_pb_column type=\u00bb4_4&#8243; _builder_version=\u00bb4.27.4&#8243; _module_preset=\u00bbdefault\u00bb global_colors_info=\u00bb{}\u00bb][et_pb_text _builder_version=\u00bb4.27.4&#8243; _module_preset=\u00bbdefault\u00bb global_colors_info=\u00bb{}\u00bb]<\/p>\n<p style=\"text-align: justify;\"><strong>PILARES y los medios comunitarios: Ciudad M\u00f3vil <\/strong><br \/>La televisi\u00f3n comunitaria se ha consolidado como una herramienta clave para la construcci\u00f3n de comunidad. Durante la pandemia, cuando era preciso acompa\u00f1ar, comunicar y estar presentes, se busc\u00f3 ofrecer un espacio para amplificar las voces locales. En este contexto surgi\u00f3 <em>Ciudad M\u00f3vil<\/em>, una co-producci\u00f3n entre Capital 21 y Pilares, un programa de revista cultural, educativo, diverso e inclusivo que emergi\u00f3 como una respuesta innovadora a la crisis sanitaria. A trav\u00e9s de un formato de televisi\u00f3n comunitaria, se busc\u00f3 mantener la conexi\u00f3n entre las personas, adapt\u00e1ndose a las circunstancias, y reflejando creatividad y frescura en la televisi\u00f3n p\u00fablica. El programa mostraba la realidad de su audiencia: sus historias, sus luchas y sus sue\u00f1os, se convirti\u00f3 en una ventana que permiti\u00f3 mantener el contacto en tiempos de distanciamiento social.<\/p>\n<p>[\/et_pb_text][et_pb_image src=\u00bbhttps:\/\/revistaquiote.org\/wp-content\/uploads\/2025\/04\/5.jpg\u00bb title_text=\u00bb5&#8243; align=\u00bbcenter\u00bb _builder_version=\u00bb4.27.4&#8243; _module_preset=\u00bbdefault\u00bb global_colors_info=\u00bb{}\u00bb][\/et_pb_image][\/et_pb_column][\/et_pb_row][et_pb_row _builder_version=\u00bb4.27.4&#8243; _module_preset=\u00bbdefault\u00bb custom_padding=\u00bb1px|||||\u00bb global_colors_info=\u00bb{}\u00bb][et_pb_column type=\u00bb4_4&#8243; _builder_version=\u00bb4.27.4&#8243; _module_preset=\u00bbdefault\u00bb global_colors_info=\u00bb{}\u00bb][et_pb_text _builder_version=\u00bb4.27.4&#8243; _module_preset=\u00bbdefault\u00bb text_font_size=\u00bb11px\u00bb min_height=\u00bb33.8px\u00bb global_colors_info=\u00bb{}\u00bb]<\/p>\n<p style=\"text-align: right;\">Imagen de presentaci\u00f3n del programa <em>Ciudad m\u00f3vil. <\/em>Capital 21, 2021.<\/p>\n<p>[\/et_pb_text][\/et_pb_column][\/et_pb_row][et_pb_row column_structure=\u00bb1_2,1_2&#8243; _builder_version=\u00bb4.27.4&#8243; _module_preset=\u00bbdefault\u00bb custom_margin=\u00bb-39px|auto||auto||\u00bb global_colors_info=\u00bb{}\u00bb][et_pb_column type=\u00bb1_2&#8243; _builder_version=\u00bb4.27.4&#8243; _module_preset=\u00bbdefault\u00bb global_colors_info=\u00bb{}\u00bb][et_pb_text _builder_version=\u00bb4.27.4&#8243; _module_preset=\u00bbdefault\u00bb global_colors_info=\u00bb{}\u00bb]<\/p>\n<p style=\"text-align: justify;\">El enfoque del programa era claro: combinar conocimiento y creatividad. La narrativa adoptada en se centr\u00f3 en los saberes compartidos en los Pilares, abarcando desde lo pr\u00e1ctico hasta la ciencia, la tecnolog\u00eda, las habilidades emocionales, cognitivas y digitales. Con la finalidad de visibilizar los conocimientos y las historias de las personas, se destac\u00f3 la vida cotidiana de las y los ciudadanos, presentando sus vivencias m\u00e1s cercanas. Ciudad M\u00f3vil emple\u00f3 un lenguaje inclusivo y accesible, pensado especialmente para conectar con audiencias diversas, incluidas aquellas que no contaban con acceso a internet, lo que permiti\u00f3 que se sintieran parte activa de una comunidad resiliente.<\/p>\n<p>[\/et_pb_text][\/et_pb_column][et_pb_column type=\u00bb1_2&#8243; _builder_version=\u00bb4.27.4&#8243; _module_preset=\u00bbdefault\u00bb global_colors_info=\u00bb{}\u00bb][et_pb_text _builder_version=\u00bb4.27.4&#8243; _module_preset=\u00bbdefault\u00bb global_colors_info=\u00bb{}\u00bb]<\/p>\n<p style=\"text-align: justify;\">Transmitido por la televisi\u00f3n p\u00fablica, a trav\u00e9s de Capital 21, <em>Ciudad M\u00f3vil<\/em> fue posible gracias al trabajo colaborativo entre docentes, talleristas y usuarios, con quienes se grabaron m\u00e1s de 120 c\u00e1psulas educativas y culturales. Cada una representaba no s\u00f3lo una historia, sino una oportunidad de aprendizaje y conexi\u00f3n, con el entorno, con la comunidad y con la diversidad, todo acorde a las necesidades, talentos e intereses de cada persona. \u00a0<\/p>\n<p style=\"text-align: justify;\">Los contenidos abordaron desde habilidades pr\u00e1cticas hasta ciencia, tecnolog\u00eda, arte y m\u00e1s, y fueron concebidos para ser accesibles, inclusivos y educativos. As\u00ed, <em>Ciudad M\u00f3vil<\/em> no solo facilit\u00f3 el acceso a educaci\u00f3n, arte y\u00a0 cultura, sino que tambi\u00e9n uni\u00f3 a las personas, les brind\u00f3 esperanza y fortaleci\u00f3 su sentido de pertenencia.<\/p>\n<p>[\/et_pb_text][\/et_pb_column][\/et_pb_row][et_pb_row _builder_version=\u00bb4.27.4&#8243; _module_preset=\u00bbdefault\u00bb global_colors_info=\u00bb{}\u00bb][et_pb_column type=\u00bb4_4&#8243; _builder_version=\u00bb4.27.4&#8243; _module_preset=\u00bbdefault\u00bb global_colors_info=\u00bb{}\u00bb][et_pb_text _builder_version=\u00bb4.27.4&#8243; _module_preset=\u00bbdefault\u00bb global_colors_info=\u00bb{}\u00bb]<\/p>\n<p style=\"text-align: justify;\">Una de las principales particularidades de\u00a0<em>Ciudad M\u00f3vil<\/em>\u00a0es que sus participantes (conductores, talleristas, docentes, camar\u00f3grafos), no eran especialistas en producci\u00f3n, sin embargo hubo un proceso de acompa\u00f1amiento para el desarrollo de habilidades audiovisuales, como muestra pura de que est\u00e1bamos frente a un ejercicio de televisi\u00f3n comunitaria, la cual demostr\u00f3 el poder de los medios para generar inclusi\u00f3n social y cohesi\u00f3n. Gracias a su capacidad de ofrecer contenidos que reflejaran las realidades locales y de dar voz a las comunidades, <em>Ciudad M\u00f3vil<\/em> se consolid\u00f3 como un referente de c\u00f3mo los medios pueden ser una herramienta fundamental para la participaci\u00f3n activa y la transformaci\u00f3n social.<\/p>\n<p style=\"text-align: justify;\">Si lo que le gana es la curiosidad, puede buscar los programas en la red social Facebook bajo los t\u00edtulos \u201cSigue el gran estreno de Ciudad m\u00f3vil\u201d o \u201cDisfruta del segundo cap\u00edtulo de Ciudad m\u00f3vil\u201d, por ejemplo.<\/p>\n<p>[\/et_pb_text][\/et_pb_column][\/et_pb_row][et_pb_row _builder_version=\u00bb4.27.4&#8243; _module_preset=\u00bbdefault\u00bb global_colors_info=\u00bb{}\u00bb][et_pb_column type=\u00bb4_4&#8243; _builder_version=\u00bb4.27.4&#8243; _module_preset=\u00bbdefault\u00bb global_colors_info=\u00bb{}\u00bb][et_pb_image src=\u00bbhttps:\/\/revistaquiote.org\/wp-content\/uploads\/2025\/04\/6.jpg\u00bb title_text=\u00bb6&#8243; _builder_version=\u00bb4.27.4&#8243; _module_preset=\u00bbdefault\u00bb global_colors_info=\u00bb{}\u00bb][\/et_pb_image][\/et_pb_column][\/et_pb_row][et_pb_row _builder_version=\u00bb4.27.4&#8243; _module_preset=\u00bbdefault\u00bb global_colors_info=\u00bb{}\u00bb][et_pb_column type=\u00bb4_4&#8243; _builder_version=\u00bb4.27.4&#8243; _module_preset=\u00bbdefault\u00bb global_colors_info=\u00bb{}\u00bb][et_pb_text _builder_version=\u00bb4.27.4&#8243; _module_preset=\u00bbdefault\u00bb text_font_size=\u00bb11px\u00bb global_colors_info=\u00bb{}\u00bb]<\/p>\n<p style=\"text-align: right;\">Asisten m\u00e1s de 60 mil personas al Festival Pilares 2023 en el Monumento a la Revoluci\u00f3n. Gobierno de la Ciudad de M\u00e9xico.<\/p>\n<p>[\/et_pb_text][\/et_pb_column][\/et_pb_row][et_pb_row _builder_version=\u00bb4.27.4&#8243; _module_preset=\u00bbdefault\u00bb min_height=\u00bb302.4px\u00bb custom_padding=\u00bb1px|||||\u00bb global_colors_info=\u00bb{}\u00bb][et_pb_column type=\u00bb4_4&#8243; _builder_version=\u00bb4.27.4&#8243; _module_preset=\u00bbdefault\u00bb global_colors_info=\u00bb{}\u00bb][et_pb_text _builder_version=\u00bb4.27.4&#8243; _module_preset=\u00bbdefault\u00bb global_colors_info=\u00bb{}\u00bb]<\/p>\n<p style=\"text-align: justify;\"><strong>Ya con esta me despido<\/strong><\/p>\n<p style=\"text-align: justify;\">Mencionaba los inevitables cambios que experimentan las instituciones, entre los cuales se incluye tambi\u00e9n el relevo en sus liderazgos. Fue precisamente en este contexto donde se dio el adi\u00f3s a <em>Ciudad M\u00f3vil<\/em>. La segunda temporada, con contenidos, protagonistas e historias ya preparados, qued\u00f3 \u00aben el tintero\u00bb.<\/p>\n<p style=\"text-align: justify;\">Uno de los grandes desaf\u00edos que enfrentan las instituciones p\u00fablicas es depender de la visi\u00f3n, las capacidades e interpretaciones de las personas que las lideran; esa delgada l\u00ednea entre mantener el rumbo, quedar a la deriva o trazar una nueva ruta.<\/p>\n<p>[\/et_pb_text][\/et_pb_column][\/et_pb_row][et_pb_row column_structure=\u00bb1_2,1_2&#8243; _builder_version=\u00bb4.27.4&#8243; _module_preset=\u00bbdefault\u00bb custom_margin=\u00bb-89px|auto||auto||\u00bb global_colors_info=\u00bb{}\u00bb][et_pb_column type=\u00bb1_2&#8243; _builder_version=\u00bb4.27.4&#8243; _module_preset=\u00bbdefault\u00bb global_colors_info=\u00bb{}\u00bb][et_pb_text _builder_version=\u00bb4.27.4&#8243; _module_preset=\u00bbdefault\u00bb global_colors_info=\u00bb{}\u00bb]<\/p>\n<p style=\"text-align: justify;\">El 1 de agosto de 2023, los Pilares se consolidaron como subsistema educativo, lo que signific\u00f3 la formalizaci\u00f3n y el reconocimiento de las actividades que ofrecen. Este cambio tambi\u00e9n trajo consigo la incorporaci\u00f3n de recursos y pol\u00edticas dise\u00f1adas para garantizar la continuidad de los programas, alej\u00e1ndolos del vaiv\u00e9n que da la incertidumbre y, lo m\u00e1s importante, enfoc\u00e1ndose en lo que les dio origen: acercar los derechos sociales a todas las personas.<\/p>\n<p>[\/et_pb_text][\/et_pb_column][et_pb_column type=\u00bb1_2&#8243; _builder_version=\u00bb4.27.4&#8243; _module_preset=\u00bbdefault\u00bb global_colors_info=\u00bb{}\u00bb][et_pb_text _builder_version=\u00bb4.27.4&#8243; _module_preset=\u00bbdefault\u00bb global_colors_info=\u00bb{}\u00bb]<\/p>\n<p style=\"text-align: justify;\">En un mundo donde las brechas sociales siguen marcando el acceso a derechos humanos, los programas sociales se erigen como una herramienta fundamental para reconstruir un tejido social m\u00e1s justo y solidario. M\u00e1s all\u00e1 de cifras y estad\u00edsticas, estos espacios representan la posibilidad real de transformar vidas, acercando educaci\u00f3n, cultura y bienestar a quienes m\u00e1s lo necesitan.<\/p>\n<p>[\/et_pb_text][\/et_pb_column][\/et_pb_row][et_pb_row _builder_version=\u00bb4.27.4&#8243; _module_preset=\u00bbdefault\u00bb min_height=\u00bb1135.7px\u00bb custom_margin=\u00bb|auto|-50px|auto||\u00bb custom_padding=\u00bb0px|||||\u00bb global_colors_info=\u00bb{}\u00bb][et_pb_column type=\u00bb4_4&#8243; _builder_version=\u00bb4.27.4&#8243; _module_preset=\u00bbdefault\u00bb global_colors_info=\u00bb{}\u00bb][et_pb_image src=\u00bbhttps:\/\/revistaquiote.org\/wp-content\/uploads\/2025\/04\/4-scaled.jpg\u00bb title_text=\u00bb4&#8243; _builder_version=\u00bb4.27.4&#8243; _module_preset=\u00bbdefault\u00bb global_colors_info=\u00bb{}\u00bb][\/et_pb_image][et_pb_text _builder_version=\u00bb4.27.4&#8243; _module_preset=\u00bbdefault\u00bb text_font_size=\u00bb11px\u00bb custom_padding=\u00bb||33px|||\u00bb global_colors_info=\u00bb{}\u00bb]<\/p>\n<p style=\"text-align: right;\">Volante Pilares. Gobierno de la Ciudad de M\u00e9xico, 2023.<\/p>\n<p>[\/et_pb_text][\/et_pb_column][\/et_pb_row][et_pb_row _builder_version=\u00bb4.27.4&#8243; _module_preset=\u00bbdefault\u00bb custom_padding=\u00bb0px|||||\u00bb global_colors_info=\u00bb{}\u00bb][et_pb_column type=\u00bb4_4&#8243; _builder_version=\u00bb4.27.4&#8243; _module_preset=\u00bbdefault\u00bb global_colors_info=\u00bb{}\u00bb][et_pb_text _builder_version=\u00bb4.27.4&#8243; _module_preset=\u00bbdefault\u00bb global_colors_info=\u00bb{}\u00bb]<\/p>\n<p style=\"text-align: justify;\">Sin embargo, el verdadero coraz\u00f3n de estos programas no est\u00e1 s\u00f3lo en las pol\u00edticas que los sostienen, sino en las personas que, con vocaci\u00f3n y compromiso, hacen que funcionen d\u00eda a d\u00eda. En Pilares hay quienes, a pesar de la adversidad, siguen apostando por la labor comunitaria con una convicci\u00f3n inquebrantable, como un acto de resistencia y esperanza, una apuesta por el futuro de sus comunidades.<\/p>\n<p style=\"text-align: justify;\">Reconocer la importancia de los programas sociales es tambi\u00e9n reconocer el valor de estas personas, porque sin su entrega y compromiso, estos espacios perder\u00edan su esencia. Apostar por su fortalecimiento es, en \u00faltima instancia, apostar por una sociedad m\u00e1s equitativa y humana, la que la esperanza no sea un privilegio, sino un derecho para todas las personas.<\/p>\n<p style=\"text-align: justify;\">En la medida en que los Pilares sean una parte esencial de la infraestructura social de la Ciudad de M\u00e9xico, surgir\u00e1n nuevas oportunidades para fortalecer los cimientos sobre los que se edifican estos programas. Sin embargo, a\u00fan hay pendientes por perfeccionar y dignificar la labor y el pleno reconocimiento de las personas que d\u00eda a d\u00eda contribuyen a su \u00e9xito. Es un proceso que, sin duda, debe y est\u00e1 llamado a evolucionar. Con una visi\u00f3n congruente y renovada, se fortalecer\u00edan tanto los derechos de quienes lo integran como la continuidad y calidad de los programas que siguen transformando realidades.<\/p>\n<p>[\/et_pb_text][\/et_pb_column][\/et_pb_row][et_pb_row _builder_version=\u00bb4.27.4&#8243; _module_preset=\u00bbdefault\u00bb global_colors_info=\u00bb{}\u00bb][et_pb_column type=\u00bb4_4&#8243; _builder_version=\u00bb4.27.4&#8243; _module_preset=\u00bbdefault\u00bb global_colors_info=\u00bb{}\u00bb][et_pb_image src=\u00bbhttps:\/\/revistaquiote.org\/wp-content\/uploads\/2025\/04\/7.jpg\u00bb title_text=\u00bb7&#8243; _builder_version=\u00bb4.27.4&#8243; _module_preset=\u00bbdefault\u00bb global_colors_info=\u00bb{}\u00bb][\/et_pb_image][et_pb_text _builder_version=\u00bb4.27.4&#8243; _module_preset=\u00bbdefault\u00bb text_font_size=\u00bb11px\u00bb global_colors_info=\u00bb{}\u00bb]<\/p>\n<p style=\"text-align: right;\">Actividades deportivas del programa <em>Ponte pila<\/em> que se llevan a cabo en los Pilares y en espacios p\u00fablicos. Gobierno de la Ciudad de M\u00e9xico.<\/p>\n<p>[\/et_pb_text][\/et_pb_column][\/et_pb_row][\/et_pb_section]<\/p>\n","protected":false},"excerpt":{"rendered":"<p>Para Coco, gracias por tu convicci\u00f3nPilares es un claro ejemplo de que \u00abtodo pasa y todo queda\u00bb. Y como dec\u00eda el poeta, lo nuestro es pasar. Los programas, los espacios, los rostros y los objetivos ya no son los mismos que conoc\u00ed. Hoy podemos ver la evoluci\u00f3n natural de un proyecto que ha crecido junto [&hellip;]<\/p>\n","protected":false},"author":5,"featured_media":2227,"comment_status":"open","ping_status":"closed","sticky":false,"template":"","format":"standard","meta":{"_et_pb_use_builder":"on","_et_pb_old_content":"","_et_gb_content_width":"","_jetpack_memberships_contains_paid_content":false,"footnotes":""},"categories":[226],"tags":[225,165,167,164,223,224],"ppma_author":[108],"class_list":["post-2219","post","type-post","status-publish","format-standard","has-post-thumbnail","hentry","category-numero-cuatro","tag-ciberescuelas","tag-educacion-comunitaria","tag-pandemia","tag-pilares","tag-programas-sociales","tag-television-comunitaria"],"yoast_head":"<!-- This site is optimized with the Yoast SEO plugin v27.3 - https:\/\/yoast.com\/product\/yoast-seo-wordpress\/ -->\n<title>PILARES, SEIS A\u00d1OS DE TRANSFORMACI\u00d3N - REVISTA QUIOTE<\/title>\n<meta name=\"robots\" content=\"index, follow, max-snippet:-1, max-image-preview:large, max-video-preview:-1\" \/>\n<link rel=\"canonical\" href=\"https:\/\/revistaquiote.org\/?p=2219\" \/>\n<meta property=\"og:locale\" content=\"es_ES\" \/>\n<meta property=\"og:type\" content=\"article\" \/>\n<meta property=\"og:title\" content=\"PILARES, SEIS A\u00d1OS DE TRANSFORMACI\u00d3N - REVISTA QUIOTE\" \/>\n<meta property=\"og:description\" content=\"Para Coco, gracias por tu convicci\u00f3nPilares es un claro ejemplo de que \u00abtodo pasa y todo queda\u00bb. Y como dec\u00eda el poeta, lo nuestro es pasar. Los programas, los espacios, los rostros y los objetivos ya no son los mismos que conoc\u00ed. Hoy podemos ver la evoluci\u00f3n natural de un proyecto que ha crecido junto [&hellip;]\" \/>\n<meta property=\"og:url\" content=\"https:\/\/revistaquiote.org\/?p=2219\" \/>\n<meta property=\"og:site_name\" content=\"REVISTA QUIOTE\" \/>\n<meta property=\"article:publisher\" content=\"https:\/\/www.facebook.com\/profile.php?id=61581285934903&amp;rdid=NyTBdLDXXt5DTPla&amp;share_url=httpswww.facebook.comshare16XQGGa34v#\" \/>\n<meta property=\"article:published_time\" content=\"2025-05-02T00:02:25+00:00\" \/>\n<meta property=\"article:modified_time\" content=\"2025-05-09T22:34:52+00:00\" \/>\n<meta property=\"og:image\" content=\"https:\/\/revistaquiote.org\/wp-content\/uploads\/2025\/04\/5.jpg\" \/>\n\t<meta property=\"og:image:width\" content=\"640\" \/>\n\t<meta property=\"og:image:height\" content=\"360\" \/>\n\t<meta property=\"og:image:type\" content=\"image\/jpeg\" \/>\n<meta name=\"author\" content=\"Adriana Cano\" \/>\n<meta name=\"twitter:card\" content=\"summary_large_image\" \/>\n<meta name=\"twitter:creator\" content=\"@RQuiote\" \/>\n<meta name=\"twitter:site\" content=\"@RQuiote\" \/>\n<meta name=\"twitter:label1\" content=\"Escrito por\" \/>\n\t<meta name=\"twitter:data1\" content=\"Adriana Cano\" \/>\n\t<meta name=\"twitter:label2\" content=\"Tiempo de lectura\" \/>\n\t<meta name=\"twitter:data2\" content=\"18 minutos\" \/>\n<script type=\"application\/ld+json\" class=\"yoast-schema-graph\">{\"@context\":\"https:\\\/\\\/schema.org\",\"@graph\":[{\"@type\":\"Article\",\"@id\":\"https:\\\/\\\/revistaquiote.org\\\/?p=2219#article\",\"isPartOf\":{\"@id\":\"https:\\\/\\\/revistaquiote.org\\\/?p=2219\"},\"author\":{\"name\":\"Adriana Cano\",\"@id\":\"https:\\\/\\\/revistaquiote.org\\\/#\\\/schema\\\/person\\\/06ddcdef41013fee9ef4197a9e5ed6a3\"},\"headline\":\"PILARES, SEIS A\u00d1OS DE TRANSFORMACI\u00d3N\",\"datePublished\":\"2025-05-02T00:02:25+00:00\",\"dateModified\":\"2025-05-09T22:34:52+00:00\",\"mainEntityOfPage\":{\"@id\":\"https:\\\/\\\/revistaquiote.org\\\/?p=2219\"},\"wordCount\":3592,\"commentCount\":0,\"publisher\":{\"@id\":\"https:\\\/\\\/revistaquiote.org\\\/#organization\"},\"image\":{\"@id\":\"https:\\\/\\\/revistaquiote.org\\\/?p=2219#primaryimage\"},\"thumbnailUrl\":\"https:\\\/\\\/revistaquiote.org\\\/wp-content\\\/uploads\\\/2025\\\/04\\\/5.jpg\",\"keywords\":[\"Ciberescuelas\",\"Educaci\u00f3n comunitaria\",\"Pandemia\",\"PILARES\",\"Programas Sociales\",\"Televisi\u00f3n Comunitaria\"],\"articleSection\":[\"N\u00daMERO CUATRO\"],\"inLanguage\":\"es\",\"potentialAction\":[{\"@type\":\"CommentAction\",\"name\":\"Comment\",\"target\":[\"https:\\\/\\\/revistaquiote.org\\\/?p=2219#respond\"]}]},{\"@type\":\"WebPage\",\"@id\":\"https:\\\/\\\/revistaquiote.org\\\/?p=2219\",\"url\":\"https:\\\/\\\/revistaquiote.org\\\/?p=2219\",\"name\":\"PILARES, SEIS A\u00d1OS DE TRANSFORMACI\u00d3N - REVISTA QUIOTE\",\"isPartOf\":{\"@id\":\"https:\\\/\\\/revistaquiote.org\\\/#website\"},\"primaryImageOfPage\":{\"@id\":\"https:\\\/\\\/revistaquiote.org\\\/?p=2219#primaryimage\"},\"image\":{\"@id\":\"https:\\\/\\\/revistaquiote.org\\\/?p=2219#primaryimage\"},\"thumbnailUrl\":\"https:\\\/\\\/revistaquiote.org\\\/wp-content\\\/uploads\\\/2025\\\/04\\\/5.jpg\",\"datePublished\":\"2025-05-02T00:02:25+00:00\",\"dateModified\":\"2025-05-09T22:34:52+00:00\",\"breadcrumb\":{\"@id\":\"https:\\\/\\\/revistaquiote.org\\\/?p=2219#breadcrumb\"},\"inLanguage\":\"es\",\"potentialAction\":[{\"@type\":\"ReadAction\",\"target\":[\"https:\\\/\\\/revistaquiote.org\\\/?p=2219\"]}]},{\"@type\":\"ImageObject\",\"inLanguage\":\"es\",\"@id\":\"https:\\\/\\\/revistaquiote.org\\\/?p=2219#primaryimage\",\"url\":\"https:\\\/\\\/revistaquiote.org\\\/wp-content\\\/uploads\\\/2025\\\/04\\\/5.jpg\",\"contentUrl\":\"https:\\\/\\\/revistaquiote.org\\\/wp-content\\\/uploads\\\/2025\\\/04\\\/5.jpg\",\"width\":640,\"height\":360},{\"@type\":\"BreadcrumbList\",\"@id\":\"https:\\\/\\\/revistaquiote.org\\\/?p=2219#breadcrumb\",\"itemListElement\":[{\"@type\":\"ListItem\",\"position\":1,\"name\":\"Portada\",\"item\":\"https:\\\/\\\/revistaquiote.org\\\/\"},{\"@type\":\"ListItem\",\"position\":2,\"name\":\"PILARES, SEIS A\u00d1OS DE TRANSFORMACI\u00d3N\"}]},{\"@type\":\"WebSite\",\"@id\":\"https:\\\/\\\/revistaquiote.org\\\/#website\",\"url\":\"https:\\\/\\\/revistaquiote.org\\\/\",\"name\":\"REVISTA QUIOTE\",\"description\":\"N\u00daMERO SEIS\",\"publisher\":{\"@id\":\"https:\\\/\\\/revistaquiote.org\\\/#organization\"},\"potentialAction\":[{\"@type\":\"SearchAction\",\"target\":{\"@type\":\"EntryPoint\",\"urlTemplate\":\"https:\\\/\\\/revistaquiote.org\\\/?s={search_term_string}\"},\"query-input\":{\"@type\":\"PropertyValueSpecification\",\"valueRequired\":true,\"valueName\":\"search_term_string\"}}],\"inLanguage\":\"es\"},{\"@type\":\"Organization\",\"@id\":\"https:\\\/\\\/revistaquiote.org\\\/#organization\",\"name\":\"REVISTA QUIOTE\",\"url\":\"https:\\\/\\\/revistaquiote.org\\\/\",\"logo\":{\"@type\":\"ImageObject\",\"inLanguage\":\"es\",\"@id\":\"https:\\\/\\\/revistaquiote.org\\\/#\\\/schema\\\/logo\\\/image\\\/\",\"url\":\"https:\\\/\\\/revistaquiote.org\\\/wp-content\\\/uploads\\\/2023\\\/06\\\/Quiote-logo_01.png\",\"contentUrl\":\"https:\\\/\\\/revistaquiote.org\\\/wp-content\\\/uploads\\\/2023\\\/06\\\/Quiote-logo_01.png\",\"width\":1042,\"height\":417,\"caption\":\"REVISTA QUIOTE\"},\"image\":{\"@id\":\"https:\\\/\\\/revistaquiote.org\\\/#\\\/schema\\\/logo\\\/image\\\/\"},\"sameAs\":[\"https:\\\/\\\/www.facebook.com\\\/profile.php?id=61581285934903&rdid=NyTBdLDXXt5DTPla&share_url=httpswww.facebook.comshare16XQGGa34v#\",\"https:\\\/\\\/x.com\\\/RQuiote\",\"https:\\\/\\\/www.instagram.com\\\/revista.quiote\\\/\"]},{\"@type\":\"Person\",\"@id\":\"https:\\\/\\\/revistaquiote.org\\\/#\\\/schema\\\/person\\\/06ddcdef41013fee9ef4197a9e5ed6a3\",\"name\":\"Adriana Cano\",\"image\":{\"@type\":\"ImageObject\",\"inLanguage\":\"es\",\"@id\":\"https:\\\/\\\/secure.gravatar.com\\\/avatar\\\/3a079955b6265384199bb40b9a2f87fcf25c7a0356b5ff8e9fcecccf21d7015f?s=96&d=mm&r=g41292c9e1cfcd3274787b5e6c3b2c050\",\"url\":\"https:\\\/\\\/secure.gravatar.com\\\/avatar\\\/3a079955b6265384199bb40b9a2f87fcf25c7a0356b5ff8e9fcecccf21d7015f?s=96&d=mm&r=g\",\"contentUrl\":\"https:\\\/\\\/secure.gravatar.com\\\/avatar\\\/3a079955b6265384199bb40b9a2f87fcf25c7a0356b5ff8e9fcecccf21d7015f?s=96&d=mm&r=g\",\"caption\":\"Adriana Cano\"},\"url\":\"https:\\\/\\\/revistaquiote.org\\\/?author=5\"}]}<\/script>\n<!-- \/ Yoast SEO plugin. -->","yoast_head_json":{"title":"PILARES, SEIS A\u00d1OS DE TRANSFORMACI\u00d3N - REVISTA QUIOTE","robots":{"index":"index","follow":"follow","max-snippet":"max-snippet:-1","max-image-preview":"max-image-preview:large","max-video-preview":"max-video-preview:-1"},"canonical":"https:\/\/revistaquiote.org\/?p=2219","og_locale":"es_ES","og_type":"article","og_title":"PILARES, SEIS A\u00d1OS DE TRANSFORMACI\u00d3N - REVISTA QUIOTE","og_description":"Para Coco, gracias por tu convicci\u00f3nPilares es un claro ejemplo de que \u00abtodo pasa y todo queda\u00bb. Y como dec\u00eda el poeta, lo nuestro es pasar. Los programas, los espacios, los rostros y los objetivos ya no son los mismos que conoc\u00ed. Hoy podemos ver la evoluci\u00f3n natural de un proyecto que ha crecido junto [&hellip;]","og_url":"https:\/\/revistaquiote.org\/?p=2219","og_site_name":"REVISTA QUIOTE","article_publisher":"https:\/\/www.facebook.com\/profile.php?id=61581285934903&rdid=NyTBdLDXXt5DTPla&share_url=httpswww.facebook.comshare16XQGGa34v#","article_published_time":"2025-05-02T00:02:25+00:00","article_modified_time":"2025-05-09T22:34:52+00:00","og_image":[{"width":640,"height":360,"url":"https:\/\/revistaquiote.org\/wp-content\/uploads\/2025\/04\/5.jpg","type":"image\/jpeg"}],"author":"Adriana Cano","twitter_card":"summary_large_image","twitter_creator":"@RQuiote","twitter_site":"@RQuiote","twitter_misc":{"Escrito por":"Adriana Cano","Tiempo de lectura":"18 minutos"},"schema":{"@context":"https:\/\/schema.org","@graph":[{"@type":"Article","@id":"https:\/\/revistaquiote.org\/?p=2219#article","isPartOf":{"@id":"https:\/\/revistaquiote.org\/?p=2219"},"author":{"name":"Adriana Cano","@id":"https:\/\/revistaquiote.org\/#\/schema\/person\/06ddcdef41013fee9ef4197a9e5ed6a3"},"headline":"PILARES, SEIS A\u00d1OS DE TRANSFORMACI\u00d3N","datePublished":"2025-05-02T00:02:25+00:00","dateModified":"2025-05-09T22:34:52+00:00","mainEntityOfPage":{"@id":"https:\/\/revistaquiote.org\/?p=2219"},"wordCount":3592,"commentCount":0,"publisher":{"@id":"https:\/\/revistaquiote.org\/#organization"},"image":{"@id":"https:\/\/revistaquiote.org\/?p=2219#primaryimage"},"thumbnailUrl":"https:\/\/revistaquiote.org\/wp-content\/uploads\/2025\/04\/5.jpg","keywords":["Ciberescuelas","Educaci\u00f3n comunitaria","Pandemia","PILARES","Programas Sociales","Televisi\u00f3n Comunitaria"],"articleSection":["N\u00daMERO CUATRO"],"inLanguage":"es","potentialAction":[{"@type":"CommentAction","name":"Comment","target":["https:\/\/revistaquiote.org\/?p=2219#respond"]}]},{"@type":"WebPage","@id":"https:\/\/revistaquiote.org\/?p=2219","url":"https:\/\/revistaquiote.org\/?p=2219","name":"PILARES, SEIS A\u00d1OS DE TRANSFORMACI\u00d3N - REVISTA QUIOTE","isPartOf":{"@id":"https:\/\/revistaquiote.org\/#website"},"primaryImageOfPage":{"@id":"https:\/\/revistaquiote.org\/?p=2219#primaryimage"},"image":{"@id":"https:\/\/revistaquiote.org\/?p=2219#primaryimage"},"thumbnailUrl":"https:\/\/revistaquiote.org\/wp-content\/uploads\/2025\/04\/5.jpg","datePublished":"2025-05-02T00:02:25+00:00","dateModified":"2025-05-09T22:34:52+00:00","breadcrumb":{"@id":"https:\/\/revistaquiote.org\/?p=2219#breadcrumb"},"inLanguage":"es","potentialAction":[{"@type":"ReadAction","target":["https:\/\/revistaquiote.org\/?p=2219"]}]},{"@type":"ImageObject","inLanguage":"es","@id":"https:\/\/revistaquiote.org\/?p=2219#primaryimage","url":"https:\/\/revistaquiote.org\/wp-content\/uploads\/2025\/04\/5.jpg","contentUrl":"https:\/\/revistaquiote.org\/wp-content\/uploads\/2025\/04\/5.jpg","width":640,"height":360},{"@type":"BreadcrumbList","@id":"https:\/\/revistaquiote.org\/?p=2219#breadcrumb","itemListElement":[{"@type":"ListItem","position":1,"name":"Portada","item":"https:\/\/revistaquiote.org\/"},{"@type":"ListItem","position":2,"name":"PILARES, SEIS A\u00d1OS DE TRANSFORMACI\u00d3N"}]},{"@type":"WebSite","@id":"https:\/\/revistaquiote.org\/#website","url":"https:\/\/revistaquiote.org\/","name":"REVISTA QUIOTE","description":"N\u00daMERO SEIS","publisher":{"@id":"https:\/\/revistaquiote.org\/#organization"},"potentialAction":[{"@type":"SearchAction","target":{"@type":"EntryPoint","urlTemplate":"https:\/\/revistaquiote.org\/?s={search_term_string}"},"query-input":{"@type":"PropertyValueSpecification","valueRequired":true,"valueName":"search_term_string"}}],"inLanguage":"es"},{"@type":"Organization","@id":"https:\/\/revistaquiote.org\/#organization","name":"REVISTA QUIOTE","url":"https:\/\/revistaquiote.org\/","logo":{"@type":"ImageObject","inLanguage":"es","@id":"https:\/\/revistaquiote.org\/#\/schema\/logo\/image\/","url":"https:\/\/revistaquiote.org\/wp-content\/uploads\/2023\/06\/Quiote-logo_01.png","contentUrl":"https:\/\/revistaquiote.org\/wp-content\/uploads\/2023\/06\/Quiote-logo_01.png","width":1042,"height":417,"caption":"REVISTA QUIOTE"},"image":{"@id":"https:\/\/revistaquiote.org\/#\/schema\/logo\/image\/"},"sameAs":["https:\/\/www.facebook.com\/profile.php?id=61581285934903&rdid=NyTBdLDXXt5DTPla&share_url=httpswww.facebook.comshare16XQGGa34v#","https:\/\/x.com\/RQuiote","https:\/\/www.instagram.com\/revista.quiote\/"]},{"@type":"Person","@id":"https:\/\/revistaquiote.org\/#\/schema\/person\/06ddcdef41013fee9ef4197a9e5ed6a3","name":"Adriana Cano","image":{"@type":"ImageObject","inLanguage":"es","@id":"https:\/\/secure.gravatar.com\/avatar\/3a079955b6265384199bb40b9a2f87fcf25c7a0356b5ff8e9fcecccf21d7015f?s=96&d=mm&r=g41292c9e1cfcd3274787b5e6c3b2c050","url":"https:\/\/secure.gravatar.com\/avatar\/3a079955b6265384199bb40b9a2f87fcf25c7a0356b5ff8e9fcecccf21d7015f?s=96&d=mm&r=g","contentUrl":"https:\/\/secure.gravatar.com\/avatar\/3a079955b6265384199bb40b9a2f87fcf25c7a0356b5ff8e9fcecccf21d7015f?s=96&d=mm&r=g","caption":"Adriana Cano"},"url":"https:\/\/revistaquiote.org\/?author=5"}]}},"jetpack_featured_media_url":"https:\/\/revistaquiote.org\/wp-content\/uploads\/2025\/04\/5.jpg","jetpack_sharing_enabled":true,"authors":[{"term_id":108,"user_id":5,"is_guest":0,"slug":"adri_revistaweb","display_name":"Adriana Cano","avatar_url":"https:\/\/secure.gravatar.com\/avatar\/3a079955b6265384199bb40b9a2f87fcf25c7a0356b5ff8e9fcecccf21d7015f?s=96&d=mm&r=g","0":null,"1":"","2":"","3":"","4":"","5":"","6":"","7":"","8":""}],"_links":{"self":[{"href":"https:\/\/revistaquiote.org\/index.php?rest_route=\/wp\/v2\/posts\/2219","targetHints":{"allow":["GET"]}}],"collection":[{"href":"https:\/\/revistaquiote.org\/index.php?rest_route=\/wp\/v2\/posts"}],"about":[{"href":"https:\/\/revistaquiote.org\/index.php?rest_route=\/wp\/v2\/types\/post"}],"author":[{"embeddable":true,"href":"https:\/\/revistaquiote.org\/index.php?rest_route=\/wp\/v2\/users\/5"}],"replies":[{"embeddable":true,"href":"https:\/\/revistaquiote.org\/index.php?rest_route=%2Fwp%2Fv2%2Fcomments&post=2219"}],"version-history":[{"count":17,"href":"https:\/\/revistaquiote.org\/index.php?rest_route=\/wp\/v2\/posts\/2219\/revisions"}],"predecessor-version":[{"id":2584,"href":"https:\/\/revistaquiote.org\/index.php?rest_route=\/wp\/v2\/posts\/2219\/revisions\/2584"}],"wp:featuredmedia":[{"embeddable":true,"href":"https:\/\/revistaquiote.org\/index.php?rest_route=\/wp\/v2\/media\/2227"}],"wp:attachment":[{"href":"https:\/\/revistaquiote.org\/index.php?rest_route=%2Fwp%2Fv2%2Fmedia&parent=2219"}],"wp:term":[{"taxonomy":"category","embeddable":true,"href":"https:\/\/revistaquiote.org\/index.php?rest_route=%2Fwp%2Fv2%2Fcategories&post=2219"},{"taxonomy":"post_tag","embeddable":true,"href":"https:\/\/revistaquiote.org\/index.php?rest_route=%2Fwp%2Fv2%2Ftags&post=2219"},{"taxonomy":"author","embeddable":true,"href":"https:\/\/revistaquiote.org\/index.php?rest_route=%2Fwp%2Fv2%2Fppma_author&post=2219"}],"curies":[{"name":"wp","href":"https:\/\/api.w.org\/{rel}","templated":true}]}}