{"id":2412,"date":"2025-05-02T00:08:18","date_gmt":"2025-05-02T00:08:18","guid":{"rendered":"https:\/\/revistaquiote.org\/?p=2412"},"modified":"2025-05-12T18:26:57","modified_gmt":"2025-05-12T18:26:57","slug":"la-ceiba-grafica","status":"publish","type":"post","link":"https:\/\/revistaquiote.org\/?p=2412","title":{"rendered":"LA CEIBA GR\u00c1FICA"},"content":{"rendered":"<p>[et_pb_section fb_built=\u00bb1&#8243; _builder_version=\u00bb4.27.4&#8243; _module_preset=\u00bbdefault\u00bb custom_padding=\u00bb3px|||||\u00bb global_colors_info=\u00bb{}\u00bb][et_pb_row _builder_version=\u00bb4.27.4&#8243; _module_preset=\u00bbdefault\u00bb global_colors_info=\u00bb{}\u00bb][et_pb_column type=\u00bb4_4&#8243; _builder_version=\u00bb4.27.4&#8243; _module_preset=\u00bbdefault\u00bb global_colors_info=\u00bb{}\u00bb][et_pb_text _builder_version=\u00bb4.27.4&#8243; _module_preset=\u00bbdefault\u00bb global_colors_info=\u00bb{}\u00bb]<\/p>\n<p><strong>JONATHAN FARR<\/strong><\/p>\n<p>El a\u00f1o pasado viv\u00ed y trabaj\u00e9 en La Ceiba Gr\u00e1fica, en una residencia de intercambio por trabajo. La Ceiba es un colectivo de grabado ubicado en la exhacienda de La Orde\u00f1a, cerca de Coatepec, Veracruz. El edificio tiene talleres de tipos m\u00f3viles, xilograf\u00eda Moku-Hanga, grabado, lino y litograf\u00eda en piedra, as\u00ed como una f\u00e1brica de papel tradicional. Adem\u00e1s de trabajar cuatro horas al d\u00eda para el espacio, ayudando a administrar y mantener los talleres, trabaj\u00e9 en mi propio proyecto.<\/p>\n<p>[\/et_pb_text][et_pb_image src=\u00bbhttps:\/\/revistaquiote.org\/wp-content\/uploads\/2025\/04\/1-La-Orduna-Litografia.jpg\u00bb title_text=\u00bbLa Ordu\u00f1a\u00bb _builder_version=\u00bb4.27.4&#8243; _module_preset=\u00bbdefault\u00bb custom_margin=\u00bb||-3px|||\u00bb global_colors_info=\u00bb{}\u00bb][\/et_pb_image][et_pb_text _builder_version=\u00bb4.27.4&#8243; _module_preset=\u00bbdefault\u00bb custom_margin=\u00bb-3px||-3px|||\u00bb global_colors_info=\u00bb{}\u00bb]<\/p>\n<p style=\"text-align: right;\"><span style=\"font-size: small;\"><em>La Ordun\u0303a.<\/em> 2024. Litograf\u00eda, 55 cm x 43 cm.<\/span><\/p>\n<p>[\/et_pb_text][et_pb_text _builder_version=\u00bb4.27.4&#8243; _module_preset=\u00bbdefault\u00bb custom_margin=\u00bb||2px|||\u00bb custom_padding=\u00bb9px||9px|||\u00bb global_colors_info=\u00bb{}\u00bb]<\/p>\n<p>Los dibujos que aqu\u00ed se presentan consisten en las vistas desde la azotea del lugar. Juzgar si un dibujo estaba terminado depend\u00eda de su representaci\u00f3n del espacio, la energ\u00eda de las marcas, si comunicaba una sensaci\u00f3n de la atm\u00f3sfera y la sensaci\u00f3n del pueblo, las colinas, la vegetaci\u00f3n y el clima.<\/p>\n<p>[\/et_pb_text][et_pb_image src=\u00bbhttps:\/\/revistaquiote.org\/wp-content\/uploads\/2025\/04\/2-Fandango-1-monotipo.jpg\u00bb title_text=\u00bbFandango1 \u00bb _builder_version=\u00bb4.27.4&#8243; _module_preset=\u00bbdefault\u00bb custom_margin=\u00bb8px||8px|||\u00bb global_colors_info=\u00bb{}\u00bb][\/et_pb_image][et_pb_text _builder_version=\u00bb4.27.4&#8243; _module_preset=\u00bbdefault\u00bb custom_margin=\u00bb-7px|||||\u00bb global_colors_info=\u00bb{}\u00bb]<\/p>\n<p style=\"text-align: right;\"><span style=\"font-size: small;\"><em>Fandango 1<\/em>. 2024. Monotipo, 30 cm x 40 cm.<\/span><\/p>\n<p>[\/et_pb_text][et_pb_image src=\u00bbhttps:\/\/revistaquiote.org\/wp-content\/uploads\/2025\/04\/3-Fandango-8-monotipo.jpg\u00bb title_text=\u00bbFandango8&#8243; _builder_version=\u00bb4.27.4&#8243; _module_preset=\u00bbdefault\u00bb custom_margin=\u00bb||-3px|||\u00bb global_colors_info=\u00bb{}\u00bb][\/et_pb_image][et_pb_text _builder_version=\u00bb4.27.4&#8243; _module_preset=\u00bbdefault\u00bb custom_margin=\u00bb||11px|||\u00bb global_colors_info=\u00bb{}\u00bb]<\/p>\n<p style=\"text-align: right;\"><span style=\"font-size: small;\"><em>Fandango 8.<\/em> 2024. Monotipo, 30 cm x 40 cm.<\/span><\/p>\n<p>[\/et_pb_text][et_pb_text _builder_version=\u00bb4.27.4&#8243; _module_preset=\u00bbdefault\u00bb custom_margin=\u00bb||13px|||\u00bb custom_padding=\u00bb||2px|||\u00bb global_colors_info=\u00bb{}\u00bb]<\/p>\n<p>Eleg\u00ed trabajar de noche para evitar mi percepci\u00f3n del detalle y crear im\u00e1genes donde las formas y la luz emergieran del negro. Durante el d\u00eda dej\u00e9 que la lluvia interviniera las obras, de manera que se romp\u00eda en cierta medida la ilusi\u00f3n de profundidad pict\u00f3rica y se llamaba la atenci\u00f3n sobre la superficie de la piedra, donde las gotas y los charcos registraban y fracturaban la imagen.<\/p>\n<p>[\/et_pb_text][et_pb_image src=\u00bbhttps:\/\/revistaquiote.org\/wp-content\/uploads\/2025\/04\/4-Fandango-9-monotipo.jpg\u00bb title_text=\u00bbFandango9&#8243; _builder_version=\u00bb4.27.4&#8243; _module_preset=\u00bbdefault\u00bb custom_margin=\u00bb||-1px|||\u00bb global_colors_info=\u00bb{}\u00bb][\/et_pb_image][et_pb_text _builder_version=\u00bb4.27.4&#8243; _module_preset=\u00bbdefault\u00bb global_colors_info=\u00bb{}\u00bb]<\/p>\n<p style=\"text-align: right;\"><span style=\"font-size: small;\"><em>Fandango 9<\/em>. 2024. Monotipo, 30 cm x 40 cm.<\/span><\/p>\n<p>[\/et_pb_text][et_pb_image src=\u00bbhttps:\/\/revistaquiote.org\/wp-content\/uploads\/2025\/04\/5-dibujo-9-carboncillo-sobre-papel.jpg\u00bb title_text=\u00bbdibujo 9&#8243; _builder_version=\u00bb4.27.4&#8243; _module_preset=\u00bbdefault\u00bb custom_margin=\u00bb||0px|||\u00bb global_colors_info=\u00bb{}\u00bb][\/et_pb_image][et_pb_text _builder_version=\u00bb4.27.4&#8243; _module_preset=\u00bbdefault\u00bb global_colors_info=\u00bb{}\u00bb]<\/p>\n<p style=\"text-align: right;\"><span style=\"font-size: small;\"><em>Dibujo 9.<\/em> 2024. Carboncillo sobre papel, 63 cm x 73 cm.<\/span><\/p>\n<p>[\/et_pb_text][et_pb_image src=\u00bbhttps:\/\/revistaquiote.org\/wp-content\/uploads\/2025\/04\/6-dibujo-14-conte-y-carboncillo-sobre-papel.jpg\u00bb title_text=\u00bbdibujo 14&#8243; _builder_version=\u00bb4.27.4&#8243; _module_preset=\u00bbdefault\u00bb custom_margin=\u00bb||-3px|||\u00bb global_colors_info=\u00bb{}\u00bb][\/et_pb_image][et_pb_text _builder_version=\u00bb4.27.4&#8243; _module_preset=\u00bbdefault\u00bb custom_margin=\u00bb7px|||||\u00bb global_colors_info=\u00bb{}\u00bb]<\/p>\n<p style=\"text-align: right;\"><span style=\"font-size: small;\"><em>Dibujo 14.<\/em> 2024. Cont\u00e9 y carboncillo sobre papel, 63 cm x 73 cm.<\/span><\/p>\n<p>[\/et_pb_text][\/et_pb_column][\/et_pb_row][\/et_pb_section]<\/p>\n","protected":false},"excerpt":{"rendered":"<p>JONATHAN FARR El a\u00f1o pasado viv\u00ed y trabaj\u00e9 en La Ceiba Gr\u00e1fica, en una residencia de intercambio por trabajo. La Ceiba es un colectivo de grabado ubicado en la exhacienda de La Orde\u00f1a, cerca de Coatepec, Veracruz. El edificio tiene talleres de tipos m\u00f3viles, xilograf\u00eda Moku-Hanga, grabado, lino y litograf\u00eda en piedra, as\u00ed como una [&hellip;]<\/p>\n","protected":false},"author":12,"featured_media":2426,"comment_status":"open","ping_status":"closed","sticky":false,"template":"","format":"standard","meta":{"_et_pb_use_builder":"on","_et_pb_old_content":"","_et_gb_content_width":"","_jetpack_memberships_contains_paid_content":false,"footnotes":""},"categories":[226],"tags":[43,184,15,26],"ppma_author":[81],"class_list":["post-2412","post","type-post","status-publish","format-standard","has-post-thumbnail","hentry","category-numero-cuatro","tag-arte","tag-grabados","tag-grafica","tag-revistaquiote"],"yoast_head":"<!-- This site is optimized with the Yoast SEO plugin v27.3 - https:\/\/yoast.com\/product\/yoast-seo-wordpress\/ -->\n<title>LA CEIBA GR\u00c1FICA - REVISTA QUIOTE<\/title>\n<meta name=\"robots\" content=\"index, follow, max-snippet:-1, max-image-preview:large, max-video-preview:-1\" \/>\n<link rel=\"canonical\" href=\"https:\/\/revistaquiote.org\/?p=2412\" \/>\n<meta property=\"og:locale\" content=\"es_ES\" \/>\n<meta property=\"og:type\" content=\"article\" \/>\n<meta property=\"og:title\" content=\"LA CEIBA GR\u00c1FICA - REVISTA QUIOTE\" \/>\n<meta property=\"og:description\" content=\"JONATHAN FARR El a\u00f1o pasado viv\u00ed y trabaj\u00e9 en La Ceiba Gr\u00e1fica, en una residencia de intercambio por trabajo. La Ceiba es un colectivo de grabado ubicado en la exhacienda de La Orde\u00f1a, cerca de Coatepec, Veracruz. El edificio tiene talleres de tipos m\u00f3viles, xilograf\u00eda Moku-Hanga, grabado, lino y litograf\u00eda en piedra, as\u00ed como una [&hellip;]\" \/>\n<meta property=\"og:url\" content=\"https:\/\/revistaquiote.org\/?p=2412\" \/>\n<meta property=\"og:site_name\" content=\"REVISTA QUIOTE\" \/>\n<meta property=\"article:publisher\" content=\"https:\/\/www.facebook.com\/profile.php?id=61581285934903&amp;rdid=NyTBdLDXXt5DTPla&amp;share_url=httpswww.facebook.comshare16XQGGa34v#\" \/>\n<meta property=\"article:published_time\" content=\"2025-05-02T00:08:18+00:00\" \/>\n<meta property=\"article:modified_time\" content=\"2025-05-12T18:26:57+00:00\" \/>\n<meta property=\"og:image\" content=\"https:\/\/revistaquiote.org\/wp-content\/uploads\/2025\/04\/Desde-la-Azotea-de-La-Ceiba-largo.jpg\" \/>\n\t<meta property=\"og:image:width\" content=\"2000\" \/>\n\t<meta property=\"og:image:height\" content=\"422\" \/>\n\t<meta property=\"og:image:type\" content=\"image\/jpeg\" \/>\n<meta name=\"author\" content=\"Revista Quiote\" \/>\n<meta name=\"twitter:card\" content=\"summary_large_image\" \/>\n<meta name=\"twitter:creator\" content=\"@RQuiote\" \/>\n<meta name=\"twitter:site\" content=\"@RQuiote\" \/>\n<meta name=\"twitter:label1\" content=\"Escrito por\" \/>\n\t<meta name=\"twitter:data1\" content=\"Revista Quiote\" \/>\n\t<meta name=\"twitter:label2\" content=\"Tiempo de lectura\" \/>\n\t<meta name=\"twitter:data2\" content=\"3 minutos\" \/>\n<script type=\"application\/ld+json\" class=\"yoast-schema-graph\">{\"@context\":\"https:\\\/\\\/schema.org\",\"@graph\":[{\"@type\":\"Article\",\"@id\":\"https:\\\/\\\/revistaquiote.org\\\/?p=2412#article\",\"isPartOf\":{\"@id\":\"https:\\\/\\\/revistaquiote.org\\\/?p=2412\"},\"author\":{\"name\":\"Revista Quiote\",\"@id\":\"https:\\\/\\\/revistaquiote.org\\\/#\\\/schema\\\/person\\\/da4f03b210a0eb161061c9500f5c269e\"},\"headline\":\"LA CEIBA GR\u00c1FICA\",\"datePublished\":\"2025-05-02T00:08:18+00:00\",\"dateModified\":\"2025-05-12T18:26:57+00:00\",\"mainEntityOfPage\":{\"@id\":\"https:\\\/\\\/revistaquiote.org\\\/?p=2412\"},\"wordCount\":648,\"commentCount\":0,\"publisher\":{\"@id\":\"https:\\\/\\\/revistaquiote.org\\\/#organization\"},\"image\":{\"@id\":\"https:\\\/\\\/revistaquiote.org\\\/?p=2412#primaryimage\"},\"thumbnailUrl\":\"https:\\\/\\\/revistaquiote.org\\\/wp-content\\\/uploads\\\/2025\\\/04\\\/Desde-la-Azotea-de-La-Ceiba-largo.jpg\",\"keywords\":[\"arte\",\"grabados\",\"grafica\",\"revistaquiote\"],\"articleSection\":[\"N\u00daMERO CUATRO\"],\"inLanguage\":\"es\",\"potentialAction\":[{\"@type\":\"CommentAction\",\"name\":\"Comment\",\"target\":[\"https:\\\/\\\/revistaquiote.org\\\/?p=2412#respond\"]}]},{\"@type\":\"WebPage\",\"@id\":\"https:\\\/\\\/revistaquiote.org\\\/?p=2412\",\"url\":\"https:\\\/\\\/revistaquiote.org\\\/?p=2412\",\"name\":\"LA CEIBA GR\u00c1FICA - REVISTA QUIOTE\",\"isPartOf\":{\"@id\":\"https:\\\/\\\/revistaquiote.org\\\/#website\"},\"primaryImageOfPage\":{\"@id\":\"https:\\\/\\\/revistaquiote.org\\\/?p=2412#primaryimage\"},\"image\":{\"@id\":\"https:\\\/\\\/revistaquiote.org\\\/?p=2412#primaryimage\"},\"thumbnailUrl\":\"https:\\\/\\\/revistaquiote.org\\\/wp-content\\\/uploads\\\/2025\\\/04\\\/Desde-la-Azotea-de-La-Ceiba-largo.jpg\",\"datePublished\":\"2025-05-02T00:08:18+00:00\",\"dateModified\":\"2025-05-12T18:26:57+00:00\",\"breadcrumb\":{\"@id\":\"https:\\\/\\\/revistaquiote.org\\\/?p=2412#breadcrumb\"},\"inLanguage\":\"es\",\"potentialAction\":[{\"@type\":\"ReadAction\",\"target\":[\"https:\\\/\\\/revistaquiote.org\\\/?p=2412\"]}]},{\"@type\":\"ImageObject\",\"inLanguage\":\"es\",\"@id\":\"https:\\\/\\\/revistaquiote.org\\\/?p=2412#primaryimage\",\"url\":\"https:\\\/\\\/revistaquiote.org\\\/wp-content\\\/uploads\\\/2025\\\/04\\\/Desde-la-Azotea-de-La-Ceiba-largo.jpg\",\"contentUrl\":\"https:\\\/\\\/revistaquiote.org\\\/wp-content\\\/uploads\\\/2025\\\/04\\\/Desde-la-Azotea-de-La-Ceiba-largo.jpg\",\"width\":2000,\"height\":422},{\"@type\":\"BreadcrumbList\",\"@id\":\"https:\\\/\\\/revistaquiote.org\\\/?p=2412#breadcrumb\",\"itemListElement\":[{\"@type\":\"ListItem\",\"position\":1,\"name\":\"Portada\",\"item\":\"https:\\\/\\\/revistaquiote.org\\\/\"},{\"@type\":\"ListItem\",\"position\":2,\"name\":\"LA CEIBA GR\u00c1FICA\"}]},{\"@type\":\"WebSite\",\"@id\":\"https:\\\/\\\/revistaquiote.org\\\/#website\",\"url\":\"https:\\\/\\\/revistaquiote.org\\\/\",\"name\":\"REVISTA QUIOTE\",\"description\":\"N\u00daMERO SEIS\",\"publisher\":{\"@id\":\"https:\\\/\\\/revistaquiote.org\\\/#organization\"},\"potentialAction\":[{\"@type\":\"SearchAction\",\"target\":{\"@type\":\"EntryPoint\",\"urlTemplate\":\"https:\\\/\\\/revistaquiote.org\\\/?s={search_term_string}\"},\"query-input\":{\"@type\":\"PropertyValueSpecification\",\"valueRequired\":true,\"valueName\":\"search_term_string\"}}],\"inLanguage\":\"es\"},{\"@type\":\"Organization\",\"@id\":\"https:\\\/\\\/revistaquiote.org\\\/#organization\",\"name\":\"REVISTA QUIOTE\",\"url\":\"https:\\\/\\\/revistaquiote.org\\\/\",\"logo\":{\"@type\":\"ImageObject\",\"inLanguage\":\"es\",\"@id\":\"https:\\\/\\\/revistaquiote.org\\\/#\\\/schema\\\/logo\\\/image\\\/\",\"url\":\"https:\\\/\\\/revistaquiote.org\\\/wp-content\\\/uploads\\\/2023\\\/06\\\/Quiote-logo_01.png\",\"contentUrl\":\"https:\\\/\\\/revistaquiote.org\\\/wp-content\\\/uploads\\\/2023\\\/06\\\/Quiote-logo_01.png\",\"width\":1042,\"height\":417,\"caption\":\"REVISTA QUIOTE\"},\"image\":{\"@id\":\"https:\\\/\\\/revistaquiote.org\\\/#\\\/schema\\\/logo\\\/image\\\/\"},\"sameAs\":[\"https:\\\/\\\/www.facebook.com\\\/profile.php?id=61581285934903&rdid=NyTBdLDXXt5DTPla&share_url=httpswww.facebook.comshare16XQGGa34v#\",\"https:\\\/\\\/x.com\\\/RQuiote\",\"https:\\\/\\\/www.instagram.com\\\/revista.quiote\\\/\"]},{\"@type\":\"Person\",\"@id\":\"https:\\\/\\\/revistaquiote.org\\\/#\\\/schema\\\/person\\\/da4f03b210a0eb161061c9500f5c269e\",\"name\":\"Revista Quiote\",\"image\":{\"@type\":\"ImageObject\",\"inLanguage\":\"es\",\"@id\":\"https:\\\/\\\/secure.gravatar.com\\\/avatar\\\/5591823d73fd4ad2e97cfc10be8618d7607c26e0d4befc30859a560b7dd58326?s=96&d=mm&r=g15b55b169427740447f0bd6f07ca3ba0\",\"url\":\"https:\\\/\\\/secure.gravatar.com\\\/avatar\\\/5591823d73fd4ad2e97cfc10be8618d7607c26e0d4befc30859a560b7dd58326?s=96&d=mm&r=g\",\"contentUrl\":\"https:\\\/\\\/secure.gravatar.com\\\/avatar\\\/5591823d73fd4ad2e97cfc10be8618d7607c26e0d4befc30859a560b7dd58326?s=96&d=mm&r=g\",\"caption\":\"Revista Quiote\"},\"url\":\"https:\\\/\\\/revistaquiote.org\\\/?author=12\"}]}<\/script>\n<!-- \/ Yoast SEO plugin. -->","yoast_head_json":{"title":"LA CEIBA GR\u00c1FICA - REVISTA QUIOTE","robots":{"index":"index","follow":"follow","max-snippet":"max-snippet:-1","max-image-preview":"max-image-preview:large","max-video-preview":"max-video-preview:-1"},"canonical":"https:\/\/revistaquiote.org\/?p=2412","og_locale":"es_ES","og_type":"article","og_title":"LA CEIBA GR\u00c1FICA - REVISTA QUIOTE","og_description":"JONATHAN FARR El a\u00f1o pasado viv\u00ed y trabaj\u00e9 en La Ceiba Gr\u00e1fica, en una residencia de intercambio por trabajo. La Ceiba es un colectivo de grabado ubicado en la exhacienda de La Orde\u00f1a, cerca de Coatepec, Veracruz. El edificio tiene talleres de tipos m\u00f3viles, xilograf\u00eda Moku-Hanga, grabado, lino y litograf\u00eda en piedra, as\u00ed como una [&hellip;]","og_url":"https:\/\/revistaquiote.org\/?p=2412","og_site_name":"REVISTA QUIOTE","article_publisher":"https:\/\/www.facebook.com\/profile.php?id=61581285934903&rdid=NyTBdLDXXt5DTPla&share_url=httpswww.facebook.comshare16XQGGa34v#","article_published_time":"2025-05-02T00:08:18+00:00","article_modified_time":"2025-05-12T18:26:57+00:00","og_image":[{"width":2000,"height":422,"url":"https:\/\/revistaquiote.org\/wp-content\/uploads\/2025\/04\/Desde-la-Azotea-de-La-Ceiba-largo.jpg","type":"image\/jpeg"}],"author":"Revista Quiote","twitter_card":"summary_large_image","twitter_creator":"@RQuiote","twitter_site":"@RQuiote","twitter_misc":{"Escrito por":"Revista Quiote","Tiempo de lectura":"3 minutos"},"schema":{"@context":"https:\/\/schema.org","@graph":[{"@type":"Article","@id":"https:\/\/revistaquiote.org\/?p=2412#article","isPartOf":{"@id":"https:\/\/revistaquiote.org\/?p=2412"},"author":{"name":"Revista Quiote","@id":"https:\/\/revistaquiote.org\/#\/schema\/person\/da4f03b210a0eb161061c9500f5c269e"},"headline":"LA CEIBA GR\u00c1FICA","datePublished":"2025-05-02T00:08:18+00:00","dateModified":"2025-05-12T18:26:57+00:00","mainEntityOfPage":{"@id":"https:\/\/revistaquiote.org\/?p=2412"},"wordCount":648,"commentCount":0,"publisher":{"@id":"https:\/\/revistaquiote.org\/#organization"},"image":{"@id":"https:\/\/revistaquiote.org\/?p=2412#primaryimage"},"thumbnailUrl":"https:\/\/revistaquiote.org\/wp-content\/uploads\/2025\/04\/Desde-la-Azotea-de-La-Ceiba-largo.jpg","keywords":["arte","grabados","grafica","revistaquiote"],"articleSection":["N\u00daMERO CUATRO"],"inLanguage":"es","potentialAction":[{"@type":"CommentAction","name":"Comment","target":["https:\/\/revistaquiote.org\/?p=2412#respond"]}]},{"@type":"WebPage","@id":"https:\/\/revistaquiote.org\/?p=2412","url":"https:\/\/revistaquiote.org\/?p=2412","name":"LA CEIBA GR\u00c1FICA - REVISTA QUIOTE","isPartOf":{"@id":"https:\/\/revistaquiote.org\/#website"},"primaryImageOfPage":{"@id":"https:\/\/revistaquiote.org\/?p=2412#primaryimage"},"image":{"@id":"https:\/\/revistaquiote.org\/?p=2412#primaryimage"},"thumbnailUrl":"https:\/\/revistaquiote.org\/wp-content\/uploads\/2025\/04\/Desde-la-Azotea-de-La-Ceiba-largo.jpg","datePublished":"2025-05-02T00:08:18+00:00","dateModified":"2025-05-12T18:26:57+00:00","breadcrumb":{"@id":"https:\/\/revistaquiote.org\/?p=2412#breadcrumb"},"inLanguage":"es","potentialAction":[{"@type":"ReadAction","target":["https:\/\/revistaquiote.org\/?p=2412"]}]},{"@type":"ImageObject","inLanguage":"es","@id":"https:\/\/revistaquiote.org\/?p=2412#primaryimage","url":"https:\/\/revistaquiote.org\/wp-content\/uploads\/2025\/04\/Desde-la-Azotea-de-La-Ceiba-largo.jpg","contentUrl":"https:\/\/revistaquiote.org\/wp-content\/uploads\/2025\/04\/Desde-la-Azotea-de-La-Ceiba-largo.jpg","width":2000,"height":422},{"@type":"BreadcrumbList","@id":"https:\/\/revistaquiote.org\/?p=2412#breadcrumb","itemListElement":[{"@type":"ListItem","position":1,"name":"Portada","item":"https:\/\/revistaquiote.org\/"},{"@type":"ListItem","position":2,"name":"LA CEIBA GR\u00c1FICA"}]},{"@type":"WebSite","@id":"https:\/\/revistaquiote.org\/#website","url":"https:\/\/revistaquiote.org\/","name":"REVISTA QUIOTE","description":"N\u00daMERO SEIS","publisher":{"@id":"https:\/\/revistaquiote.org\/#organization"},"potentialAction":[{"@type":"SearchAction","target":{"@type":"EntryPoint","urlTemplate":"https:\/\/revistaquiote.org\/?s={search_term_string}"},"query-input":{"@type":"PropertyValueSpecification","valueRequired":true,"valueName":"search_term_string"}}],"inLanguage":"es"},{"@type":"Organization","@id":"https:\/\/revistaquiote.org\/#organization","name":"REVISTA QUIOTE","url":"https:\/\/revistaquiote.org\/","logo":{"@type":"ImageObject","inLanguage":"es","@id":"https:\/\/revistaquiote.org\/#\/schema\/logo\/image\/","url":"https:\/\/revistaquiote.org\/wp-content\/uploads\/2023\/06\/Quiote-logo_01.png","contentUrl":"https:\/\/revistaquiote.org\/wp-content\/uploads\/2023\/06\/Quiote-logo_01.png","width":1042,"height":417,"caption":"REVISTA QUIOTE"},"image":{"@id":"https:\/\/revistaquiote.org\/#\/schema\/logo\/image\/"},"sameAs":["https:\/\/www.facebook.com\/profile.php?id=61581285934903&rdid=NyTBdLDXXt5DTPla&share_url=httpswww.facebook.comshare16XQGGa34v#","https:\/\/x.com\/RQuiote","https:\/\/www.instagram.com\/revista.quiote\/"]},{"@type":"Person","@id":"https:\/\/revistaquiote.org\/#\/schema\/person\/da4f03b210a0eb161061c9500f5c269e","name":"Revista Quiote","image":{"@type":"ImageObject","inLanguage":"es","@id":"https:\/\/secure.gravatar.com\/avatar\/5591823d73fd4ad2e97cfc10be8618d7607c26e0d4befc30859a560b7dd58326?s=96&d=mm&r=g15b55b169427740447f0bd6f07ca3ba0","url":"https:\/\/secure.gravatar.com\/avatar\/5591823d73fd4ad2e97cfc10be8618d7607c26e0d4befc30859a560b7dd58326?s=96&d=mm&r=g","contentUrl":"https:\/\/secure.gravatar.com\/avatar\/5591823d73fd4ad2e97cfc10be8618d7607c26e0d4befc30859a560b7dd58326?s=96&d=mm&r=g","caption":"Revista Quiote"},"url":"https:\/\/revistaquiote.org\/?author=12"}]}},"jetpack_featured_media_url":"https:\/\/revistaquiote.org\/wp-content\/uploads\/2025\/04\/Desde-la-Azotea-de-La-Ceiba-largo.jpg","jetpack_sharing_enabled":true,"authors":[{"term_id":81,"user_id":12,"is_guest":0,"slug":"quiote_revistaweb","display_name":"Revista Quiote","avatar_url":"https:\/\/secure.gravatar.com\/avatar\/5591823d73fd4ad2e97cfc10be8618d7607c26e0d4befc30859a560b7dd58326?s=96&d=mm&r=g","0":null,"1":"","2":"","3":"","4":"","5":"","6":"","7":"","8":""}],"_links":{"self":[{"href":"https:\/\/revistaquiote.org\/index.php?rest_route=\/wp\/v2\/posts\/2412","targetHints":{"allow":["GET"]}}],"collection":[{"href":"https:\/\/revistaquiote.org\/index.php?rest_route=\/wp\/v2\/posts"}],"about":[{"href":"https:\/\/revistaquiote.org\/index.php?rest_route=\/wp\/v2\/types\/post"}],"author":[{"embeddable":true,"href":"https:\/\/revistaquiote.org\/index.php?rest_route=\/wp\/v2\/users\/12"}],"replies":[{"embeddable":true,"href":"https:\/\/revistaquiote.org\/index.php?rest_route=%2Fwp%2Fv2%2Fcomments&post=2412"}],"version-history":[{"count":17,"href":"https:\/\/revistaquiote.org\/index.php?rest_route=\/wp\/v2\/posts\/2412\/revisions"}],"predecessor-version":[{"id":2685,"href":"https:\/\/revistaquiote.org\/index.php?rest_route=\/wp\/v2\/posts\/2412\/revisions\/2685"}],"wp:featuredmedia":[{"embeddable":true,"href":"https:\/\/revistaquiote.org\/index.php?rest_route=\/wp\/v2\/media\/2426"}],"wp:attachment":[{"href":"https:\/\/revistaquiote.org\/index.php?rest_route=%2Fwp%2Fv2%2Fmedia&parent=2412"}],"wp:term":[{"taxonomy":"category","embeddable":true,"href":"https:\/\/revistaquiote.org\/index.php?rest_route=%2Fwp%2Fv2%2Fcategories&post=2412"},{"taxonomy":"post_tag","embeddable":true,"href":"https:\/\/revistaquiote.org\/index.php?rest_route=%2Fwp%2Fv2%2Ftags&post=2412"},{"taxonomy":"author","embeddable":true,"href":"https:\/\/revistaquiote.org\/index.php?rest_route=%2Fwp%2Fv2%2Fppma_author&post=2412"}],"curies":[{"name":"wp","href":"https:\/\/api.w.org\/{rel}","templated":true}]}}