{"id":3046,"date":"2025-10-26T21:21:34","date_gmt":"2025-10-26T21:21:34","guid":{"rendered":"https:\/\/revistaquiote.org\/?p=3046"},"modified":"2025-11-03T19:08:17","modified_gmt":"2025-11-03T19:08:17","slug":"la-facultad-de-ciencias-unam-85-anos-compartiendo-cultura-cientifica-en-mexico","status":"publish","type":"post","link":"https:\/\/revistaquiote.org\/?p=3046","title":{"rendered":"LA FACULTAD DE CIENCIAS, UNAM. 85 A\u00d1OS COMPARTIENDO CULTURA CIENT\u00cdFICA EN M\u00c9XICO"},"content":{"rendered":"\n<blockquote class=\"wp-block-quote is-layout-flow wp-block-quote-is-layout-flow\">\n<p><em>Viva la discrepancia, porque es el esp\u00edritu de la Universidad.<\/em><\/p>\n\n\n\n<p>Javier Barros Sierra, discurso, 1968<\/p>\n<\/blockquote>\n\n\n\n<p><strong>La Facultad de Ciencias de la Universidad Nacional Aut\u00f3noma de M\u00e9xico<\/strong> se fund\u00f3 en el a\u00f1o de 1939. En su inicio, se asent\u00f3 en el actual Palacio de Miner\u00eda, donde ya funcionaba la Escuela Nacional de Ingenieros, en el antiguo y viejo Barrio Universitario en el Centro Hist\u00f3rico de la Ciudad de M\u00e9xico. Tuvo como antecedente inmediato la Escuela Nacional de Altos Estudios, creada en 1910, en el actual Edificio de la Autonom\u00eda Universitaria, y como parte de la reci\u00e9n inaugurada universidad en el mismo a\u00f1o, con el objeto de cultivar a nivel avanzado trabajos acad\u00e9micos en las \u00e1reas de las humanidades y las ciencias exactas y naturales<\/p>\n\n\n\n<figure class=\"wp-block-image size-large\"><img loading=\"lazy\" decoding=\"async\" width=\"783\" height=\"1024\" src=\"https:\/\/revistaquiote.org\/wp-content\/uploads\/2025\/10\/F1_Mineria-783x1024.jpg\" alt=\"\" class=\"wp-image-3048\"\/><figcaption class=\"wp-element-caption\">Palacio de Miner\u00eda, 1939. Centro Hist\u00f3rico de la ciudad de M\u00e9xico.<\/figcaption><\/figure>\n\n\n\n<p>Los estudios de f\u00edsica y matem\u00e1ticas avanzadas se iniciaron a\u00f1os despu\u00e9s, cuando el profesor Sotero Prieto, por entonces profesor tanto en la Escuela Nacional Preparatoria como en la Escuela Nacional de Ingenieros, reuni\u00f3 y trabaj\u00f3 con un peque\u00f1o grupo de estudiantes interesados en ampliar sus conocimientos sobre matem\u00e1ticas y f\u00edsica. As\u00ed pues, el profesor Sotero Prieto fue el iniciador de los estudios formales de f\u00edsica y matem\u00e1ticas en la universidad y, por ende, en el M\u00e9xico contempor\u00e1neo.<\/p>\n\n\n\n<figure class=\"wp-block-image size-large\"><img loading=\"lazy\" decoding=\"async\" width=\"767\" height=\"1024\" src=\"https:\/\/revistaquiote.org\/wp-content\/uploads\/2025\/10\/F2_Soterio-767x1024.jpg\" alt=\"\" class=\"wp-image-3049\"\/><figcaption class=\"wp-element-caption\">Sotero Prieto Ram\u00edrez (1884-1935). Considerado el precursor de las matem\u00e1ticas en M\u00e9xico y apodado \u201cEl matem\u00e1tico de hierro\u201d.<\/figcaption><\/figure>\n\n\n\n<p>En el a\u00f1o de 1935, siendo el ingeniero Ricardo Monges L\u00f3pez director de la Escuela Nacional de F\u00edsico-Matem\u00e1ticas, con sede en el Palacio de Miner\u00eda, a\u00fan no se generaban actividades de investigaci\u00f3n en las \u00e1reas de f\u00edsica y matem\u00e1ticas. Esto s\u00f3lo se realizaba en el Instituto de Biolog\u00eda, situado por entonces en la Casa del Lago en Chapultepec, y en el Observatorio Astron\u00f3mico Nacional en Tacubaya.<\/p>\n\n\n\n<p>En octubre de 1938, por iniciativa de varios personajes de la vida universitaria, entre ellos el ingeniero Ricardo Monges L\u00f3pez, el doctor Antonio Caso, director de la Facultad de Filosof\u00eda; el doctor Alfredo Ba\u00f1os, director del reci\u00e9n fundado Instituto de F\u00edsico-Matem\u00e1ticas, y del doctor Issac Ochoterena, director del Instituto de Biolog\u00eda, se present\u00f3 ante el Consejo Universitario el proyecto de creaci\u00f3n de la Facultad de Ciencias. Posteriormente, ya aprobado el proyecto, inici\u00f3 labores el 1\u00b0 de enero de 1939.<\/p>\n\n\n\n<figure class=\"wp-block-image size-large\"><img loading=\"lazy\" decoding=\"async\" width=\"878\" height=\"1024\" src=\"https:\/\/revistaquiote.org\/wp-content\/uploads\/2025\/10\/F3_Monges-1-878x1024.jpg\" alt=\"\" class=\"wp-image-3058\"\/><figcaption class=\"wp-element-caption\">Ricardo Mongez L\u00f3pez. Fundador de la Facultad de Ciencias, UNAM, 1939.<\/figcaption><\/figure>\n\n\n\n<p>En sus inicios, la Facultad estuvo organizada en departamentos: de Astronom\u00eda, Biolog\u00eda, F\u00edsica, Geof\u00edsica, Matem\u00e1ticas y Qu\u00edmica. Se plante\u00f3 la idea de que estos funcionaran en estrecho contacto con los institutos de investigaci\u00f3n correspondientes de la universidad, de tal manera que los profesores de la Facultad fueran principalmente los investigadores de los institutos y que dichos institutos, eventualmente, crecieran e incorporaran a algunos de los egresados de la Facultad. Esta idea s\u00f3lo se concret\u00f3 al inicio en las \u00e1reas de f\u00edsica y matem\u00e1ticas, pues los estudios biol\u00f3gicos continuaron efectu\u00e1ndose en la Facultad de Filosof\u00eda y Letras. Los dem\u00e1s departamentos no llegaron a funcionar como tales.<\/p>\n\n\n\n<p>La incorporaci\u00f3n del departamento de Biolog\u00eda a la Facultad se realiz\u00f3 en 1945, aunque la integraci\u00f3n material no tuvo lugar en esa \u00e9poca, dado que los departamentos de F\u00edsica y de Matem\u00e1ticas continuaron funcionando en el Palacio de Miner\u00eda. Por su parte, el departamento de Biolog\u00eda estaba en una antigua casa porfiriana en la calle de Ezequiel Montes 115, en la colonia Tabacalera; y, a su vez, la direcci\u00f3n de la Facultad se encontraba en Puente de Alvarado 72, actualmente Calzada M\u00e9xico-Tenochtitlan. La ahora muy importante carrera de Actuar\u00eda se cre\u00f3 dentro del departamento de Matem\u00e1ticas, por iniciativa del ingeniero Emilio Velarde y Sol\u00f3rzano, en 1947. La raz\u00f3n por la cual la carrera de Actuar\u00eda se encuentra en la Facultad de Ciencias es porque tiene como objeto de estudio el riesgo que se trabaja a trav\u00e9s del uso y la aplicaci\u00f3n de la probabilidad y la estad\u00edstica principalmente como herramientas b\u00e1sicas, as\u00ed tambi\u00e9n, como otras \u00e1reas importantes de las matem\u00e1ticas.<\/p>\n\n\n\n<figure class=\"wp-block-image size-large\"><img loading=\"lazy\" decoding=\"async\" width=\"1024\" height=\"771\" src=\"https:\/\/revistaquiote.org\/wp-content\/uploads\/2025\/10\/F4_Ciencias-1024x771.jpg\" alt=\"\" class=\"wp-image-3051\" srcset=\"https:\/\/revistaquiote.org\/wp-content\/uploads\/2025\/10\/F4_Ciencias-1024x771.jpg 1024w, https:\/\/revistaquiote.org\/wp-content\/uploads\/2025\/10\/F4_Ciencias-980x737.jpg 980w, https:\/\/revistaquiote.org\/wp-content\/uploads\/2025\/10\/F4_Ciencias-480x361.jpg 480w\" sizes=\"(min-width: 0px) and (max-width: 480px) 480px, (min-width: 481px) and (max-width: 980px) 980px, (min-width: 981px) 1024px, 100vw\" \/><figcaption class=\"wp-element-caption\">La Facultad y la Torre de Ciencias, UNAM, 1952. Ciudad Universitaria.<\/figcaption><\/figure>\n\n\n\n<p>Por otro lado, la Facultad de Ciencias se instal\u00f3 a principios de 1954 en el Campus Central de Ciudad Universitaria, conocido como Las Islas, en el edificio que ocup\u00f3 en la parte central, junto a la Torre de Ciencias, hoy Torre 2 de Humanidades. En esta sede se realizaron los primeros ex\u00e1menes profesionales en Ciudad Universitaria. Desde entonces, los departamentos de Biolog\u00eda, F\u00edsica y Matem\u00e1ticas han estado reunidos, mientras que los institutos correspondientes de manera provisional ocuparon parte del edificio de la antigua Torre de Ciencias. La Facultad permaneci\u00f3 ah\u00ed durante veintitr\u00e9s a\u00f1os.<\/p>\n\n\n\n<figure class=\"wp-block-image size-large\"><img loading=\"lazy\" decoding=\"async\" width=\"1024\" height=\"574\" src=\"https:\/\/revistaquiote.org\/wp-content\/uploads\/2025\/10\/F5_Mural-1024x574.jpg\" alt=\"\" class=\"wp-image-3052\" srcset=\"https:\/\/revistaquiote.org\/wp-content\/uploads\/2025\/10\/F5_Mural-1024x574.jpg 1024w, https:\/\/revistaquiote.org\/wp-content\/uploads\/2025\/10\/F5_Mural-980x550.jpg 980w, https:\/\/revistaquiote.org\/wp-content\/uploads\/2025\/10\/F5_Mural-480x269.jpg 480w\" sizes=\"(min-width: 0px) and (max-width: 480px) 480px, (min-width: 481px) and (max-width: 980px) 980px, (min-width: 981px) 1024px, 100vw\" \/><figcaption class=\"wp-element-caption\">Pintura mural titulada <em>La ciencia y el trabajo<\/em>, 1952. Jos\u00e9 Ch\u00e1vez Morado. Auditorio de la Facultad de Ciencias, UNAM, actualmente auditorio Alfonso Caso.<\/figcaption><\/figure>\n\n\n\n<p>El movimiento estudiantil de 1968 trajo, entre otros resultados, cambios sustanciales en la sociedad, la cultura, el arte, la ense\u00f1anza educativa y en algunas instituciones, as\u00ed como algunos cambios en la Constituci\u00f3n. El esp\u00edritu heredado del movimiento fue de avances para continuar y construir una lucha constante que nos llevara en un camino hacia la democratizaci\u00f3n del pa\u00eds. Estos cambios se expresaron principalmente en las universidades. Un ejemplo de esto se dio a principios de la d\u00e9cada de 1970 en la Facultad de Ciencias, donde las inquietudes de una juventud y un profesorado \u00e1vidos de construir nuevos rumbos para el desarrollo democr\u00e1tico de nuestras instituciones desencadenaron en la b\u00fasqueda de nuevas formas de organizaci\u00f3n interna. Se pretend\u00eda permitir y promover una mayor participaci\u00f3n de acad\u00e9micos, estudiantes y trabajadores en las decisiones que afectaban el funcionamiento de la Facultad. As\u00ed pues, se formaron desde esa \u00e9poca los consejos departamentales como una nueva estructura de organizaci\u00f3n acad\u00e9mica y como \u00f3rganos colegiados que sustitu\u00edan a los jefes de departamento.<\/p>\n\n\n\n<p>En los departamentos exist\u00eda un jefe, normalmente un profesor, que determinaba todas las acciones de manera vertical tanto acad\u00e9micas y presupuestales. Por lo tanto, se cambi\u00f3 el modelo al de \u00f3rganos colegiados, los cuales determinan, de manera colectiva y mediante consensos o votos, las decisiones necesarias para el bien com\u00fan.<\/p>\n\n\n\n<p>As\u00ed fue, como surgieron los Consejos Departamentales de las \u00e1reas de Biolog\u00eda, F\u00edsica y Matem\u00e1ticas, todos ellos a su vez participando mediante representantes, en la estructura de Consejo T\u00e9cnico. Esta figura de Consejo T\u00e9cnico reconocida por el organigrama universitario, se mantiene vigente en general, a excepci\u00f3n del \u00e1rea de Biolog\u00eda, que ahora est\u00e1 integrada por varios departamentos.<\/p>\n\n\n\n<figure class=\"wp-block-image size-large\"><img loading=\"lazy\" decoding=\"async\" width=\"1024\" height=\"689\" src=\"https:\/\/revistaquiote.org\/wp-content\/uploads\/2025\/10\/F6_Clases-1-1024x689.jpg\" alt=\"\" class=\"wp-image-3053\" srcset=\"https:\/\/revistaquiote.org\/wp-content\/uploads\/2025\/10\/F6_Clases-1-1024x689.jpg 1024w, https:\/\/revistaquiote.org\/wp-content\/uploads\/2025\/10\/F6_Clases-1-980x660.jpg 980w, https:\/\/revistaquiote.org\/wp-content\/uploads\/2025\/10\/F6_Clases-1-480x323.jpg 480w\" sizes=\"(min-width: 0px) and (max-width: 480px) 480px, (min-width: 481px) and (max-width: 980px) 980px, (min-width: 981px) 1024px, 100vw\" \/><figcaption class=\"wp-element-caption\">Clase en la sede de \u201cLas islas\u201d de la Facultad de Ciencias, UNAM.<\/figcaption><\/figure>\n\n\n\n<p>Desde principios de 1977, la Facultad se encuentra en sus actuales instalaciones, al sur de Ciudad Universitaria en el Circuito Exterior, acompa\u00f1ada de otras entidades, tales como la Coordinaci\u00f3n de la Investigaci\u00f3n Cient\u00edfica e institutos que la componen, as\u00ed como las instalaciones culturales de la universidad.<\/p>\n\n\n\n<p>A partir de 2010, el crecimiento de la facultad result\u00f3 vertiginoso en t\u00e9rminos de matr\u00edcula estudiantil, profesoras y profesores de tiempo completo, en la administraci\u00f3n y en nuevas instalaciones para la docencia, la investigaci\u00f3n y la divulgaci\u00f3n. En aquel entonces qued\u00f3 compuesta por las carreras de Actuar\u00eda, Matem\u00e1ticas, Biolog\u00eda, F\u00edsica, F\u00edsica biom\u00e9dica, Ciencias de la computaci\u00f3n, Matem\u00e1ticas aplicadas, Ciencias de la Tierra y Manejo sustentable de zonas costeras.<\/p>\n\n\n\n<p>La Facultad de Ciencias de la UNAM cumpli\u00f3 en 2024 ochenta y cinco a\u00f1os de compartir con \u00e9xito una cultura cient\u00edfica de calidad en M\u00e9xico. Felicidades, y felicidades, tambi\u00e9n, por su inmensa labor de formar profesionales en importantes y diversas \u00e1reas del conocimiento cient\u00edfico. Le deseamos la continuidad en el liderazgo en esta actividad y que siga creciendo como ejemplo para otras entidades del pa\u00eds. Que contin\u00fae ofreciendo a la sociedad egresados y conocimiento, y que incorpore cada vez m\u00e1s, como hasta ahora lo ha hecho, a personal acad\u00e9mico capacitado para contribuir y coadyuvar en el dise\u00f1o y la implementaci\u00f3n de soluciones a los grandes problemas del pa\u00eds.<\/p>\n\n\n\n<figure class=\"wp-block-image size-large\"><img loading=\"lazy\" decoding=\"async\" width=\"1024\" height=\"513\" src=\"https:\/\/revistaquiote.org\/wp-content\/uploads\/2025\/10\/F7_Prometeo-1024x513.jpg\" alt=\"\" class=\"wp-image-3054\" srcset=\"https:\/\/revistaquiote.org\/wp-content\/uploads\/2025\/10\/F7_Prometeo-1024x513.jpg 1024w, https:\/\/revistaquiote.org\/wp-content\/uploads\/2025\/10\/F7_Prometeo-980x491.jpg 980w, https:\/\/revistaquiote.org\/wp-content\/uploads\/2025\/10\/F7_Prometeo-480x240.jpg 480w\" sizes=\"(min-width: 0px) and (max-width: 480px) 480px, (min-width: 481px) and (max-width: 980px) 980px, (min-width: 981px) 1024px, 100vw\" \/><figcaption class=\"wp-element-caption\">Escultura titulada <em>Prometeo-Quetzalcoatl<\/em> del artista Rodrigo Arenas y la Facultad de Ciencias en sus actuales instalaciones en el Circuito exterior de Ciudad Universitaria.<\/figcaption><\/figure>\n\n\n\n<p><strong>\u00a1Viva nuestra Universidad Nacional Aut\u00f3noma de M\u00e9xico!<br>\u00a1Viva nuestra Facultad de Ciencias!<br>\u00a1Vivan la ciencia y la tecnolog\u00eda mexicanas!<\/strong><\/p>\n\n\n\n<p>.<\/p>\n","protected":false},"excerpt":{"rendered":"<p>Ciencia y pol\u00edtica se entrelazan como dimensiones inseparables de la cultura plural de una universidad p\u00fablica, laica y gratuita.<\/p>\n","protected":false},"author":1,"featured_media":3047,"comment_status":"open","ping_status":"closed","sticky":false,"template":"","format":"standard","meta":{"_et_pb_use_builder":"off","_et_pb_old_content":"","_et_gb_content_width":"","_jetpack_memberships_contains_paid_content":false,"footnotes":""},"categories":[267],"tags":[119,227,122,356,127,357,353,355,354,87,351,352],"ppma_author":[298],"class_list":["post-3046","post","type-post","status-publish","format-standard","has-post-thumbnail","hentry","category-numero-cinco","tag-ciencia","tag-cultura","tag-educacion","tag-gratuita","tag-historia","tag-indio","tag-instituciones","tag-laica","tag-pluralidad","tag-politica","tag-unam","tag-universidad"],"yoast_head":"<!-- This site is optimized with the Yoast SEO plugin v27.3 - https:\/\/yoast.com\/product\/yoast-seo-wordpress\/ -->\n<title>LA FACULTAD DE CIENCIAS, UNAM. 85 A\u00d1OS COMPARTIENDO CULTURA CIENT\u00cdFICA EN M\u00c9XICO - REVISTA QUIOTE<\/title>\n<meta name=\"description\" content=\"La historia de una instituci\u00f3n que ha sido semillero de ciencia cr\u00edtica, cultura universitaria y luchas democr\u00e1ticas.\" \/>\n<meta name=\"robots\" content=\"index, follow, max-snippet:-1, max-image-preview:large, max-video-preview:-1\" \/>\n<link rel=\"canonical\" href=\"https:\/\/revistaquiote.org\/?p=3046\" \/>\n<meta property=\"og:locale\" content=\"es_ES\" \/>\n<meta property=\"og:type\" content=\"article\" \/>\n<meta property=\"og:title\" content=\"LA FACULTAD DE CIENCIAS, UNAM. 85 A\u00d1OS COMPARTIENDO CULTURA CIENT\u00cdFICA EN M\u00c9XICO - REVISTA QUIOTE\" \/>\n<meta property=\"og:description\" content=\"La historia de una instituci\u00f3n que ha sido semillero de ciencia cr\u00edtica, cultura universitaria y luchas democr\u00e1ticas.\" \/>\n<meta property=\"og:url\" content=\"https:\/\/revistaquiote.org\/?p=3046\" \/>\n<meta property=\"og:site_name\" content=\"REVISTA QUIOTE\" \/>\n<meta property=\"article:publisher\" content=\"https:\/\/www.facebook.com\/profile.php?id=61581285934903&amp;rdid=NyTBdLDXXt5DTPla&amp;share_url=httpswww.facebook.comshare16XQGGa34v#\" \/>\n<meta property=\"article:published_time\" content=\"2025-10-26T21:21:34+00:00\" \/>\n<meta property=\"article:modified_time\" content=\"2025-11-03T19:08:17+00:00\" \/>\n<meta property=\"og:image\" content=\"https:\/\/revistaquiote.org\/wp-content\/uploads\/2025\/10\/F6_Clases.jpg\" \/>\n\t<meta property=\"og:image:width\" content=\"1200\" \/>\n\t<meta property=\"og:image:height\" content=\"808\" \/>\n\t<meta property=\"og:image:type\" content=\"image\/jpeg\" \/>\n<meta name=\"author\" content=\"Un Indio Cuidapir\u00e1mides\" \/>\n<meta name=\"twitter:card\" content=\"summary_large_image\" \/>\n<meta name=\"twitter:creator\" content=\"@RQuiote\" \/>\n<meta name=\"twitter:site\" content=\"@RQuiote\" \/>\n<meta name=\"twitter:label1\" content=\"Escrito por\" \/>\n\t<meta name=\"twitter:data1\" content=\"Miguel Torres\" \/>\n\t<meta name=\"twitter:label2\" content=\"Tiempo de lectura\" \/>\n\t<meta name=\"twitter:data2\" content=\"8 minutos\" \/>\n<script type=\"application\/ld+json\" class=\"yoast-schema-graph\">{\"@context\":\"https:\\\/\\\/schema.org\",\"@graph\":[{\"@type\":\"Article\",\"@id\":\"https:\\\/\\\/revistaquiote.org\\\/?p=3046#article\",\"isPartOf\":{\"@id\":\"https:\\\/\\\/revistaquiote.org\\\/?p=3046\"},\"author\":{\"name\":\"Miguel Torres\",\"@id\":\"https:\\\/\\\/revistaquiote.org\\\/#\\\/schema\\\/person\\\/d7a3f9ed4669a5897b231922e7fc292e\"},\"headline\":\"LA FACULTAD DE CIENCIAS, UNAM. 85 A\u00d1OS COMPARTIENDO CULTURA CIENT\u00cdFICA EN M\u00c9XICO\",\"datePublished\":\"2025-10-26T21:21:34+00:00\",\"dateModified\":\"2025-11-03T19:08:17+00:00\",\"mainEntityOfPage\":{\"@id\":\"https:\\\/\\\/revistaquiote.org\\\/?p=3046\"},\"wordCount\":1467,\"commentCount\":0,\"publisher\":{\"@id\":\"https:\\\/\\\/revistaquiote.org\\\/#organization\"},\"image\":{\"@id\":\"https:\\\/\\\/revistaquiote.org\\\/?p=3046#primaryimage\"},\"thumbnailUrl\":\"https:\\\/\\\/revistaquiote.org\\\/wp-content\\\/uploads\\\/2025\\\/10\\\/F6_Clases.jpg\",\"keywords\":[\"Ciencia\",\"cultura\",\"Educaci\u00f3n\",\"gratuita\",\"Historia\",\"indio\",\"Instituciones\",\"laica\",\"Pluralidad\",\"pol\u00edtica\",\"unam\",\"universidad\"],\"articleSection\":[\"N\u00daMERO CINCO\"],\"inLanguage\":\"es\",\"potentialAction\":[{\"@type\":\"CommentAction\",\"name\":\"Comment\",\"target\":[\"https:\\\/\\\/revistaquiote.org\\\/?p=3046#respond\"]}]},{\"@type\":\"WebPage\",\"@id\":\"https:\\\/\\\/revistaquiote.org\\\/?p=3046\",\"url\":\"https:\\\/\\\/revistaquiote.org\\\/?p=3046\",\"name\":\"LA FACULTAD DE CIENCIAS, UNAM. 85 A\u00d1OS COMPARTIENDO CULTURA CIENT\u00cdFICA EN M\u00c9XICO - REVISTA QUIOTE\",\"isPartOf\":{\"@id\":\"https:\\\/\\\/revistaquiote.org\\\/#website\"},\"primaryImageOfPage\":{\"@id\":\"https:\\\/\\\/revistaquiote.org\\\/?p=3046#primaryimage\"},\"image\":{\"@id\":\"https:\\\/\\\/revistaquiote.org\\\/?p=3046#primaryimage\"},\"thumbnailUrl\":\"https:\\\/\\\/revistaquiote.org\\\/wp-content\\\/uploads\\\/2025\\\/10\\\/F6_Clases.jpg\",\"datePublished\":\"2025-10-26T21:21:34+00:00\",\"dateModified\":\"2025-11-03T19:08:17+00:00\",\"description\":\"La historia de una instituci\u00f3n que ha sido semillero de ciencia cr\u00edtica, cultura universitaria y luchas democr\u00e1ticas.\",\"breadcrumb\":{\"@id\":\"https:\\\/\\\/revistaquiote.org\\\/?p=3046#breadcrumb\"},\"inLanguage\":\"es\",\"potentialAction\":[{\"@type\":\"ReadAction\",\"target\":[\"https:\\\/\\\/revistaquiote.org\\\/?p=3046\"]}]},{\"@type\":\"ImageObject\",\"inLanguage\":\"es\",\"@id\":\"https:\\\/\\\/revistaquiote.org\\\/?p=3046#primaryimage\",\"url\":\"https:\\\/\\\/revistaquiote.org\\\/wp-content\\\/uploads\\\/2025\\\/10\\\/F6_Clases.jpg\",\"contentUrl\":\"https:\\\/\\\/revistaquiote.org\\\/wp-content\\\/uploads\\\/2025\\\/10\\\/F6_Clases.jpg\",\"width\":1200,\"height\":808},{\"@type\":\"BreadcrumbList\",\"@id\":\"https:\\\/\\\/revistaquiote.org\\\/?p=3046#breadcrumb\",\"itemListElement\":[{\"@type\":\"ListItem\",\"position\":1,\"name\":\"Portada\",\"item\":\"https:\\\/\\\/revistaquiote.org\\\/\"},{\"@type\":\"ListItem\",\"position\":2,\"name\":\"LA FACULTAD DE CIENCIAS, UNAM. 85 A\u00d1OS COMPARTIENDO CULTURA CIENT\u00cdFICA EN M\u00c9XICO\"}]},{\"@type\":\"WebSite\",\"@id\":\"https:\\\/\\\/revistaquiote.org\\\/#website\",\"url\":\"https:\\\/\\\/revistaquiote.org\\\/\",\"name\":\"REVISTA QUIOTE\",\"description\":\"N\u00daMERO SEIS\",\"publisher\":{\"@id\":\"https:\\\/\\\/revistaquiote.org\\\/#organization\"},\"potentialAction\":[{\"@type\":\"SearchAction\",\"target\":{\"@type\":\"EntryPoint\",\"urlTemplate\":\"https:\\\/\\\/revistaquiote.org\\\/?s={search_term_string}\"},\"query-input\":{\"@type\":\"PropertyValueSpecification\",\"valueRequired\":true,\"valueName\":\"search_term_string\"}}],\"inLanguage\":\"es\"},{\"@type\":\"Organization\",\"@id\":\"https:\\\/\\\/revistaquiote.org\\\/#organization\",\"name\":\"REVISTA QUIOTE\",\"url\":\"https:\\\/\\\/revistaquiote.org\\\/\",\"logo\":{\"@type\":\"ImageObject\",\"inLanguage\":\"es\",\"@id\":\"https:\\\/\\\/revistaquiote.org\\\/#\\\/schema\\\/logo\\\/image\\\/\",\"url\":\"https:\\\/\\\/revistaquiote.org\\\/wp-content\\\/uploads\\\/2023\\\/06\\\/Quiote-logo_01.png\",\"contentUrl\":\"https:\\\/\\\/revistaquiote.org\\\/wp-content\\\/uploads\\\/2023\\\/06\\\/Quiote-logo_01.png\",\"width\":1042,\"height\":417,\"caption\":\"REVISTA QUIOTE\"},\"image\":{\"@id\":\"https:\\\/\\\/revistaquiote.org\\\/#\\\/schema\\\/logo\\\/image\\\/\"},\"sameAs\":[\"https:\\\/\\\/www.facebook.com\\\/profile.php?id=61581285934903&rdid=NyTBdLDXXt5DTPla&share_url=httpswww.facebook.comshare16XQGGa34v#\",\"https:\\\/\\\/x.com\\\/RQuiote\",\"https:\\\/\\\/www.instagram.com\\\/revista.quiote\\\/\"]},{\"@type\":\"Person\",\"@id\":\"https:\\\/\\\/revistaquiote.org\\\/#\\\/schema\\\/person\\\/d7a3f9ed4669a5897b231922e7fc292e\",\"name\":\"Miguel Torres\",\"image\":{\"@type\":\"ImageObject\",\"inLanguage\":\"es\",\"@id\":\"https:\\\/\\\/secure.gravatar.com\\\/avatar\\\/00c77c9b45fb8ec83854a3fc58bb68a9455f554fb2ed7d93769f39cab7a2c6a4?s=96&d=mm&r=gd1fa56e4f1f0eb1983a3ad9f6827f3c2\",\"url\":\"https:\\\/\\\/secure.gravatar.com\\\/avatar\\\/00c77c9b45fb8ec83854a3fc58bb68a9455f554fb2ed7d93769f39cab7a2c6a4?s=96&d=mm&r=g\",\"contentUrl\":\"https:\\\/\\\/secure.gravatar.com\\\/avatar\\\/00c77c9b45fb8ec83854a3fc58bb68a9455f554fb2ed7d93769f39cab7a2c6a4?s=96&d=mm&r=g\",\"caption\":\"Miguel Torres\"},\"sameAs\":[\"https:\\\/\\\/revistaquiote.org\"],\"url\":\"https:\\\/\\\/revistaquiote.org\\\/?author=1\"}]}<\/script>\n<!-- \/ Yoast SEO plugin. -->","yoast_head_json":{"title":"LA FACULTAD DE CIENCIAS, UNAM. 85 A\u00d1OS COMPARTIENDO CULTURA CIENT\u00cdFICA EN M\u00c9XICO - REVISTA QUIOTE","description":"La historia de una instituci\u00f3n que ha sido semillero de ciencia cr\u00edtica, cultura universitaria y luchas democr\u00e1ticas.","robots":{"index":"index","follow":"follow","max-snippet":"max-snippet:-1","max-image-preview":"max-image-preview:large","max-video-preview":"max-video-preview:-1"},"canonical":"https:\/\/revistaquiote.org\/?p=3046","og_locale":"es_ES","og_type":"article","og_title":"LA FACULTAD DE CIENCIAS, UNAM. 85 A\u00d1OS COMPARTIENDO CULTURA CIENT\u00cdFICA EN M\u00c9XICO - REVISTA QUIOTE","og_description":"La historia de una instituci\u00f3n que ha sido semillero de ciencia cr\u00edtica, cultura universitaria y luchas democr\u00e1ticas.","og_url":"https:\/\/revistaquiote.org\/?p=3046","og_site_name":"REVISTA QUIOTE","article_publisher":"https:\/\/www.facebook.com\/profile.php?id=61581285934903&rdid=NyTBdLDXXt5DTPla&share_url=httpswww.facebook.comshare16XQGGa34v#","article_published_time":"2025-10-26T21:21:34+00:00","article_modified_time":"2025-11-03T19:08:17+00:00","og_image":[{"width":1200,"height":808,"url":"https:\/\/revistaquiote.org\/wp-content\/uploads\/2025\/10\/F6_Clases.jpg","type":"image\/jpeg"}],"author":"Un Indio Cuidapir\u00e1mides","twitter_card":"summary_large_image","twitter_creator":"@RQuiote","twitter_site":"@RQuiote","twitter_misc":{"Escrito por":"Miguel Torres","Tiempo de lectura":"8 minutos"},"schema":{"@context":"https:\/\/schema.org","@graph":[{"@type":"Article","@id":"https:\/\/revistaquiote.org\/?p=3046#article","isPartOf":{"@id":"https:\/\/revistaquiote.org\/?p=3046"},"author":{"name":"Miguel Torres","@id":"https:\/\/revistaquiote.org\/#\/schema\/person\/d7a3f9ed4669a5897b231922e7fc292e"},"headline":"LA FACULTAD DE CIENCIAS, UNAM. 85 A\u00d1OS COMPARTIENDO CULTURA CIENT\u00cdFICA EN M\u00c9XICO","datePublished":"2025-10-26T21:21:34+00:00","dateModified":"2025-11-03T19:08:17+00:00","mainEntityOfPage":{"@id":"https:\/\/revistaquiote.org\/?p=3046"},"wordCount":1467,"commentCount":0,"publisher":{"@id":"https:\/\/revistaquiote.org\/#organization"},"image":{"@id":"https:\/\/revistaquiote.org\/?p=3046#primaryimage"},"thumbnailUrl":"https:\/\/revistaquiote.org\/wp-content\/uploads\/2025\/10\/F6_Clases.jpg","keywords":["Ciencia","cultura","Educaci\u00f3n","gratuita","Historia","indio","Instituciones","laica","Pluralidad","pol\u00edtica","unam","universidad"],"articleSection":["N\u00daMERO CINCO"],"inLanguage":"es","potentialAction":[{"@type":"CommentAction","name":"Comment","target":["https:\/\/revistaquiote.org\/?p=3046#respond"]}]},{"@type":"WebPage","@id":"https:\/\/revistaquiote.org\/?p=3046","url":"https:\/\/revistaquiote.org\/?p=3046","name":"LA FACULTAD DE CIENCIAS, UNAM. 85 A\u00d1OS COMPARTIENDO CULTURA CIENT\u00cdFICA EN M\u00c9XICO - REVISTA QUIOTE","isPartOf":{"@id":"https:\/\/revistaquiote.org\/#website"},"primaryImageOfPage":{"@id":"https:\/\/revistaquiote.org\/?p=3046#primaryimage"},"image":{"@id":"https:\/\/revistaquiote.org\/?p=3046#primaryimage"},"thumbnailUrl":"https:\/\/revistaquiote.org\/wp-content\/uploads\/2025\/10\/F6_Clases.jpg","datePublished":"2025-10-26T21:21:34+00:00","dateModified":"2025-11-03T19:08:17+00:00","description":"La historia de una instituci\u00f3n que ha sido semillero de ciencia cr\u00edtica, cultura universitaria y luchas democr\u00e1ticas.","breadcrumb":{"@id":"https:\/\/revistaquiote.org\/?p=3046#breadcrumb"},"inLanguage":"es","potentialAction":[{"@type":"ReadAction","target":["https:\/\/revistaquiote.org\/?p=3046"]}]},{"@type":"ImageObject","inLanguage":"es","@id":"https:\/\/revistaquiote.org\/?p=3046#primaryimage","url":"https:\/\/revistaquiote.org\/wp-content\/uploads\/2025\/10\/F6_Clases.jpg","contentUrl":"https:\/\/revistaquiote.org\/wp-content\/uploads\/2025\/10\/F6_Clases.jpg","width":1200,"height":808},{"@type":"BreadcrumbList","@id":"https:\/\/revistaquiote.org\/?p=3046#breadcrumb","itemListElement":[{"@type":"ListItem","position":1,"name":"Portada","item":"https:\/\/revistaquiote.org\/"},{"@type":"ListItem","position":2,"name":"LA FACULTAD DE CIENCIAS, UNAM. 85 A\u00d1OS COMPARTIENDO CULTURA CIENT\u00cdFICA EN M\u00c9XICO"}]},{"@type":"WebSite","@id":"https:\/\/revistaquiote.org\/#website","url":"https:\/\/revistaquiote.org\/","name":"REVISTA QUIOTE","description":"N\u00daMERO SEIS","publisher":{"@id":"https:\/\/revistaquiote.org\/#organization"},"potentialAction":[{"@type":"SearchAction","target":{"@type":"EntryPoint","urlTemplate":"https:\/\/revistaquiote.org\/?s={search_term_string}"},"query-input":{"@type":"PropertyValueSpecification","valueRequired":true,"valueName":"search_term_string"}}],"inLanguage":"es"},{"@type":"Organization","@id":"https:\/\/revistaquiote.org\/#organization","name":"REVISTA QUIOTE","url":"https:\/\/revistaquiote.org\/","logo":{"@type":"ImageObject","inLanguage":"es","@id":"https:\/\/revistaquiote.org\/#\/schema\/logo\/image\/","url":"https:\/\/revistaquiote.org\/wp-content\/uploads\/2023\/06\/Quiote-logo_01.png","contentUrl":"https:\/\/revistaquiote.org\/wp-content\/uploads\/2023\/06\/Quiote-logo_01.png","width":1042,"height":417,"caption":"REVISTA QUIOTE"},"image":{"@id":"https:\/\/revistaquiote.org\/#\/schema\/logo\/image\/"},"sameAs":["https:\/\/www.facebook.com\/profile.php?id=61581285934903&rdid=NyTBdLDXXt5DTPla&share_url=httpswww.facebook.comshare16XQGGa34v#","https:\/\/x.com\/RQuiote","https:\/\/www.instagram.com\/revista.quiote\/"]},{"@type":"Person","@id":"https:\/\/revistaquiote.org\/#\/schema\/person\/d7a3f9ed4669a5897b231922e7fc292e","name":"Miguel Torres","image":{"@type":"ImageObject","inLanguage":"es","@id":"https:\/\/secure.gravatar.com\/avatar\/00c77c9b45fb8ec83854a3fc58bb68a9455f554fb2ed7d93769f39cab7a2c6a4?s=96&d=mm&r=gd1fa56e4f1f0eb1983a3ad9f6827f3c2","url":"https:\/\/secure.gravatar.com\/avatar\/00c77c9b45fb8ec83854a3fc58bb68a9455f554fb2ed7d93769f39cab7a2c6a4?s=96&d=mm&r=g","contentUrl":"https:\/\/secure.gravatar.com\/avatar\/00c77c9b45fb8ec83854a3fc58bb68a9455f554fb2ed7d93769f39cab7a2c6a4?s=96&d=mm&r=g","caption":"Miguel Torres"},"sameAs":["https:\/\/revistaquiote.org"],"url":"https:\/\/revistaquiote.org\/?author=1"}]}},"jetpack_featured_media_url":"https:\/\/revistaquiote.org\/wp-content\/uploads\/2025\/10\/F6_Clases.jpg","jetpack_sharing_enabled":true,"authors":[{"term_id":298,"user_id":0,"is_guest":1,"slug":"un-indio-cuidapiramides","display_name":"Un Indio Cuidapir\u00e1mides","avatar_url":"https:\/\/secure.gravatar.com\/avatar\/?s=96&d=mm&r=g","0":null,"1":"","2":"","3":"","4":"","5":"","6":"","7":"","8":""}],"_links":{"self":[{"href":"https:\/\/revistaquiote.org\/index.php?rest_route=\/wp\/v2\/posts\/3046","targetHints":{"allow":["GET"]}}],"collection":[{"href":"https:\/\/revistaquiote.org\/index.php?rest_route=\/wp\/v2\/posts"}],"about":[{"href":"https:\/\/revistaquiote.org\/index.php?rest_route=\/wp\/v2\/types\/post"}],"author":[{"embeddable":true,"href":"https:\/\/revistaquiote.org\/index.php?rest_route=\/wp\/v2\/users\/1"}],"replies":[{"embeddable":true,"href":"https:\/\/revistaquiote.org\/index.php?rest_route=%2Fwp%2Fv2%2Fcomments&post=3046"}],"version-history":[{"count":6,"href":"https:\/\/revistaquiote.org\/index.php?rest_route=\/wp\/v2\/posts\/3046\/revisions"}],"predecessor-version":[{"id":3120,"href":"https:\/\/revistaquiote.org\/index.php?rest_route=\/wp\/v2\/posts\/3046\/revisions\/3120"}],"wp:featuredmedia":[{"embeddable":true,"href":"https:\/\/revistaquiote.org\/index.php?rest_route=\/wp\/v2\/media\/3047"}],"wp:attachment":[{"href":"https:\/\/revistaquiote.org\/index.php?rest_route=%2Fwp%2Fv2%2Fmedia&parent=3046"}],"wp:term":[{"taxonomy":"category","embeddable":true,"href":"https:\/\/revistaquiote.org\/index.php?rest_route=%2Fwp%2Fv2%2Fcategories&post=3046"},{"taxonomy":"post_tag","embeddable":true,"href":"https:\/\/revistaquiote.org\/index.php?rest_route=%2Fwp%2Fv2%2Ftags&post=3046"},{"taxonomy":"author","embeddable":true,"href":"https:\/\/revistaquiote.org\/index.php?rest_route=%2Fwp%2Fv2%2Fppma_author&post=3046"}],"curies":[{"name":"wp","href":"https:\/\/api.w.org\/{rel}","templated":true}]}}