{"id":326,"date":"2023-10-10T00:00:45","date_gmt":"2023-10-10T00:00:45","guid":{"rendered":"https:\/\/revistaquiote.org\/?p=326"},"modified":"2023-12-03T00:55:23","modified_gmt":"2023-12-03T00:55:23","slug":"ante-el-destello-del-porvenir-raqs-media-collective","status":"publish","type":"post","link":"https:\/\/revistaquiote.org\/?p=326","title":{"rendered":"ANTE EL DESTELLO DEL PORVENIR \/ RAQS MEDIA COLLECTIVE"},"content":{"rendered":"<p>[et_pb_section fb_built=\u00bb1&#8243; _builder_version=\u00bb4.21.0&#8243; _module_preset=\u00bbdefault\u00bb background_color=\u00bbRGBA(255,255,255,0)\u00bb custom_padding=\u00bb2px|||||\u00bb global_colors_info=\u00bb{}\u00bb][et_pb_row _builder_version=\u00bb4.21.0&#8243; _module_preset=\u00bbdefault\u00bb custom_padding=\u00bb||0px|||\u00bb global_colors_info=\u00bb{}\u00bb][et_pb_column type=\u00bb4_4&#8243; _builder_version=\u00bb4.21.0&#8243; _module_preset=\u00bbdefault\u00bb global_colors_info=\u00bb{}\u00bb][et_pb_text _builder_version=\u00bb4.23.1&#8243; _module_preset=\u00bbdefault\u00bb hover_enabled=\u00bb0&#8243; global_colors_info=\u00bb{}\u00bb sticky_enabled=\u00bb0&#8243;]<\/p>\n<p><strong>ETHEL RAMOS<\/strong><\/p>\n<p><strong>En las \u00faltimas d\u00e9cadas el arte ha sufrido transformaciones<\/strong> acordes a los tiempos que corren, desde la desmaterializaci\u00f3n de las obras hasta su encriptaci\u00f3n las pr\u00e1cticas art\u00edsticas se manifiestan como reflejo de nuestro presente. <span>Dentro de este <\/span><span>contexto<\/span><span>, <\/span><span>existe<\/span><span> arte<\/span><span> que<\/span><span> crea <\/span> v\u00edas de posibilidad para la manifestaci\u00f3n de cr\u00edtica y activismo pol\u00edtico, a partir de la construcci\u00f3n de utop\u00edas que abren la esperanza de otros futuros posibles. La convicci\u00f3n de quienes hacen este arte pareciera estar vinculada con el concepto que Jacques Derrida llam\u00f3 \u201cun mesi\u00e1nico sin mesianismo\u201d, es decir, aquello que subsiste como experiencia de la promesa emancipatoria y de una idea de justicia. [1] Derrida se\u00f1ala:<\/p>\n<blockquote>\n<p>La idea [\u2026] de la democracia por venir [\u2026] ordena hacer que venga aquello mismo que no se presentar\u00e1 jam\u00e1s en la forma de la presencia plena. [\u2026]<em> Dicha condici\u00f3n de posibilidad<\/em> del acontecimiento es tambi\u00e9n su <em>condici\u00f3n de imposibilidad<\/em>, como ese extra\u00f1o concepto del mesianismo sin contenido, de lo mesi\u00e1nico sin mesianismo. [\u2026]. Pero ser\u00eda igualmente f\u00e1cil mostrar que, sin esta experiencia de lo imposible, m\u00e1s valdr\u00eda renunciar tanto a la justicia como al acontecimiento. [2]<\/p>\n<\/blockquote>\n<p>Lo que permite que el trabajo de las y los artistas que hacen arte pol\u00edtico construya discursos a trav\u00e9s de la reactivaci\u00f3n del tiempo y de la historia <span>e<\/span><span>s esta b\u00fasqueda de espectros como promesas del porvenir.<\/span><br \/><span>Asimismo<\/span>,<span> otra pervivencia del pasado en el presente es<\/span> el empleo de la luz y del rel\u00e1mpago como s\u00edmbolos de fuerzas naturales acordes a la pulsi\u00f3n de la vida. El imaginario depositado en las figuras de los doctores <em>Frankenstein<\/em>, de Mary Shelly, y <em>Fausto<\/em>, de Goethe, es ejemplo de c\u00f3mo la electricidad ha sido concebida como una fuerza dadora de vida. Respecto a la fuerza emancipatoria en el arte, esta noci\u00f3n puede verse reflejada en la concepci\u00f3n de im\u00e1genes relampagueantes y en la persistencia de pr\u00e1cticas art\u00edsticas que hoy siguen haciendo de la luz, el relampagueo y el resplandor un s\u00edmbolo para la activaci\u00f3n de enunciaciones pol\u00edticas. Este es el caso del trabajo de Raqs Media Collective, un grupo art\u00edstico creado en India en 1992, por Jeebesh Bagchi, Monica Narula y Shuddhabrata Sengupta.<br \/>El trabajo de este colectivo ha sido descrito por el Museo Universitario de Arte Contempor\u00e1neo de la UNAM, de la siguiente manera:<\/p>\n<blockquote>\n<p>Raqs es un laboratorio de pensamiento que propone a la est\u00e9tica como punto de partida para una reflexi\u00f3n social y pol\u00edtica. El origen de su nombre hace referencia, tanto a la palabra usada en persa, \u00e1rabe y urdu que define un estado de meditaci\u00f3n, como al acr\u00f3nimo en ingl\u00e9s \u201cRarely Asked Questions, RAQS\u201d [preguntas raramente hechas]. [\u2026] Jugando con m\u00faltiples roles, el colectivo se desempe\u00f1a como artista, comisario y como ellos mismos se definen: agentes filos\u00f3ficos provocadores. [\u2026] Siempre jugando con una po\u00e9tica imprecisa, Raqs Media Collective analiza el pasado, piensa el presente e imagina el futuro. [3]<\/p>\n<\/blockquote>\n<p>Siguiendo estos principios, en el a\u00f1o 2020, en medio de la pandemia por Covid-19, se inaugur\u00f3 la Trienal de Yokohama curada por Raqs. Con el t\u00edtulo<em> The Afterglow<\/em> Raqs el colectivo reactiv\u00f3 la fuerza del destello que desprenden las im\u00e1genes ante el tiempo y las present\u00f3 en un momento de incertidumbre que, pese a la crisis que ello ha representado, abri\u00f3 la posibilidad de repensar el ahora e idear futuros posibles. Raqs coment\u00f3 al respecto del proyecto:<\/p>\n<blockquote>\n<p><em>The Afterglow<\/em> es tambi\u00e9n una infraestructura de relaciones, de preceptos y afectos, de una capacidad de ver y narrar el mundo con paciencia y asombro. Este andamio nos ayuda a sentir temblores y fallas, fallas y avances en las pulsaciones de la vida. Estas capacidades son necesarias para acceder a fuentes dentro de nosotros, que a veces pueden estar escondidas en los reservorios de nuestra vida com\u00fan, de nuestros paisajes conectados y contiguos. Ayudan a forjar v\u00ednculos, afinidades y sororidades, a fin de cambiar las reglas del juego. [4]<\/p>\n<\/blockquote>\n<p>[\/et_pb_text][\/et_pb_column][\/et_pb_row][et_pb_row _builder_version=\u00bb4.21.0&#8243; _module_preset=\u00bbdefault\u00bb min_height=\u00bb483.7px\u00bb global_colors_info=\u00bb{}\u00bb][et_pb_column type=\u00bb4_4&#8243; _builder_version=\u00bb4.21.0&#8243; _module_preset=\u00bbdefault\u00bb global_colors_info=\u00bb{}\u00bb][et_pb_image src=\u00bbhttps:\/\/revistaquiote.org\/wp-content\/uploads\/2023\/09\/naturemorte-2351-h800-q90-rz3-b75.jpg\u00bb title_text=\u00bbnaturemorte-2351-h800-q90-rz3-b75&#8243; admin_label=\u00bbRevoltage, instalaci\u00f3n, 2010. Fotograf\u00eda: MUAC, UNAM.\u00bb _builder_version=\u00bb4.21.0&#8243; _module_preset=\u00bbdefault\u00bb custom_margin=\u00bb-13px||-13px||true|\u00bb custom_padding=\u00bb0px|||||\u00bb global_colors_info=\u00bb{}\u00bb][\/et_pb_image][et_pb_text _builder_version=\u00bb4.23&#8243; _module_preset=\u00bbdefault\u00bb text_font_size=\u00bb12px\u00bb custom_padding=\u00bb14px|||||\u00bb global_colors_info=\u00bb{}\u00bb]<\/p>\n<p style=\"text-align: left;\"><em>Revoltage<\/em>, instalaci\u00f3n, 2010. Fotograf\u00eda: MUAC, UNAM.<\/p>\n<p>[\/et_pb_text][\/et_pb_column][\/et_pb_row][et_pb_row _builder_version=\u00bb4.21.0&#8243; _module_preset=\u00bbdefault\u00bb min_height=\u00bb632.1px\u00bb custom_padding=\u00bb3px|||||\u00bb global_colors_info=\u00bb{}\u00bb][et_pb_column type=\u00bb4_4&#8243; _builder_version=\u00bb4.21.0&#8243; _module_preset=\u00bbdefault\u00bb global_colors_info=\u00bb{}\u00bb][et_pb_text _builder_version=\u00bb4.23&#8243; _module_preset=\u00bbdefault\u00bb min_height=\u00bb607.1px\u00bb global_colors_info=\u00bb{}\u00bb]<\/p>\n<p>En el a\u00f1o 2010, el colectivo produjo la pieza titulada <em>El capital de la acumulaci\u00f3n<\/em>, reactivando la imagen y el trabajo de Rosa Luxemburgo. En un formato de pel\u00edcula a dos canales se escuchaba: \u201cCuando te vi caminar las calles de la ciudad, te o\u00ed escuchar la voz de las hojas ca\u00eddas en el suelo del bosque. Esto tambi\u00e9n fue una acumulaci\u00f3n, este mont\u00f3n de hojas, esta reuni\u00f3n de venas abiertas, un abono de sue\u00f1os, agotado de cosechar la luz de un sol sombr\u00edo\u201d. [5] Cuauht\u00e9moc Medina se\u00f1ala que esta pieza alude la a existencia de otro tipo de acumulaci\u00f3n fantasmal, et\u00e9rea y residual, [6] una acumulaci\u00f3n que quiz\u00e1 valdr\u00eda la pena pensar como espectro del pasado manifestada en aquello que a\u00fan no ha sido, pues, tal como apuntaba Derrida, \u201cel porvenir s\u00f3lo puede anunciarse como tal y en toda su pureza desde un<em> fin pasado<\/em>: m\u00e1s all\u00e1, si ello es posible, del \u00faltimo extremo. [\u2026] El porvenir s\u00f3lo puede ser de los fantasmas. Y el pasado\u201d. [7]<br \/>\u00a0 \u00a0 \u00a0 \u00a0 \u00a0 <span>En su trabajo<\/span>, <span>constantemente configurado dentro de una dial\u00e9ctica entre tecnolog\u00eda y pol\u00edtica, el colectivo <\/span>reactiva el imaginario cient\u00edfico de la literatura, donde la electricidad representa una posibilidad de vida. Ejemplo de ello son las obras <em>Revoltage <\/em>(2010) y <em>Marks<\/em> (2012), en las que la luz fung\u00eda como medio para su pronunciamiento. Igualmente, esto se hizo presente en <em>The Afterglow<\/em>, donde definieron su propuesta curatorial con la frase: \u201cUn intervalo luminoso, una anticipaci\u00f3n resplandeciente, un flujo centelleante, una corriente cargada de energ\u00eda entre los matorrales de la presencia y el devenir\u201d. [8]<br \/>\u00a0 \u00a0 \u00a0 \u00a0 \u00a0 \u00a0En el trabajo de Raqs tambi\u00e9n resuena el pensamiento benjaminiano al construir im\u00e1genes dial\u00e9cticas que activan el pasado en el presente dentro de una constelaci\u00f3n en tensiones, y se posicionan asumiendo que \u201ca nosotros, como a cualquier otra generaci\u00f3n anterior, se nos habr\u00e1 dotado de una <em>d\u00e9bil<\/em> fuerza mesi\u00e1nica. Ese derecho no cabe despacharlo a un bajo precio\u201d. [9] Es por ello que, en sus pr\u00e1cticas art\u00edsticas Raqs Media Collective realiza una operaci\u00f3n que transita de lo inteligible a lo sensible y deviene en el principio esperanza del ahora, lo que permite vislumbrar en su obra, en tanto se trata de im\u00e1genes ante el tiempo, un destello, una chispa o un relampagueo <span>que trae consigo la promesa de <\/span>un porvenir emancipado.<\/p>\n<p>[\/et_pb_text][et_pb_image src=\u00bbhttps:\/\/revistaquiote.org\/wp-content\/uploads\/2023\/09\/RQSMC.jpg\u00bb title_text=\u00bbRQSMC\u00bb _builder_version=\u00bb4.23&#8243; _module_preset=\u00bbdefault\u00bb global_colors_info=\u00bb{}\u00bb][\/et_pb_image][et_pb_text _builder_version=\u00bb4.23&#8243; _module_preset=\u00bbdefault\u00bb text_font_size=\u00bb12px\u00bb min_height=\u00bb27.8px\u00bb custom_margin=\u00bb-20px|||||\u00bb custom_padding=\u00bb0px||3px|||\u00bb global_colors_info=\u00bb{}\u00bb]<\/p>\n<p style=\"text-align: left;\"><em><span style=\"text-decoration: underline;\">Marks<\/span><\/em>, instalaci\u00f3n, 2010. Fotograf\u00eda: MUAC, UNAM.<\/p>\n<p>[\/et_pb_text][et_pb_text _builder_version=\u00bb4.21.0&#8243; _module_preset=\u00bbdefault\u00bb global_colors_info=\u00bb{}\u00bb]<\/p>\n<p>________<\/p>\n<p><strong>NOTAS \/ REFERENCIAS<\/strong><\/p>\n<p>1. Jacques Derrida, <em>Espectros de Marx. El estado de la deuda, el trabajo del duelo y la nueva internacional<\/em> (Madrid: Trotta, 1998), 73.<br \/>2. Ibid., 79-80.<br \/>3. Raqs Media Collective, <em>Es posible porque es posible <\/em>(M\u00e9xico: MUAC, CA2M y Fundaci\u00f3n proa, 2014), 72.<br \/>4. Raqs Media Collective, Yokohama Triennale, \u201cFrom the Artistic Director\u201d, acceso 24 de octubre de 2021. https:\/\/www.yokohamatriennale.jp\/english\/2020\/concept\/.<br \/>5. Raqs Media Collective, <em>Es posible porque es posible<\/em>, 31.<br \/>6.\u00a0Cuauht\u00e9moc Medina, \u201cUna historia del infinito y algunas cat\u00e1strofes recientes: acerca de El capital de la acumulaci\u00f3n de Raqs Media Collective\u201d, en Raqs Media Collective, Est\u00e1 escrito porque est\u00e1 escrito (M\u00e9xico: MUAC, CA2My Fundaci\u00f3n proa, 2014), 118.<br \/>7. Jacques Derrida, <em>Espectros de Marx<\/em>, 50.<br \/>8. Raqs Media Collective, Yokohama Triennale, \u201cFrom the Artistic Director\u201d.<br \/>9. Walter Benjamin, \u201cSobre el concepto de Historia\u201d en <em>Obras completas<\/em>, Lib. I, Vol. I, (Madrid: Abada: 2006), 306.<\/p>\n<p>[\/et_pb_text][\/et_pb_column][\/et_pb_row][\/et_pb_section]<\/p>\n","protected":false},"excerpt":{"rendered":"<p>ETHEL RAMOS En las \u00faltimas d\u00e9cadas el arte ha sufrido transformaciones acordes a los tiempos que corren, desde la desmaterializaci\u00f3n de las obras hasta su encriptaci\u00f3n las pr\u00e1cticas art\u00edsticas se manifiestan como reflejo de nuestro presente. Dentro de este contexto, existe arte que crea v\u00edas de posibilidad para la manifestaci\u00f3n de cr\u00edtica y activismo pol\u00edtico, [&hellip;]<\/p>\n","protected":false},"author":8,"featured_media":685,"comment_status":"open","ping_status":"closed","sticky":false,"template":"","format":"standard","meta":{"_et_pb_use_builder":"on","_et_pb_old_content":"","_et_gb_content_width":"","_jetpack_memberships_contains_paid_content":false,"footnotes":""},"categories":[33],"tags":[43,83,85,87,86,84],"ppma_author":[75],"class_list":["post-326","post","type-post","status-publish","format-standard","has-post-thumbnail","hentry","category-numero-cero","tag-arte","tag-destello","tag-ethel-ramos","tag-politica","tag-porvenir","tag-raqs-media-collective"],"yoast_head":"<!-- This site is optimized with the Yoast SEO plugin v27.3 - https:\/\/yoast.com\/product\/yoast-seo-wordpress\/ -->\n<title>ANTE EL DESTELLO DEL PORVENIR \/ RAQS MEDIA COLLECTIVE - REVISTA QUIOTE<\/title>\n<meta name=\"robots\" content=\"index, follow, max-snippet:-1, max-image-preview:large, max-video-preview:-1\" \/>\n<link rel=\"canonical\" href=\"https:\/\/revistaquiote.org\/?p=326\" \/>\n<meta property=\"og:locale\" content=\"es_ES\" \/>\n<meta property=\"og:type\" content=\"article\" \/>\n<meta property=\"og:title\" content=\"ANTE EL DESTELLO DEL PORVENIR \/ RAQS MEDIA COLLECTIVE - REVISTA QUIOTE\" \/>\n<meta property=\"og:description\" content=\"ETHEL RAMOS En las \u00faltimas d\u00e9cadas el arte ha sufrido transformaciones acordes a los tiempos que corren, desde la desmaterializaci\u00f3n de las obras hasta su encriptaci\u00f3n las pr\u00e1cticas art\u00edsticas se manifiestan como reflejo de nuestro presente. Dentro de este contexto, existe arte que crea v\u00edas de posibilidad para la manifestaci\u00f3n de cr\u00edtica y activismo pol\u00edtico, [&hellip;]\" \/>\n<meta property=\"og:url\" content=\"https:\/\/revistaquiote.org\/?p=326\" \/>\n<meta property=\"og:site_name\" content=\"REVISTA QUIOTE\" \/>\n<meta property=\"article:publisher\" content=\"https:\/\/www.facebook.com\/profile.php?id=61581285934903&amp;rdid=NyTBdLDXXt5DTPla&amp;share_url=httpswww.facebook.comshare16XQGGa34v#\" \/>\n<meta property=\"article:published_time\" content=\"2023-10-10T00:00:45+00:00\" \/>\n<meta property=\"article:modified_time\" content=\"2023-12-03T00:55:23+00:00\" \/>\n<meta property=\"og:image\" content=\"https:\/\/revistaquiote.org\/wp-content\/uploads\/2023\/10\/RQSMC-ByN.jpg\" \/>\n\t<meta property=\"og:image:width\" content=\"947\" \/>\n\t<meta property=\"og:image:height\" content=\"980\" \/>\n\t<meta property=\"og:image:type\" content=\"image\/jpeg\" \/>\n<meta name=\"author\" content=\"Ethel Betsaida Ramos Torres\" \/>\n<meta name=\"twitter:card\" content=\"summary_large_image\" \/>\n<meta name=\"twitter:creator\" content=\"@RQuiote\" \/>\n<meta name=\"twitter:site\" content=\"@RQuiote\" \/>\n<meta name=\"twitter:label1\" content=\"Escrito por\" \/>\n\t<meta name=\"twitter:data1\" content=\"Ethel Betsaida Ramos Torres\" \/>\n\t<meta name=\"twitter:label2\" content=\"Tiempo de lectura\" \/>\n\t<meta name=\"twitter:data2\" content=\"8 minutos\" \/>\n<script type=\"application\/ld+json\" class=\"yoast-schema-graph\">{\"@context\":\"https:\\\/\\\/schema.org\",\"@graph\":[{\"@type\":\"Article\",\"@id\":\"https:\\\/\\\/revistaquiote.org\\\/?p=326#article\",\"isPartOf\":{\"@id\":\"https:\\\/\\\/revistaquiote.org\\\/?p=326\"},\"author\":{\"name\":\"Ethel Betsaida Ramos Torres\",\"@id\":\"https:\\\/\\\/revistaquiote.org\\\/#\\\/schema\\\/person\\\/8418358d5e76bda97156479049ef69b9\"},\"headline\":\"ANTE EL DESTELLO DEL PORVENIR \\\/ RAQS MEDIA COLLECTIVE\",\"datePublished\":\"2023-10-10T00:00:45+00:00\",\"dateModified\":\"2023-12-03T00:55:23+00:00\",\"mainEntityOfPage\":{\"@id\":\"https:\\\/\\\/revistaquiote.org\\\/?p=326\"},\"wordCount\":1559,\"commentCount\":0,\"publisher\":{\"@id\":\"https:\\\/\\\/revistaquiote.org\\\/#organization\"},\"image\":{\"@id\":\"https:\\\/\\\/revistaquiote.org\\\/?p=326#primaryimage\"},\"thumbnailUrl\":\"https:\\\/\\\/revistaquiote.org\\\/wp-content\\\/uploads\\\/2023\\\/10\\\/RQSMC-ByN.jpg\",\"keywords\":[\"arte\",\"destello\",\"Ethel Ramos\",\"pol\u00edtica\",\"porvenir\",\"Raqs Media Collective\"],\"articleSection\":[\"N\u00daMERO CERO\"],\"inLanguage\":\"es\",\"potentialAction\":[{\"@type\":\"CommentAction\",\"name\":\"Comment\",\"target\":[\"https:\\\/\\\/revistaquiote.org\\\/?p=326#respond\"]}]},{\"@type\":\"WebPage\",\"@id\":\"https:\\\/\\\/revistaquiote.org\\\/?p=326\",\"url\":\"https:\\\/\\\/revistaquiote.org\\\/?p=326\",\"name\":\"ANTE EL DESTELLO DEL PORVENIR \\\/ RAQS MEDIA COLLECTIVE - REVISTA QUIOTE\",\"isPartOf\":{\"@id\":\"https:\\\/\\\/revistaquiote.org\\\/#website\"},\"primaryImageOfPage\":{\"@id\":\"https:\\\/\\\/revistaquiote.org\\\/?p=326#primaryimage\"},\"image\":{\"@id\":\"https:\\\/\\\/revistaquiote.org\\\/?p=326#primaryimage\"},\"thumbnailUrl\":\"https:\\\/\\\/revistaquiote.org\\\/wp-content\\\/uploads\\\/2023\\\/10\\\/RQSMC-ByN.jpg\",\"datePublished\":\"2023-10-10T00:00:45+00:00\",\"dateModified\":\"2023-12-03T00:55:23+00:00\",\"breadcrumb\":{\"@id\":\"https:\\\/\\\/revistaquiote.org\\\/?p=326#breadcrumb\"},\"inLanguage\":\"es\",\"potentialAction\":[{\"@type\":\"ReadAction\",\"target\":[\"https:\\\/\\\/revistaquiote.org\\\/?p=326\"]}]},{\"@type\":\"ImageObject\",\"inLanguage\":\"es\",\"@id\":\"https:\\\/\\\/revistaquiote.org\\\/?p=326#primaryimage\",\"url\":\"https:\\\/\\\/revistaquiote.org\\\/wp-content\\\/uploads\\\/2023\\\/10\\\/RQSMC-ByN.jpg\",\"contentUrl\":\"https:\\\/\\\/revistaquiote.org\\\/wp-content\\\/uploads\\\/2023\\\/10\\\/RQSMC-ByN.jpg\",\"width\":947,\"height\":980},{\"@type\":\"BreadcrumbList\",\"@id\":\"https:\\\/\\\/revistaquiote.org\\\/?p=326#breadcrumb\",\"itemListElement\":[{\"@type\":\"ListItem\",\"position\":1,\"name\":\"Portada\",\"item\":\"https:\\\/\\\/revistaquiote.org\\\/\"},{\"@type\":\"ListItem\",\"position\":2,\"name\":\"ANTE EL DESTELLO DEL PORVENIR \\\/ RAQS MEDIA COLLECTIVE\"}]},{\"@type\":\"WebSite\",\"@id\":\"https:\\\/\\\/revistaquiote.org\\\/#website\",\"url\":\"https:\\\/\\\/revistaquiote.org\\\/\",\"name\":\"REVISTA QUIOTE\",\"description\":\"N\u00daMERO SEIS\",\"publisher\":{\"@id\":\"https:\\\/\\\/revistaquiote.org\\\/#organization\"},\"potentialAction\":[{\"@type\":\"SearchAction\",\"target\":{\"@type\":\"EntryPoint\",\"urlTemplate\":\"https:\\\/\\\/revistaquiote.org\\\/?s={search_term_string}\"},\"query-input\":{\"@type\":\"PropertyValueSpecification\",\"valueRequired\":true,\"valueName\":\"search_term_string\"}}],\"inLanguage\":\"es\"},{\"@type\":\"Organization\",\"@id\":\"https:\\\/\\\/revistaquiote.org\\\/#organization\",\"name\":\"REVISTA QUIOTE\",\"url\":\"https:\\\/\\\/revistaquiote.org\\\/\",\"logo\":{\"@type\":\"ImageObject\",\"inLanguage\":\"es\",\"@id\":\"https:\\\/\\\/revistaquiote.org\\\/#\\\/schema\\\/logo\\\/image\\\/\",\"url\":\"https:\\\/\\\/revistaquiote.org\\\/wp-content\\\/uploads\\\/2023\\\/06\\\/Quiote-logo_01.png\",\"contentUrl\":\"https:\\\/\\\/revistaquiote.org\\\/wp-content\\\/uploads\\\/2023\\\/06\\\/Quiote-logo_01.png\",\"width\":1042,\"height\":417,\"caption\":\"REVISTA QUIOTE\"},\"image\":{\"@id\":\"https:\\\/\\\/revistaquiote.org\\\/#\\\/schema\\\/logo\\\/image\\\/\"},\"sameAs\":[\"https:\\\/\\\/www.facebook.com\\\/profile.php?id=61581285934903&rdid=NyTBdLDXXt5DTPla&share_url=httpswww.facebook.comshare16XQGGa34v#\",\"https:\\\/\\\/x.com\\\/RQuiote\",\"https:\\\/\\\/www.instagram.com\\\/revista.quiote\\\/\"]},{\"@type\":\"Person\",\"@id\":\"https:\\\/\\\/revistaquiote.org\\\/#\\\/schema\\\/person\\\/8418358d5e76bda97156479049ef69b9\",\"name\":\"Ethel Betsaida Ramos Torres\",\"image\":{\"@type\":\"ImageObject\",\"inLanguage\":\"es\",\"@id\":\"https:\\\/\\\/secure.gravatar.com\\\/avatar\\\/8e73658727a149dbbc02fcf0806a804ebf7860bcb83378608af544a7cdb1edcb?s=96&d=mm&r=g8079d23dedcd1792211b3288d41cc979\",\"url\":\"https:\\\/\\\/secure.gravatar.com\\\/avatar\\\/8e73658727a149dbbc02fcf0806a804ebf7860bcb83378608af544a7cdb1edcb?s=96&d=mm&r=g\",\"contentUrl\":\"https:\\\/\\\/secure.gravatar.com\\\/avatar\\\/8e73658727a149dbbc02fcf0806a804ebf7860bcb83378608af544a7cdb1edcb?s=96&d=mm&r=g\",\"caption\":\"Ethel Betsaida Ramos Torres\"},\"url\":\"https:\\\/\\\/revistaquiote.org\\\/?author=8\"}]}<\/script>\n<!-- \/ Yoast SEO plugin. -->","yoast_head_json":{"title":"ANTE EL DESTELLO DEL PORVENIR \/ RAQS MEDIA COLLECTIVE - REVISTA QUIOTE","robots":{"index":"index","follow":"follow","max-snippet":"max-snippet:-1","max-image-preview":"max-image-preview:large","max-video-preview":"max-video-preview:-1"},"canonical":"https:\/\/revistaquiote.org\/?p=326","og_locale":"es_ES","og_type":"article","og_title":"ANTE EL DESTELLO DEL PORVENIR \/ RAQS MEDIA COLLECTIVE - REVISTA QUIOTE","og_description":"ETHEL RAMOS En las \u00faltimas d\u00e9cadas el arte ha sufrido transformaciones acordes a los tiempos que corren, desde la desmaterializaci\u00f3n de las obras hasta su encriptaci\u00f3n las pr\u00e1cticas art\u00edsticas se manifiestan como reflejo de nuestro presente. Dentro de este contexto, existe arte que crea v\u00edas de posibilidad para la manifestaci\u00f3n de cr\u00edtica y activismo pol\u00edtico, [&hellip;]","og_url":"https:\/\/revistaquiote.org\/?p=326","og_site_name":"REVISTA QUIOTE","article_publisher":"https:\/\/www.facebook.com\/profile.php?id=61581285934903&rdid=NyTBdLDXXt5DTPla&share_url=httpswww.facebook.comshare16XQGGa34v#","article_published_time":"2023-10-10T00:00:45+00:00","article_modified_time":"2023-12-03T00:55:23+00:00","og_image":[{"width":947,"height":980,"url":"https:\/\/revistaquiote.org\/wp-content\/uploads\/2023\/10\/RQSMC-ByN.jpg","type":"image\/jpeg"}],"author":"Ethel Betsaida Ramos Torres","twitter_card":"summary_large_image","twitter_creator":"@RQuiote","twitter_site":"@RQuiote","twitter_misc":{"Escrito por":"Ethel Betsaida Ramos Torres","Tiempo de lectura":"8 minutos"},"schema":{"@context":"https:\/\/schema.org","@graph":[{"@type":"Article","@id":"https:\/\/revistaquiote.org\/?p=326#article","isPartOf":{"@id":"https:\/\/revistaquiote.org\/?p=326"},"author":{"name":"Ethel Betsaida Ramos Torres","@id":"https:\/\/revistaquiote.org\/#\/schema\/person\/8418358d5e76bda97156479049ef69b9"},"headline":"ANTE EL DESTELLO DEL PORVENIR \/ RAQS MEDIA COLLECTIVE","datePublished":"2023-10-10T00:00:45+00:00","dateModified":"2023-12-03T00:55:23+00:00","mainEntityOfPage":{"@id":"https:\/\/revistaquiote.org\/?p=326"},"wordCount":1559,"commentCount":0,"publisher":{"@id":"https:\/\/revistaquiote.org\/#organization"},"image":{"@id":"https:\/\/revistaquiote.org\/?p=326#primaryimage"},"thumbnailUrl":"https:\/\/revistaquiote.org\/wp-content\/uploads\/2023\/10\/RQSMC-ByN.jpg","keywords":["arte","destello","Ethel Ramos","pol\u00edtica","porvenir","Raqs Media Collective"],"articleSection":["N\u00daMERO CERO"],"inLanguage":"es","potentialAction":[{"@type":"CommentAction","name":"Comment","target":["https:\/\/revistaquiote.org\/?p=326#respond"]}]},{"@type":"WebPage","@id":"https:\/\/revistaquiote.org\/?p=326","url":"https:\/\/revistaquiote.org\/?p=326","name":"ANTE EL DESTELLO DEL PORVENIR \/ RAQS MEDIA COLLECTIVE - REVISTA QUIOTE","isPartOf":{"@id":"https:\/\/revistaquiote.org\/#website"},"primaryImageOfPage":{"@id":"https:\/\/revistaquiote.org\/?p=326#primaryimage"},"image":{"@id":"https:\/\/revistaquiote.org\/?p=326#primaryimage"},"thumbnailUrl":"https:\/\/revistaquiote.org\/wp-content\/uploads\/2023\/10\/RQSMC-ByN.jpg","datePublished":"2023-10-10T00:00:45+00:00","dateModified":"2023-12-03T00:55:23+00:00","breadcrumb":{"@id":"https:\/\/revistaquiote.org\/?p=326#breadcrumb"},"inLanguage":"es","potentialAction":[{"@type":"ReadAction","target":["https:\/\/revistaquiote.org\/?p=326"]}]},{"@type":"ImageObject","inLanguage":"es","@id":"https:\/\/revistaquiote.org\/?p=326#primaryimage","url":"https:\/\/revistaquiote.org\/wp-content\/uploads\/2023\/10\/RQSMC-ByN.jpg","contentUrl":"https:\/\/revistaquiote.org\/wp-content\/uploads\/2023\/10\/RQSMC-ByN.jpg","width":947,"height":980},{"@type":"BreadcrumbList","@id":"https:\/\/revistaquiote.org\/?p=326#breadcrumb","itemListElement":[{"@type":"ListItem","position":1,"name":"Portada","item":"https:\/\/revistaquiote.org\/"},{"@type":"ListItem","position":2,"name":"ANTE EL DESTELLO DEL PORVENIR \/ RAQS MEDIA COLLECTIVE"}]},{"@type":"WebSite","@id":"https:\/\/revistaquiote.org\/#website","url":"https:\/\/revistaquiote.org\/","name":"REVISTA QUIOTE","description":"N\u00daMERO SEIS","publisher":{"@id":"https:\/\/revistaquiote.org\/#organization"},"potentialAction":[{"@type":"SearchAction","target":{"@type":"EntryPoint","urlTemplate":"https:\/\/revistaquiote.org\/?s={search_term_string}"},"query-input":{"@type":"PropertyValueSpecification","valueRequired":true,"valueName":"search_term_string"}}],"inLanguage":"es"},{"@type":"Organization","@id":"https:\/\/revistaquiote.org\/#organization","name":"REVISTA QUIOTE","url":"https:\/\/revistaquiote.org\/","logo":{"@type":"ImageObject","inLanguage":"es","@id":"https:\/\/revistaquiote.org\/#\/schema\/logo\/image\/","url":"https:\/\/revistaquiote.org\/wp-content\/uploads\/2023\/06\/Quiote-logo_01.png","contentUrl":"https:\/\/revistaquiote.org\/wp-content\/uploads\/2023\/06\/Quiote-logo_01.png","width":1042,"height":417,"caption":"REVISTA QUIOTE"},"image":{"@id":"https:\/\/revistaquiote.org\/#\/schema\/logo\/image\/"},"sameAs":["https:\/\/www.facebook.com\/profile.php?id=61581285934903&rdid=NyTBdLDXXt5DTPla&share_url=httpswww.facebook.comshare16XQGGa34v#","https:\/\/x.com\/RQuiote","https:\/\/www.instagram.com\/revista.quiote\/"]},{"@type":"Person","@id":"https:\/\/revistaquiote.org\/#\/schema\/person\/8418358d5e76bda97156479049ef69b9","name":"Ethel Betsaida Ramos Torres","image":{"@type":"ImageObject","inLanguage":"es","@id":"https:\/\/secure.gravatar.com\/avatar\/8e73658727a149dbbc02fcf0806a804ebf7860bcb83378608af544a7cdb1edcb?s=96&d=mm&r=g8079d23dedcd1792211b3288d41cc979","url":"https:\/\/secure.gravatar.com\/avatar\/8e73658727a149dbbc02fcf0806a804ebf7860bcb83378608af544a7cdb1edcb?s=96&d=mm&r=g","contentUrl":"https:\/\/secure.gravatar.com\/avatar\/8e73658727a149dbbc02fcf0806a804ebf7860bcb83378608af544a7cdb1edcb?s=96&d=mm&r=g","caption":"Ethel Betsaida Ramos Torres"},"url":"https:\/\/revistaquiote.org\/?author=8"}]}},"jetpack_featured_media_url":"https:\/\/revistaquiote.org\/wp-content\/uploads\/2023\/10\/RQSMC-ByN.jpg","jetpack_sharing_enabled":true,"authors":[{"term_id":75,"user_id":8,"is_guest":0,"slug":"ethel_revistaweb","display_name":"Ethel Betsaida Ramos Torres","avatar_url":"https:\/\/secure.gravatar.com\/avatar\/8e73658727a149dbbc02fcf0806a804ebf7860bcb83378608af544a7cdb1edcb?s=96&d=mm&r=g","0":null,"1":"","2":"","3":"","4":"","5":"","6":"","7":"","8":""}],"_links":{"self":[{"href":"https:\/\/revistaquiote.org\/index.php?rest_route=\/wp\/v2\/posts\/326","targetHints":{"allow":["GET"]}}],"collection":[{"href":"https:\/\/revistaquiote.org\/index.php?rest_route=\/wp\/v2\/posts"}],"about":[{"href":"https:\/\/revistaquiote.org\/index.php?rest_route=\/wp\/v2\/types\/post"}],"author":[{"embeddable":true,"href":"https:\/\/revistaquiote.org\/index.php?rest_route=\/wp\/v2\/users\/8"}],"replies":[{"embeddable":true,"href":"https:\/\/revistaquiote.org\/index.php?rest_route=%2Fwp%2Fv2%2Fcomments&post=326"}],"version-history":[{"count":18,"href":"https:\/\/revistaquiote.org\/index.php?rest_route=\/wp\/v2\/posts\/326\/revisions"}],"predecessor-version":[{"id":762,"href":"https:\/\/revistaquiote.org\/index.php?rest_route=\/wp\/v2\/posts\/326\/revisions\/762"}],"wp:featuredmedia":[{"embeddable":true,"href":"https:\/\/revistaquiote.org\/index.php?rest_route=\/wp\/v2\/media\/685"}],"wp:attachment":[{"href":"https:\/\/revistaquiote.org\/index.php?rest_route=%2Fwp%2Fv2%2Fmedia&parent=326"}],"wp:term":[{"taxonomy":"category","embeddable":true,"href":"https:\/\/revistaquiote.org\/index.php?rest_route=%2Fwp%2Fv2%2Fcategories&post=326"},{"taxonomy":"post_tag","embeddable":true,"href":"https:\/\/revistaquiote.org\/index.php?rest_route=%2Fwp%2Fv2%2Ftags&post=326"},{"taxonomy":"author","embeddable":true,"href":"https:\/\/revistaquiote.org\/index.php?rest_route=%2Fwp%2Fv2%2Fppma_author&post=326"}],"curies":[{"name":"wp","href":"https:\/\/api.w.org\/{rel}","templated":true}]}}