{"id":439,"date":"2023-10-13T00:00:55","date_gmt":"2023-10-13T00:00:55","guid":{"rendered":"https:\/\/revistaquiote.org\/?p=439"},"modified":"2023-10-26T04:32:34","modified_gmt":"2023-10-26T04:32:34","slug":"para-que-una-editorial-e-el-cambio-de-epoca-hacia-la-comunicacion-digital","status":"publish","type":"post","link":"https:\/\/revistaquiote.org\/?p=439","title":{"rendered":"\u00bfPARA QU\u00c9 UNA EDITORIAL EN EL CAMBIO DE \u00c9POCA HACIA LA COMUNICACI\u00d3N DIGITAL?*"},"content":{"rendered":"<p>[et_pb_section fb_built=\u00bb1&#8243; _builder_version=\u00bb4.21.0&#8243; _module_preset=\u00bbdefault\u00bb background_color=\u00bbRGBA(255,255,255,0)\u00bb global_colors_info=\u00bb{}\u00bb theme_builder_area=\u00bbpost_content\u00bb][et_pb_row _builder_version=\u00bb4.21.0&#8243; _module_preset=\u00bbdefault\u00bb background_color=\u00bbRGBA(255,255,255,0)\u00bb global_colors_info=\u00bb{}\u00bb theme_builder_area=\u00bbpost_content\u00bb][et_pb_column type=\u00bb4_4&#8243; _builder_version=\u00bb4.21.0&#8243; _module_preset=\u00bbdefault\u00bb global_colors_info=\u00bb{}\u00bb theme_builder_area=\u00bbpost_content\u00bb][et_pb_text _builder_version=\u00bb4.23&#8243; _module_preset=\u00bbdefault\u00bb theme_builder_area=\u00bbpost_content\u00bb text_font_size=\u00bb12px\u00bb text_line_height=\u00bb1.5em\u00bb hover_enabled=\u00bb0&#8243; sticky_enabled=\u00bb0&#8243; custom_margin=\u00bb-70px|||||\u00bb]<\/p>\n<p style=\"text-align: left;\">Daniela Ivette Aguilar<\/p>\n<p>[\/et_pb_text][et_pb_text _builder_version=\u00bb4.21.0&#8243; _module_preset=\u00bbdefault\u00bb background_color=\u00bbRGBA(255,255,255,0)\u00bb global_colors_info=\u00bb{}\u00bb theme_builder_area=\u00bbpost_content\u00bb]<\/p>\n<p class=\"p1\" style=\"text-align: justify;\"><strong>ALESSANDRA PRADEL MORA<\/strong><\/p>\n<p class=\"p1\" style=\"text-align: right; padding-left: 320px;\"><em>Abrazamos al mundo, pero abracemos al mundo siendo lo que somos.<\/em><br \/>Armando Hart D\u00e1valos<\/p>\n<p class=\"p1\" style=\"text-align: right; padding-left: 320px;\"><span class=\"s1\"><\/span><em>No puedo pensar a mi padre como a los grandes intelectuales en que encontr\u00f3 su modelo, sino como un ensayista que transit\u00f3 de la po\u00e9tica de la escritura a la pol\u00edtica de la escritura.<\/em><br \/>Liliana Weinberg<\/p>\n<p class=\"p1\" style=\"text-align: right;\"><span class=\"s1\"><\/span><\/p>\n<p class=\"p1\" style=\"text-align: left;\"><span class=\"s1\"><\/span><strong><span class=\"s1\">A<\/span>nte una de las preocupaciones m\u00e1s sentidas del foro<\/strong> <strong>relacionada con los campos digitales<\/strong>, en cuanto instrumentos del imperialismo en la batalla cultural, y la forma en la que a trav\u00e9s de las redes sociales se oculta el monopolio de los contenidos, as\u00ed como la alta concentraci\u00f3n del poder comunicacional, lo que impone y veta mensajes de manera arbitraria, considero que parte de dar la guerra cultural en contra del suministro de contenidos banales que deshumanizan al individuo, y en contra de la adicci\u00f3n a las redes sociales y tecnolog\u00edas afines, es necesario, en paralelo, tomar otras medidas que ayuden a combatir la sobresaturaci\u00f3n de la informaci\u00f3n, la confusi\u00f3n que crean estos medios de comunicaci\u00f3n digitales y, por lo tanto, la indefinici\u00f3n por amplias capas de la sociedad con respecto a una postura pol\u00edtica clara, y ya no digamos a un compromiso organizativo permanente.<br \/>\u00a0 \u00a0 \u00a0 \u00a0 \u00a0 No pretendo aqu\u00ed hacer un recorrido de la importancia de la escritura y del libro como tecnolog\u00edas para la preservaci\u00f3n del conocimiento y, por lo tanto, de las culturas de nuestra Am\u00e9rica. No obstante, quisiera recalcar algunos puntos que podr\u00edan coadyuvar a la creaci\u00f3n de bancos de contenidos digitales para el resguardo de la memoria de la emancipaci\u00f3n y, de esta manera, fortalecer los sistemas de producci\u00f3n de mensajes de informaci\u00f3n, recreaci\u00f3n y formaci\u00f3n pol\u00edtica que est\u00e1n al servicio de los valores colectivos de la humanidad.<br \/>\u00a0 \u00a0 \u00a0 \u00a0 \u00a0 La historia del libro en Am\u00e9rica tiene antecedentes que han marcado generaciones durante siglos a partir de la introducci\u00f3n de la imprenta. Sin embargo, en la cultura latinoamericana, en particular, el libro es la representaci\u00f3n del desarrollo de un programa intelectual, materializado en un proyecto editorial que ha interpretado y re-creado la historia de nuestra cultura, y ha tenido como horizonte el dise\u00f1o de una biblioteca que ayude a nuestra Am\u00e9rica a reconocerse a s\u00ed misma. En pocas palabras, el libro se convirti\u00f3 en la s\u00edntesis de un proyecto cultural.<br \/>\u00a0 \u00a0 \u00a0 \u00a0 \u00a0 En este sentido, podemos partir de que la cultura es un conjunto de proyectos que es necesario leer y nutrir a trav\u00e9s de una pol\u00edtica de lectura, lo que debe traducirse en programas editoriales de largo alcance que contribuyan a consolidar una pol\u00edtica del libro. Ser\u00eda extenso hablar de los grandes pasos que la Revoluci\u00f3n cubana y la Revoluci\u00f3n bolivariana han dado en este sentido. Sin embargo, me gustar\u00eda apuntar brevemente la manera en la que, en mi pa\u00eds, M\u00e9xico, se constituy\u00f3 esta pol\u00edtica.<br \/>\u00a0 \u00a0 \u00a0 \u00a0 \u00a0 Despu\u00e9s de la Revoluci\u00f3n mexicana, hubo un inmenso esfuerzo por generar un vasto, generoso y audaz proyecto educativo y cultural, centrado en el libro como herramienta para la educaci\u00f3n permanente, la formaci\u00f3n pol\u00edtica y la socializaci\u00f3n de las ideas. En consecuencia, un libro nunca se pens\u00f3 de manera aislada, sino integrado a colecciones, bibliotecas y proyectos de lectura para dotarnos de una tradici\u00f3n de pensamiento, es decir, de una identidad. De esta manera nacieron la mayor\u00eda de las colecciones editoriales que hoy son columna vertebral de la cultura mexicana, como los libros de la Secretar\u00eda de Educaci\u00f3n P\u00fablica (<span style=\"font-size: small;\">SEP<\/span>), los breviarios del Fondo de Cultura Econ\u00f3mica (<span class=\"s1\" style=\"font-size: small;\">FCE<\/span>) o las colecciones de Educal.<br \/>\u00a0 \u00a0 \u00a0 \u00a0 \u00a0 No obstante, este proceso no ha sido ajeno a la historia del libro en Latinoam\u00e9rica, la cual ha tenido cuatro grandes momentos: la cultura impuesta, la cultura admitida, la cultura revolucionaria y la cultura propositiva. Para darle sentido a cada uno de esos momentos, es necesario colocarlos en sus dimensiones hist\u00f3ricas, geogr\u00e1ficas, culturales, econ\u00f3micas, pol\u00edticas y sociales.<br \/>\u00a0 \u00a0 \u00a0 \u00a0 \u00a0 Con excepci\u00f3n de las tradiciones editoriales cubanas \u2014a partir de la revoluci\u00f3n de 1959\u2014, bolivariana \u2014a partir del ascenso y crecimiento del proyecto chavista\u2014 y, con sus aristas, mexicana \u2014a partir de la creaci\u00f3n del <span class=\"s1\" style=\"font-size: small;\">FCE<\/span><span class=\"s1\">\u00a0<\/span>en 1934\u2014, la ausencia de pol\u00edticas culturales orientadas a largo plazo y capaces de estimular la creaci\u00f3n y la cr\u00edtica; la banalizaci\u00f3n de los valores por el mal uso de los medios de comunicaci\u00f3n de masas \u2014en particular, los digitales\u2014; el consumo; las modas, y los procesos de mercantilizaci\u00f3n, que en conjunto han degradado los logros culturales de nuestros pueblos, han provocado la p\u00e9rdida de un gran acervo cultural que nos permitir\u00eda discutir, encontrar puntos de encuentro y entrelazar nuestros esfuerzos por generar los contenidos emancipadores que tanto a\u00f1oramos.<br \/>\u00a0 \u00a0 \u00a0 \u00a0 \u00a0 Sin embargo, este escenario general acerca de la tradici\u00f3n editorial en Latinoam\u00e9rica nos lleva inevitablemente a preguntarnos qu\u00e9 tipo de movimiento cultural y art\u00edstico debe vincularse dentro de lo que entendemos como <em>Latinoam\u00e9rica y el Caribe<\/em>. Me atrever\u00eda a decir que la Revoluci\u00f3n cubana fue la primera plataforma concreta para analizar este problema, mediante el desentra\u00f1amiento estructurado de las tres ra\u00edces que constituyen nuestra participaci\u00f3n en este movimiento: la africana, la espa\u00f1olalatina y la aborigen.<br \/>\u00a0 \u00a0 \u00a0 \u00a0 \u00a0 Gracias al esfuerzo de intelectuales y artistas latinoamericanos, quienes, en un primer momento, intentaron buscar una identidad, fue como se cre\u00f3 el concepto cultural de <em>el Caribe<\/em>, el cual podemos comprender como una zona geogr\u00e1fica muy amplia, como afirmara Jos\u00e9 Mart\u00ed: una \u201cAm\u00e9rica al sur del r\u00edo Grande\u201d. Esta zona de Am\u00e9rica, donde se estableci\u00f3 la econom\u00eda de plantaciones y gan\u00f3 fuerza el sistema esclavista, experiment\u00f3 la otra cara de este proceso de colonizaci\u00f3n y neocolonizaci\u00f3n imperialista: el entrecruzamiento cultural entre hombres y mujeres que trajeron su arte y su cultura.<br \/>\u00a0 \u00a0 \u00a0 \u00a0 \u00a0 En un segundo momento, la Latinoam\u00e9rica antiimperialista comenz\u00f3 a plantear preguntas al mundo, pues ya sab\u00edamos qui\u00e9nes \u00e9ramos, de forma que pudimos cuestionar nuestro futuro y el de la humanidad. Las experiencias de Cuba y Venezuela son muy ricas en este sentido porque fusionan el antiimperialismo, el socialismo y el patriotismo. Cada pa\u00eds, desde sus particularidades y momentos hist\u00f3ricos concretos, pero al mismo tiempo desde sus semejanzas y sus historias entrecruzadas y paralelas.<br \/>\u00a0 \u00a0 \u00a0 \u00a0 \u00a0 En consecuencia, esta nueva cultura, que d\u00eda con d\u00eda seguimos construyendo, tiene los elementos materiales m\u00ednimos para el desarrollo de la capacidad y la libertad creadoras. Sin embargo, la manera en la que esta cultura se expresa \u2014considerada como concepto\u2014 tiene m\u00faltiples aristas.\u00a0 \u00a0 \u00a0 \u00a0 \u00a0 \u00a0 \u00a0 \u00a0 Por un lado, por sus circunstancias hist\u00f3ricas y su origen inmediatamente popular, posee una sobresaliente fuerza movilizadora de masas, que adem\u00e1s genera la participaci\u00f3n directa de \u00e9stas en la creaci\u00f3n cultural; y, por otro, nos delega la obligaci\u00f3n de propiciar que esta creaci\u00f3n inmediata y masiva del pueblo tambi\u00e9n pueda desenvolverse mediante investigaciones m\u00e1s elaboradas, con el objetivo de ir desarroll\u00e1ndola m\u00e1s profundamente, sin que se pierdan su viveza y su fuerza creativa.<br \/>\u00a0 \u00a0 \u00a0 \u00a0 \u00a0 Para lograrlo considero que es necesaria una sociedad en la que las masas, el proletariado y las clases oprimidas, sean quienes dirijan su presente y su futuro, lo que s\u00f3lo es posible mediante la organizaci\u00f3n permanente y la dirigencia de un partido que estructure y articule a estas masas, siempre en relaci\u00f3n dial\u00e9ctica con ellas. En consecuencia, las instituciones culturales deben ser dirigidas y ocupadas por el pueblo oprimido, lo cual, en definitiva, implica un esfuerzo de formaci\u00f3n pol\u00edtica y t\u00e9cnica permanente.<br \/>\u00a0 \u00a0 \u00a0 \u00a0 \u00a0 Por \u00faltimo, me gustar\u00eda agregar que, por provenir de distintos or\u00edgenes, esta cultura tiene una vocaci\u00f3n y un sentido universales, pues, como dijera Mart\u00ed, nuestra herencia no niega la del resto del mundo, al contrario, forma parte de ella. No obstante, lograr este objetivo pasa, por un lado, por el hecho de que el fondo del movimiento cultural siempre tiene una ra\u00edz relacionada con la ideolog\u00eda y con la pol\u00edtica, y, por otro, por el hecho de que, para que el arte transmita el mensaje de un pueblo y, en consecuencia, se consolide como una cultura universal, tiene que ser buen arte \u2014es decir, arte que sacuda el esp\u00edritu, que interpele cr\u00edticamente el presente, que estimule la creaci\u00f3n\u2014. Para ello, adem\u00e1s, debemos tener claridad en dos cosas: en primer lugar, se necesitan pol\u00edticas p\u00fablicas enfocadas exclusivamente en hacer crecer nuestras creaciones art\u00edsticas y, en segundo, cualquier movimiento cultural es una mezcla del fondo ideol\u00f3gico de cada uno de los elementos que lo conforman, por lo que, para comprender la manera en la que se combinaron, es necesario conocer en qu\u00e9 medida se articularon y en qu\u00e9 grado se expresaron los movimientos art\u00edsticos de los pueblos que llegaron a Am\u00e9rica.<br \/>\u00a0 \u00a0 \u00a0 \u00a0 \u00a0 En consecuencia, para que se exprese <em>nuestra<\/em> cultura, debemos ser capaces de crear un arte consciente, un arte que nazca de nuestra identidad y nuestras necesidades como pueblo en constante lucha por su emancipaci\u00f3n, ya que s\u00f3lo de esta manera se vivir\u00e1 la m\u00e1s humana de las pol\u00edticas y, por lo tanto, se sentir\u00e1 su mayor influencia. En consecuencia, independientemente de la pol\u00edtica que rige los pa\u00edses que conforman la Red de Intelectuales y Artistas en Defensa de la Humanidad (<span style=\"font-size: small;\">REDH<\/span>), debemos defender un concepto popular, de clase y de participaci\u00f3n colectiva en el movimiento cultural.<br \/>\u00a0 \u00a0 \u00a0 \u00a0 \u00a0 Espero que despu\u00e9s de este breve an\u00e1lisis acerca de la creaci\u00f3n cultural en Latinoam\u00e9rica y el Caribe, se comprenda que el \u201clibro sigue siendo el soporte material sobre el que se construye la sociedad de la informaci\u00f3n; m\u00e1s a\u00fan, es inadmisible aceptar que exista una tensi\u00f3n entre el libro y las [comunicaciones digitales]; en \u00faltima instancia, los espacios virtuales como internet s\u00f3lo son posibles por la preexistencia de la letra impresa\u201d.<strong><span class=\"s2\" style=\"font-size: x-small;\">1 <\/span><\/strong>Por ende, el rescate de la creaci\u00f3n cultural contenida en los libros es de suma importancia, no \u00fanicamente para seguir construyendo nuestra identidad, sino tambi\u00e9n para trazar alternativas para el presente y el futuro que nos exigen la humanidad y el planeta. Por lo tanto, como editorial Viandante<strong><span class=\"s2\" style=\"font-size: x-small;\">2 <\/span><\/strong>consideramos que en esta tarea tenemos el papel fundamental de rescatar del olvido intencionado nuestra cultura, para as\u00ed lograr dar el paso hacia nuevos cuestionamientos y soluciones, a partir de nuestra propia historia y de su fusi\u00f3n con la de todos los pueblos oprimidos del mundo.<\/p>\n<p class=\"p1\" style=\"padding-left: 40px;\"><span style=\"font-size: small;\"><strong>*<\/strong> Ponencia escrita como parte de la participaci\u00f3n en el foro Revoluci\u00f3n y Cambio de \u00c9poca en el Siglo <span style=\"font-size: x-small;\">XXI<\/span>, llevado a cabo del 3 al 5 de febrero de 2022, en la ciudad de Caracas, Rep\u00fablica Bolivariana de Venezuela.<\/span><br \/><span style=\"font-size: small;\">1. Gregorio Winberg, <em>El libro en la cultura latinoamericana<\/em>, p. 16.<\/span><br \/><span style=\"font-size: small;\">2. La Cooperativa Editorial Viandante naci\u00f3 en 2012 en la Ciudad de M\u00e9xico con la intenci\u00f3n de hacer de la edici\u00f3n una praxis pol\u00edtica que ofrezca posibilidades de transformaci\u00f3n para nuestras sociedades. Dicha iniciativa no pretende agotar la respuesta nodal a la pregunta \u201c\u00bfpara qu\u00e9 editar?\u201d, pero s\u00ed hacer de este cuestionamiento una v\u00eda por la cual transitar. Para mayor informaci\u00f3n, v\u00e9ase: editorialviandante.wordpress.com<\/span><\/p>\n<p>[\/et_pb_text][\/et_pb_column][\/et_pb_row][\/et_pb_section]<\/p>\n","protected":false},"excerpt":{"rendered":"<p>Daniela Ivette AguilarALESSANDRA PRADEL MORA Abrazamos al mundo, pero abracemos al mundo siendo lo que somos.Armando Hart D\u00e1valos No puedo pensar a mi padre como a los grandes intelectuales en que encontr\u00f3 su modelo, sino como un ensayista que transit\u00f3 de la po\u00e9tica de la escritura a la pol\u00edtica de la escritura.Liliana Weinberg Ante una [&hellip;]<\/p>\n","protected":false},"author":6,"featured_media":559,"comment_status":"open","ping_status":"closed","sticky":false,"template":"","format":"standard","meta":{"_et_pb_use_builder":"on","_et_pb_old_content":"","_et_gb_content_width":"","_jetpack_memberships_contains_paid_content":false,"footnotes":""},"categories":[33],"tags":[],"ppma_author":[82],"class_list":["post-439","post","type-post","status-publish","format-standard","has-post-thumbnail","hentry","category-numero-cero"],"yoast_head":"<!-- This site is optimized with the Yoast SEO plugin v27.3 - https:\/\/yoast.com\/product\/yoast-seo-wordpress\/ -->\n<title>\u00bfPARA QU\u00c9 UNA EDITORIAL EN EL CAMBIO DE \u00c9POCA HACIA LA COMUNICACI\u00d3N DIGITAL?* - REVISTA QUIOTE<\/title>\n<meta name=\"robots\" content=\"index, follow, max-snippet:-1, max-image-preview:large, max-video-preview:-1\" \/>\n<link rel=\"canonical\" href=\"https:\/\/revistaquiote.org\/?p=439\" \/>\n<meta property=\"og:locale\" content=\"es_ES\" \/>\n<meta property=\"og:type\" content=\"article\" \/>\n<meta property=\"og:title\" content=\"\u00bfPARA QU\u00c9 UNA EDITORIAL EN EL CAMBIO DE \u00c9POCA HACIA LA COMUNICACI\u00d3N DIGITAL?* - REVISTA QUIOTE\" \/>\n<meta property=\"og:description\" content=\"Daniela Ivette AguilarALESSANDRA PRADEL MORA Abrazamos al mundo, pero abracemos al mundo siendo lo que somos.Armando Hart D\u00e1valos No puedo pensar a mi padre como a los grandes intelectuales en que encontr\u00f3 su modelo, sino como un ensayista que transit\u00f3 de la po\u00e9tica de la escritura a la pol\u00edtica de la escritura.Liliana Weinberg Ante una [&hellip;]\" \/>\n<meta property=\"og:url\" content=\"https:\/\/revistaquiote.org\/?p=439\" \/>\n<meta property=\"og:site_name\" content=\"REVISTA QUIOTE\" \/>\n<meta property=\"article:publisher\" content=\"https:\/\/www.facebook.com\/profile.php?id=61581285934903&amp;rdid=NyTBdLDXXt5DTPla&amp;share_url=httpswww.facebook.comshare16XQGGa34v#\" \/>\n<meta property=\"article:published_time\" content=\"2023-10-13T00:00:55+00:00\" \/>\n<meta property=\"article:modified_time\" content=\"2023-10-26T04:32:34+00:00\" \/>\n<meta property=\"og:image\" content=\"https:\/\/revistaquiote.org\/wp-content\/uploads\/2023\/10\/DanielaIvetteAguilar.png\" \/>\n\t<meta property=\"og:image:width\" content=\"1200\" \/>\n\t<meta property=\"og:image:height\" content=\"2210\" \/>\n\t<meta property=\"og:image:type\" content=\"image\/png\" \/>\n<meta name=\"author\" content=\"Alessandra Pradel Mora\" \/>\n<meta name=\"twitter:card\" content=\"summary_large_image\" \/>\n<meta name=\"twitter:creator\" content=\"@RQuiote\" \/>\n<meta name=\"twitter:site\" content=\"@RQuiote\" \/>\n<meta name=\"twitter:label1\" content=\"Escrito por\" \/>\n\t<meta name=\"twitter:data1\" content=\"Alessandra Pradel Mora\" \/>\n\t<meta name=\"twitter:label2\" content=\"Tiempo de lectura\" \/>\n\t<meta name=\"twitter:data2\" content=\"10 minutos\" \/>\n<script type=\"application\/ld+json\" class=\"yoast-schema-graph\">{\"@context\":\"https:\\\/\\\/schema.org\",\"@graph\":[{\"@type\":\"Article\",\"@id\":\"https:\\\/\\\/revistaquiote.org\\\/?p=439#article\",\"isPartOf\":{\"@id\":\"https:\\\/\\\/revistaquiote.org\\\/?p=439\"},\"author\":{\"name\":\"Alessandra Pradel Mora\",\"@id\":\"https:\\\/\\\/revistaquiote.org\\\/#\\\/schema\\\/person\\\/fa35a11eec4d21537bf2f0f7ab729ac9\"},\"headline\":\"\u00bfPARA QU\u00c9 UNA EDITORIAL EN EL CAMBIO DE \u00c9POCA HACIA LA COMUNICACI\u00d3N DIGITAL?*\",\"datePublished\":\"2023-10-13T00:00:55+00:00\",\"dateModified\":\"2023-10-26T04:32:34+00:00\",\"mainEntityOfPage\":{\"@id\":\"https:\\\/\\\/revistaquiote.org\\\/?p=439\"},\"wordCount\":2051,\"commentCount\":0,\"publisher\":{\"@id\":\"https:\\\/\\\/revistaquiote.org\\\/#organization\"},\"image\":{\"@id\":\"https:\\\/\\\/revistaquiote.org\\\/?p=439#primaryimage\"},\"thumbnailUrl\":\"https:\\\/\\\/revistaquiote.org\\\/wp-content\\\/uploads\\\/2023\\\/10\\\/DanielaIvetteAguilar.png\",\"articleSection\":[\"N\u00daMERO CERO\"],\"inLanguage\":\"es\",\"potentialAction\":[{\"@type\":\"CommentAction\",\"name\":\"Comment\",\"target\":[\"https:\\\/\\\/revistaquiote.org\\\/?p=439#respond\"]}]},{\"@type\":\"WebPage\",\"@id\":\"https:\\\/\\\/revistaquiote.org\\\/?p=439\",\"url\":\"https:\\\/\\\/revistaquiote.org\\\/?p=439\",\"name\":\"\u00bfPARA QU\u00c9 UNA EDITORIAL EN EL CAMBIO DE \u00c9POCA HACIA LA COMUNICACI\u00d3N DIGITAL?* - REVISTA QUIOTE\",\"isPartOf\":{\"@id\":\"https:\\\/\\\/revistaquiote.org\\\/#website\"},\"primaryImageOfPage\":{\"@id\":\"https:\\\/\\\/revistaquiote.org\\\/?p=439#primaryimage\"},\"image\":{\"@id\":\"https:\\\/\\\/revistaquiote.org\\\/?p=439#primaryimage\"},\"thumbnailUrl\":\"https:\\\/\\\/revistaquiote.org\\\/wp-content\\\/uploads\\\/2023\\\/10\\\/DanielaIvetteAguilar.png\",\"datePublished\":\"2023-10-13T00:00:55+00:00\",\"dateModified\":\"2023-10-26T04:32:34+00:00\",\"breadcrumb\":{\"@id\":\"https:\\\/\\\/revistaquiote.org\\\/?p=439#breadcrumb\"},\"inLanguage\":\"es\",\"potentialAction\":[{\"@type\":\"ReadAction\",\"target\":[\"https:\\\/\\\/revistaquiote.org\\\/?p=439\"]}]},{\"@type\":\"ImageObject\",\"inLanguage\":\"es\",\"@id\":\"https:\\\/\\\/revistaquiote.org\\\/?p=439#primaryimage\",\"url\":\"https:\\\/\\\/revistaquiote.org\\\/wp-content\\\/uploads\\\/2023\\\/10\\\/DanielaIvetteAguilar.png\",\"contentUrl\":\"https:\\\/\\\/revistaquiote.org\\\/wp-content\\\/uploads\\\/2023\\\/10\\\/DanielaIvetteAguilar.png\",\"width\":1200,\"height\":2210},{\"@type\":\"BreadcrumbList\",\"@id\":\"https:\\\/\\\/revistaquiote.org\\\/?p=439#breadcrumb\",\"itemListElement\":[{\"@type\":\"ListItem\",\"position\":1,\"name\":\"Portada\",\"item\":\"https:\\\/\\\/revistaquiote.org\\\/\"},{\"@type\":\"ListItem\",\"position\":2,\"name\":\"\u00bfPARA QU\u00c9 UNA EDITORIAL EN EL CAMBIO DE \u00c9POCA HACIA LA COMUNICACI\u00d3N DIGITAL?*\"}]},{\"@type\":\"WebSite\",\"@id\":\"https:\\\/\\\/revistaquiote.org\\\/#website\",\"url\":\"https:\\\/\\\/revistaquiote.org\\\/\",\"name\":\"REVISTA QUIOTE\",\"description\":\"N\u00daMERO SEIS\",\"publisher\":{\"@id\":\"https:\\\/\\\/revistaquiote.org\\\/#organization\"},\"potentialAction\":[{\"@type\":\"SearchAction\",\"target\":{\"@type\":\"EntryPoint\",\"urlTemplate\":\"https:\\\/\\\/revistaquiote.org\\\/?s={search_term_string}\"},\"query-input\":{\"@type\":\"PropertyValueSpecification\",\"valueRequired\":true,\"valueName\":\"search_term_string\"}}],\"inLanguage\":\"es\"},{\"@type\":\"Organization\",\"@id\":\"https:\\\/\\\/revistaquiote.org\\\/#organization\",\"name\":\"REVISTA QUIOTE\",\"url\":\"https:\\\/\\\/revistaquiote.org\\\/\",\"logo\":{\"@type\":\"ImageObject\",\"inLanguage\":\"es\",\"@id\":\"https:\\\/\\\/revistaquiote.org\\\/#\\\/schema\\\/logo\\\/image\\\/\",\"url\":\"https:\\\/\\\/revistaquiote.org\\\/wp-content\\\/uploads\\\/2023\\\/06\\\/Quiote-logo_01.png\",\"contentUrl\":\"https:\\\/\\\/revistaquiote.org\\\/wp-content\\\/uploads\\\/2023\\\/06\\\/Quiote-logo_01.png\",\"width\":1042,\"height\":417,\"caption\":\"REVISTA QUIOTE\"},\"image\":{\"@id\":\"https:\\\/\\\/revistaquiote.org\\\/#\\\/schema\\\/logo\\\/image\\\/\"},\"sameAs\":[\"https:\\\/\\\/www.facebook.com\\\/profile.php?id=61581285934903&rdid=NyTBdLDXXt5DTPla&share_url=httpswww.facebook.comshare16XQGGa34v#\",\"https:\\\/\\\/x.com\\\/RQuiote\",\"https:\\\/\\\/www.instagram.com\\\/revista.quiote\\\/\"]},{\"@type\":\"Person\",\"@id\":\"https:\\\/\\\/revistaquiote.org\\\/#\\\/schema\\\/person\\\/fa35a11eec4d21537bf2f0f7ab729ac9\",\"name\":\"Alessandra Pradel Mora\",\"image\":{\"@type\":\"ImageObject\",\"inLanguage\":\"es\",\"@id\":\"https:\\\/\\\/secure.gravatar.com\\\/avatar\\\/cb179e95abd92fbd3ccc7e60225ca305e60a877cdc2aae9478268188f91648bf?s=96&d=mm&r=g86224ed4db9bdbde5f7a0cf91ee04eef\",\"url\":\"https:\\\/\\\/secure.gravatar.com\\\/avatar\\\/cb179e95abd92fbd3ccc7e60225ca305e60a877cdc2aae9478268188f91648bf?s=96&d=mm&r=g\",\"contentUrl\":\"https:\\\/\\\/secure.gravatar.com\\\/avatar\\\/cb179e95abd92fbd3ccc7e60225ca305e60a877cdc2aae9478268188f91648bf?s=96&d=mm&r=g\",\"caption\":\"Alessandra Pradel Mora\"},\"url\":\"https:\\\/\\\/revistaquiote.org\\\/?author=6\"}]}<\/script>\n<!-- \/ Yoast SEO plugin. -->","yoast_head_json":{"title":"\u00bfPARA QU\u00c9 UNA EDITORIAL EN EL CAMBIO DE \u00c9POCA HACIA LA COMUNICACI\u00d3N DIGITAL?* - REVISTA QUIOTE","robots":{"index":"index","follow":"follow","max-snippet":"max-snippet:-1","max-image-preview":"max-image-preview:large","max-video-preview":"max-video-preview:-1"},"canonical":"https:\/\/revistaquiote.org\/?p=439","og_locale":"es_ES","og_type":"article","og_title":"\u00bfPARA QU\u00c9 UNA EDITORIAL EN EL CAMBIO DE \u00c9POCA HACIA LA COMUNICACI\u00d3N DIGITAL?* - REVISTA QUIOTE","og_description":"Daniela Ivette AguilarALESSANDRA PRADEL MORA Abrazamos al mundo, pero abracemos al mundo siendo lo que somos.Armando Hart D\u00e1valos No puedo pensar a mi padre como a los grandes intelectuales en que encontr\u00f3 su modelo, sino como un ensayista que transit\u00f3 de la po\u00e9tica de la escritura a la pol\u00edtica de la escritura.Liliana Weinberg Ante una [&hellip;]","og_url":"https:\/\/revistaquiote.org\/?p=439","og_site_name":"REVISTA QUIOTE","article_publisher":"https:\/\/www.facebook.com\/profile.php?id=61581285934903&rdid=NyTBdLDXXt5DTPla&share_url=httpswww.facebook.comshare16XQGGa34v#","article_published_time":"2023-10-13T00:00:55+00:00","article_modified_time":"2023-10-26T04:32:34+00:00","og_image":[{"width":1200,"height":2210,"url":"https:\/\/revistaquiote.org\/wp-content\/uploads\/2023\/10\/DanielaIvetteAguilar.png","type":"image\/png"}],"author":"Alessandra Pradel Mora","twitter_card":"summary_large_image","twitter_creator":"@RQuiote","twitter_site":"@RQuiote","twitter_misc":{"Escrito por":"Alessandra Pradel Mora","Tiempo de lectura":"10 minutos"},"schema":{"@context":"https:\/\/schema.org","@graph":[{"@type":"Article","@id":"https:\/\/revistaquiote.org\/?p=439#article","isPartOf":{"@id":"https:\/\/revistaquiote.org\/?p=439"},"author":{"name":"Alessandra Pradel Mora","@id":"https:\/\/revistaquiote.org\/#\/schema\/person\/fa35a11eec4d21537bf2f0f7ab729ac9"},"headline":"\u00bfPARA QU\u00c9 UNA EDITORIAL EN EL CAMBIO DE \u00c9POCA HACIA LA COMUNICACI\u00d3N DIGITAL?*","datePublished":"2023-10-13T00:00:55+00:00","dateModified":"2023-10-26T04:32:34+00:00","mainEntityOfPage":{"@id":"https:\/\/revistaquiote.org\/?p=439"},"wordCount":2051,"commentCount":0,"publisher":{"@id":"https:\/\/revistaquiote.org\/#organization"},"image":{"@id":"https:\/\/revistaquiote.org\/?p=439#primaryimage"},"thumbnailUrl":"https:\/\/revistaquiote.org\/wp-content\/uploads\/2023\/10\/DanielaIvetteAguilar.png","articleSection":["N\u00daMERO CERO"],"inLanguage":"es","potentialAction":[{"@type":"CommentAction","name":"Comment","target":["https:\/\/revistaquiote.org\/?p=439#respond"]}]},{"@type":"WebPage","@id":"https:\/\/revistaquiote.org\/?p=439","url":"https:\/\/revistaquiote.org\/?p=439","name":"\u00bfPARA QU\u00c9 UNA EDITORIAL EN EL CAMBIO DE \u00c9POCA HACIA LA COMUNICACI\u00d3N DIGITAL?* - REVISTA QUIOTE","isPartOf":{"@id":"https:\/\/revistaquiote.org\/#website"},"primaryImageOfPage":{"@id":"https:\/\/revistaquiote.org\/?p=439#primaryimage"},"image":{"@id":"https:\/\/revistaquiote.org\/?p=439#primaryimage"},"thumbnailUrl":"https:\/\/revistaquiote.org\/wp-content\/uploads\/2023\/10\/DanielaIvetteAguilar.png","datePublished":"2023-10-13T00:00:55+00:00","dateModified":"2023-10-26T04:32:34+00:00","breadcrumb":{"@id":"https:\/\/revistaquiote.org\/?p=439#breadcrumb"},"inLanguage":"es","potentialAction":[{"@type":"ReadAction","target":["https:\/\/revistaquiote.org\/?p=439"]}]},{"@type":"ImageObject","inLanguage":"es","@id":"https:\/\/revistaquiote.org\/?p=439#primaryimage","url":"https:\/\/revistaquiote.org\/wp-content\/uploads\/2023\/10\/DanielaIvetteAguilar.png","contentUrl":"https:\/\/revistaquiote.org\/wp-content\/uploads\/2023\/10\/DanielaIvetteAguilar.png","width":1200,"height":2210},{"@type":"BreadcrumbList","@id":"https:\/\/revistaquiote.org\/?p=439#breadcrumb","itemListElement":[{"@type":"ListItem","position":1,"name":"Portada","item":"https:\/\/revistaquiote.org\/"},{"@type":"ListItem","position":2,"name":"\u00bfPARA QU\u00c9 UNA EDITORIAL EN EL CAMBIO DE \u00c9POCA HACIA LA COMUNICACI\u00d3N DIGITAL?*"}]},{"@type":"WebSite","@id":"https:\/\/revistaquiote.org\/#website","url":"https:\/\/revistaquiote.org\/","name":"REVISTA QUIOTE","description":"N\u00daMERO SEIS","publisher":{"@id":"https:\/\/revistaquiote.org\/#organization"},"potentialAction":[{"@type":"SearchAction","target":{"@type":"EntryPoint","urlTemplate":"https:\/\/revistaquiote.org\/?s={search_term_string}"},"query-input":{"@type":"PropertyValueSpecification","valueRequired":true,"valueName":"search_term_string"}}],"inLanguage":"es"},{"@type":"Organization","@id":"https:\/\/revistaquiote.org\/#organization","name":"REVISTA QUIOTE","url":"https:\/\/revistaquiote.org\/","logo":{"@type":"ImageObject","inLanguage":"es","@id":"https:\/\/revistaquiote.org\/#\/schema\/logo\/image\/","url":"https:\/\/revistaquiote.org\/wp-content\/uploads\/2023\/06\/Quiote-logo_01.png","contentUrl":"https:\/\/revistaquiote.org\/wp-content\/uploads\/2023\/06\/Quiote-logo_01.png","width":1042,"height":417,"caption":"REVISTA QUIOTE"},"image":{"@id":"https:\/\/revistaquiote.org\/#\/schema\/logo\/image\/"},"sameAs":["https:\/\/www.facebook.com\/profile.php?id=61581285934903&rdid=NyTBdLDXXt5DTPla&share_url=httpswww.facebook.comshare16XQGGa34v#","https:\/\/x.com\/RQuiote","https:\/\/www.instagram.com\/revista.quiote\/"]},{"@type":"Person","@id":"https:\/\/revistaquiote.org\/#\/schema\/person\/fa35a11eec4d21537bf2f0f7ab729ac9","name":"Alessandra Pradel Mora","image":{"@type":"ImageObject","inLanguage":"es","@id":"https:\/\/secure.gravatar.com\/avatar\/cb179e95abd92fbd3ccc7e60225ca305e60a877cdc2aae9478268188f91648bf?s=96&d=mm&r=g86224ed4db9bdbde5f7a0cf91ee04eef","url":"https:\/\/secure.gravatar.com\/avatar\/cb179e95abd92fbd3ccc7e60225ca305e60a877cdc2aae9478268188f91648bf?s=96&d=mm&r=g","contentUrl":"https:\/\/secure.gravatar.com\/avatar\/cb179e95abd92fbd3ccc7e60225ca305e60a877cdc2aae9478268188f91648bf?s=96&d=mm&r=g","caption":"Alessandra Pradel Mora"},"url":"https:\/\/revistaquiote.org\/?author=6"}]}},"jetpack_featured_media_url":"https:\/\/revistaquiote.org\/wp-content\/uploads\/2023\/10\/DanielaIvetteAguilar.png","jetpack_sharing_enabled":true,"authors":[{"term_id":82,"user_id":6,"is_guest":0,"slug":"alessandra_revistaweb","display_name":"Alessandra Pradel Mora","avatar_url":"https:\/\/secure.gravatar.com\/avatar\/cb179e95abd92fbd3ccc7e60225ca305e60a877cdc2aae9478268188f91648bf?s=96&d=mm&r=g","0":null,"1":"","2":"","3":"","4":"","5":"","6":"","7":"","8":""}],"_links":{"self":[{"href":"https:\/\/revistaquiote.org\/index.php?rest_route=\/wp\/v2\/posts\/439","targetHints":{"allow":["GET"]}}],"collection":[{"href":"https:\/\/revistaquiote.org\/index.php?rest_route=\/wp\/v2\/posts"}],"about":[{"href":"https:\/\/revistaquiote.org\/index.php?rest_route=\/wp\/v2\/types\/post"}],"author":[{"embeddable":true,"href":"https:\/\/revistaquiote.org\/index.php?rest_route=\/wp\/v2\/users\/6"}],"replies":[{"embeddable":true,"href":"https:\/\/revistaquiote.org\/index.php?rest_route=%2Fwp%2Fv2%2Fcomments&post=439"}],"version-history":[{"count":37,"href":"https:\/\/revistaquiote.org\/index.php?rest_route=\/wp\/v2\/posts\/439\/revisions"}],"predecessor-version":[{"id":569,"href":"https:\/\/revistaquiote.org\/index.php?rest_route=\/wp\/v2\/posts\/439\/revisions\/569"}],"wp:featuredmedia":[{"embeddable":true,"href":"https:\/\/revistaquiote.org\/index.php?rest_route=\/wp\/v2\/media\/559"}],"wp:attachment":[{"href":"https:\/\/revistaquiote.org\/index.php?rest_route=%2Fwp%2Fv2%2Fmedia&parent=439"}],"wp:term":[{"taxonomy":"category","embeddable":true,"href":"https:\/\/revistaquiote.org\/index.php?rest_route=%2Fwp%2Fv2%2Fcategories&post=439"},{"taxonomy":"post_tag","embeddable":true,"href":"https:\/\/revistaquiote.org\/index.php?rest_route=%2Fwp%2Fv2%2Ftags&post=439"},{"taxonomy":"author","embeddable":true,"href":"https:\/\/revistaquiote.org\/index.php?rest_route=%2Fwp%2Fv2%2Fppma_author&post=439"}],"curies":[{"name":"wp","href":"https:\/\/api.w.org\/{rel}","templated":true}]}}